{"id":22790,"date":"2023-11-30T00:50:55","date_gmt":"2023-11-30T03:50:55","guid":{"rendered":"https:\/\/www.jornaldaconstrucaocivil.com.br\/?p=22790"},"modified":"2023-11-30T00:50:55","modified_gmt":"2023-11-30T03:50:55","slug":"comunidades-quilombolas-do-para-celebram-formacao-profissional","status":"publish","type":"post","link":"https:\/\/construcaocivil.siriusmarketingedesign.com.br\/?p=22790","title":{"rendered":"Comunidades quilombolas do Par\u00e1 celebram forma\u00e7\u00e3o profissional"},"content":{"rendered":"<p><span style=\"color: #993300;\"><i>Aproximadamente 100 pessoas se formaram por meio do Programa de Capacita\u00e7\u00e3o Profissional, parceria entre a Hydro e o Senai<\/i><\/span><\/p>\n<p>Alinhada \u00e0 estrat\u00e9gia de contribuir com o desenvolvimento das comunidades vizinhas de suas unidades, a Hydro promove, em parceria com o Senai, o Programa de Capacita\u00e7\u00e3o Profissional. Representando um investimento de mais de R\uff04 2 milh\u00f5es s\u00f3 em 2023, o objetivo \u00e9 fornecer cursos profissionalizantes para os moradores dessas comunidades, al\u00e9m de deixar um legado de conhecimento que suporte o desenvolvimento econ\u00f4mico e social de forma sustent\u00e1vel. O \u00faltimo ciclo formou cerca de 100 pessoas dos munic\u00edpios de Acar\u00e1, Moju e Tom\u00e9-A\u00e7u, no Par\u00e1.<br \/>\n&#8220;O diferencial deste programa \u00e9 que, junto ao Senai, formatamos os cursos para a realidade da comunidade. Hoje, n\u00f3s sabemos que muitas comunidades ainda n\u00e3o t\u00eam infraestrutura e os moradores n\u00e3o t\u00eam como ir at\u00e9 as bases do Senai. Ent\u00e3o, levamos as unidades m\u00f3veis para dentro das comunidades onde se mant\u00e9m o conforto e seguran\u00e7a para realizar os cursos. A grade \u00e9 estabelecida a partir das necessidades apontadas nos di\u00e1logos com as comunidades. Desta forma, buscamos continuar contribuindo para o desenvolvimento social, econ\u00f4mico e sustent\u00e1vel da regi\u00e3o, fortalecendo o relacionamento entre a empresa e as comunidades&#8221;, comenta Eduardo Bustamante, gerente de Di\u00e1logo e Engajamento da Hydro.<br \/>\nA iniciativa \u00e9 fruto do di\u00e1logo com as comunidades onde a empresa atua. Eltiane Ribeiro, moradora do territ\u00f3rio quilombola do Jambua\u00e7u, no munic\u00edpio paraense de Moju, trabalha com produ\u00e7\u00e3o de salgados e bolos para contribuir para a renda da fam\u00edlia. &#8220;Quando eu recebo encomendas para anivers\u00e1rios, eventos, eu acho muita responsabilidade e n\u00e3o tenho coragem de pegar ainda. Quero ter a confian\u00e7a e o conhecimento para isso&#8221;, comenta. E quando a oportunidade chegou, ela aproveitou. Em outubro, Eltiane participou da primeira aula do curso de Confeitaria oferecido pelo Senai dentro da sua comunidade.<br \/>\n&#8220;A expectativa sempre \u00e9 a melhor poss\u00edvel pois, por meio deste curso, os alunos ter\u00e3o a oportunidade de colocar a m\u00e3o na massa e absorver conhecimentos te\u00f3ricos e pr\u00e1ticos. A partir disso, v\u00e3o poder desenvolver produtos de forma satisfat\u00f3ria no ambiente de casa ou mesmo fora, empreendendo e revertendo isso em gera\u00e7\u00e3o de renda&#8221;, conta Erla Mathias, instrutora de cursos na \u00e1rea de Alimentos pelo Senai.<br \/>\nA estudante de Letras Elma Viana \u00e9 um bom exemplo disso. Ela fez o curso de Confeitaria na comunidade Jo\u00e3o Lobo, no Acar\u00e1; recebeu o certificado de conclus\u00e3o em outubro e j\u00e1 colocou em pr\u00e1tica tudo que aprendeu, vendendo donuts, bolos e muito mais. Para ela, o pr\u00f3ximo passo \u00e9 aperfei\u00e7oar o que aprendeu no curso. &#8220;O Senai e a Hydro trouxeram a capacita\u00e7\u00e3o e agora vamos buscar os melhores materiais, investir em m\u00e1quinas e equipamentos, para cada vez mais produzirmos com qualidade&#8221;, conclui.<\/p>\n<p>&nbsp;<\/p>\n<p><strong>Novos ciclos<\/strong><\/p>\n<p>A iniciativa da Hydro j\u00e1 beneficiou mais de 700 pessoas. At\u00e9 agosto deste ano, foram abertas 285 vagas e 8 cursos foram ofertados para sete comunidades. Somente em outubro deste ano, o Programa de Capacita\u00e7\u00e3o Profissional formou aproximadamente 100 alunos em quatro cursos.<br \/>\nO pescador S\u00e9rgio Cardoso foi um desses formandos e recebeu seu certificado do curso de Soldador em cerim\u00f4nia na Casa Familiar Rural, tamb\u00e9m no Jambua\u00e7u: &#8220;A palavra \u00e9 gratid\u00e3o de poder receber o certificado no lugar onde fui nascido e criado. Eu tive a oportunidade de fazer o curso junto ao meu pai, de 52 anos, e foi uma experi\u00eancia \u00fanica descobrirmos juntos tanto conhecimento. Come\u00e7amos um curso complexo do zero e agora estamos nos formando, isso \u00e9 muito bom.&#8221;<\/p>\n","protected":false},"excerpt":{"rendered":"<p>Aproximadamente 100 pessoas se formaram por meio do Programa de Capacita\u00e7\u00e3o Profissional, parceria entre a Hydro e o Senai Alinhada \u00e0 estrat\u00e9gia de contribuir com o desenvolvimento das comunidades vizinhas de suas unidades, a Hydro promove, em parceria com o Senai, o Programa de Capacita\u00e7\u00e3o Profissional. Representando um investimento de mais de R\uff04 2 milh\u00f5es [&hellip;]<\/p>\n","protected":false},"author":1,"featured_media":22791,"comment_status":"open","ping_status":"open","sticky":false,"template":"","format":"standard","meta":{"_uag_custom_page_level_css":"","footnotes":""},"categories":[27],"tags":[24757,25939,25942,3971,13428,25940,25941,14662,10873,14529],"class_list":["post-22790","post","type-post","status-publish","format-standard","has-post-thumbnail","hentry","category-acontece","tag-servicosdeengenharia","tag-acara","tag-comunidades-quilombolas-do-para","tag-educacao-profissional","tag-hydro","tag-moju-t","tag-ome-acu","tag-regiao-amazonica","tag-senai","tag-soldador"],"blocksy_meta":[],"spectra_blocks_featured_image_url":{"thumbnail":{"url":"https:\/\/construcaocivil.siriusmarketingedesign.com.br\/wp-content\/uploads\/2023\/11\/HYDRO-150x150.jpg","width":150,"height":150},"medium":{"url":"https:\/\/construcaocivil.siriusmarketingedesign.com.br\/wp-content\/uploads\/2023\/11\/HYDRO-300x169.jpg","width":300,"height":169},"medium_large":{"url":"https:\/\/construcaocivil.siriusmarketingedesign.com.br\/wp-content\/uploads\/2023\/11\/HYDRO-768x432.jpg","width":768,"height":432},"large":{"url":"https:\/\/construcaocivil.siriusmarketingedesign.com.br\/wp-content\/uploads\/2023\/11\/HYDRO-1024x575.jpg","width":1024,"height":575},"full":{"url":"https:\/\/construcaocivil.siriusmarketingedesign.com.br\/wp-content\/uploads\/2023\/11\/HYDRO.jpg","width":1600,"height":899}},"spectra_blocks_author_info":{"display_name":"Jornal da Constru\u00e7\u00e3o Civil","avatar_url":"https:\/\/secure.gravatar.com\/avatar\/973c9774fd44ddaceb026973c4962faa70fc512bc4c9da68e8ebb40fecee6540?s=96&d=mm&r=g","author_link":"https:\/\/construcaocivil.siriusmarketingedesign.com.br\/?author=1","description":"Desde de 2013, levando muitas informa\u00e7\u00f5es, lan\u00e7amentos e produtos de qualidade para toda cadeia produtiva da constru\u00e7\u00e3o. O Futuro da constru\u00e7\u00e3o passa por aqui,"},"uagb_featured_image_src":{"full":["https:\/\/construcaocivil.siriusmarketingedesign.com.br\/wp-content\/uploads\/2023\/11\/HYDRO.jpg",1600,899,false],"thumbnail":["https:\/\/construcaocivil.siriusmarketingedesign.com.br\/wp-content\/uploads\/2023\/11\/HYDRO-150x150.jpg",150,150,true],"medium":["https:\/\/construcaocivil.siriusmarketingedesign.com.br\/wp-content\/uploads\/2023\/11\/HYDRO-300x169.jpg",300,169,true],"medium_large":["https:\/\/construcaocivil.siriusmarketingedesign.com.br\/wp-content\/uploads\/2023\/11\/HYDRO-768x432.jpg",768,432,true],"large":["https:\/\/construcaocivil.siriusmarketingedesign.com.br\/wp-content\/uploads\/2023\/11\/HYDRO-1024x575.jpg",1024,575,true],"1536x1536":["https:\/\/construcaocivil.siriusmarketingedesign.com.br\/wp-content\/uploads\/2023\/11\/HYDRO-1536x863.jpg",1536,863,true],"2048x2048":["https:\/\/construcaocivil.siriusmarketingedesign.com.br\/wp-content\/uploads\/2023\/11\/HYDRO.jpg",1600,899,false]},"uagb_author_info":{"display_name":"Jornal da Constru\u00e7\u00e3o Civil","author_link":"https:\/\/construcaocivil.siriusmarketingedesign.com.br\/?author=1"},"uagb_comment_info":0,"uagb_excerpt":"Aproximadamente 100 pessoas se formaram por meio do Programa de Capacita\u00e7\u00e3o Profissional, parceria entre a Hydro e o Senai Alinhada \u00e0 estrat\u00e9gia de contribuir com o desenvolvimento das comunidades vizinhas de suas unidades, a Hydro promove, em parceria com o Senai, o Programa de Capacita\u00e7\u00e3o Profissional. Representando um investimento de mais de R\uff04 2 milh\u00f5es&hellip;","_links":{"self":[{"href":"https:\/\/construcaocivil.siriusmarketingedesign.com.br\/index.php?rest_route=\/wp\/v2\/posts\/22790","targetHints":{"allow":["GET"]}}],"collection":[{"href":"https:\/\/construcaocivil.siriusmarketingedesign.com.br\/index.php?rest_route=\/wp\/v2\/posts"}],"about":[{"href":"https:\/\/construcaocivil.siriusmarketingedesign.com.br\/index.php?rest_route=\/wp\/v2\/types\/post"}],"author":[{"embeddable":true,"href":"https:\/\/construcaocivil.siriusmarketingedesign.com.br\/index.php?rest_route=\/wp\/v2\/users\/1"}],"replies":[{"embeddable":true,"href":"https:\/\/construcaocivil.siriusmarketingedesign.com.br\/index.php?rest_route=%2Fwp%2Fv2%2Fcomments&post=22790"}],"version-history":[{"count":0,"href":"https:\/\/construcaocivil.siriusmarketingedesign.com.br\/index.php?rest_route=\/wp\/v2\/posts\/22790\/revisions"}],"wp:featuredmedia":[{"embeddable":true,"href":"https:\/\/construcaocivil.siriusmarketingedesign.com.br\/index.php?rest_route=\/wp\/v2\/media\/22791"}],"wp:attachment":[{"href":"https:\/\/construcaocivil.siriusmarketingedesign.com.br\/index.php?rest_route=%2Fwp%2Fv2%2Fmedia&parent=22790"}],"wp:term":[{"taxonomy":"category","embeddable":true,"href":"https:\/\/construcaocivil.siriusmarketingedesign.com.br\/index.php?rest_route=%2Fwp%2Fv2%2Fcategories&post=22790"},{"taxonomy":"post_tag","embeddable":true,"href":"https:\/\/construcaocivil.siriusmarketingedesign.com.br\/index.php?rest_route=%2Fwp%2Fv2%2Ftags&post=22790"}],"curies":[{"name":"wp","href":"https:\/\/api.w.org\/{rel}","templated":true}]}}