{"id":2280,"date":"2016-06-24T17:10:04","date_gmt":"2016-06-24T17:10:04","guid":{"rendered":"http:\/\/www.jornaldaconstrucaocivil.com.br\/?p=2280"},"modified":"2016-06-24T17:10:04","modified_gmt":"2016-06-24T17:10:04","slug":"arco-norte-complementacao-logistica-para-fortalecer-o-desenvolvimento-regional","status":"publish","type":"post","link":"https:\/\/construcaocivil.siriusmarketingedesign.com.br\/?p=2280","title":{"rendered":"Arco Norte: complementa\u00e7\u00e3o log\u00edstica para fortalecer o desenvolvimento regional"},"content":{"rendered":"<p><strong><span style=\"color: #000000;\"><em>Minist\u00e9rio da Integra\u00e7\u00e3o investe nas cadeias produtivas dos estados e incentiva a ind\u00fastria em diversas \u00e1reas<\/em><\/span><\/strong><\/p>\n<p><span style=\"color: #000000;\"><em>\u00a0<\/em>Bras\u00edlia-DF, 24\/6\/2016 &#8211; O aperfei\u00e7oamento da infraestrutura do Arco Norte vai estimular e promover o desenvolvimento regional a partir da integra\u00e7\u00e3o log\u00edstica, gera\u00e7\u00e3o de emprego e renda na regi\u00e3o. A import\u00e2ncia dessa rota pelos estados de Rond\u00f4nia, Amazonas, Amap\u00e1, Par\u00e1, Maranh\u00e3o, at\u00e9 a Bahia foi discutida nesta sexta-feira (24) por representantes de governos e da iniciativa privada, em Santar\u00e9m (PA).<\/span><\/p>\n<p><span style=\"color: #000000;\">Com aportes de mais de R$ 13 bilh\u00f5es em financiamentos para a ind\u00fastria e cerca de R$ 11 milh\u00f5es em cadeias produtivas nos estados do Arco Norte, o Minist\u00e9rio da Integra\u00e7\u00e3o Nacional tem interesse em estimular a combina\u00e7\u00e3o de diferentes modais log\u00edsticos para o escoamento da produ\u00e7\u00e3o.<\/span><\/p>\n<p><span style=\"color: #000000;\"><strong>\u00a0<\/strong>\u201cEstamos unindo sinergias para que as produ\u00e7\u00f5es da regi\u00e3o encontrem um novo caminho no Arco Norte, que \u00e9 um caminho de desenvolvimento para nossa regi\u00e3o\u201d, afirmou Helder Barbalho. De acordo com o ministro, a uni\u00e3o de desenvolvimento econ\u00f4mico com meio ambiente \u00e9 uma forma de viabilizar projetos estruturantes e consequentemente, \u00a0propiciar\u00e1 novos postos de trabalho e renda para a regi\u00e3o Norte. \u201c\u00c9 importante compatibilizar a necessidade de crescimento econ\u00f4mico com a sustentabilidade. Este equil\u00edbrio \u00e9 um exerc\u00edcio que deve ser feito por todos n\u00f3s\u201d.<\/span><\/p>\n<p><span style=\"color: #000000;\">Durante seu discurso, o ministro Helder Barbalho destacou a import\u00e2ncia dos Fundos Regionais para o desenvolvimento regional. \u201cEstamos \u00e0 disposi\u00e7\u00e3o para que os Fundos possam facilitar que novos empreendimentos contribuam para o fortalecimento da nossa regi\u00e3o\u201d, disse.<\/span><\/p>\n<p><span style=\"color: #000000;\"><strong>\u00a0<\/strong><strong>Projetos<\/strong><\/span><\/p>\n<p><span style=\"color: #000000;\">Somente entre 2015 e junho de 2016, o Minist\u00e9rio da Integra\u00e7\u00e3o Nacional, atuando por meio Superintend\u00eancia de Desenvolvimento do Nordeste (Sudene), aprovou 106 projetos nos estados da Bahia e do Maranh\u00e3o, com financiamentos da ordem de R$ 9,4 bilh\u00f5es. S\u00e3o recursos, por exemplo, para ind\u00fastrias de celulose, minera\u00e7\u00e3o, energia e cal\u00e7ados.<\/span><\/p>\n<p><span style=\"color: #000000;\"><strong>\u00a0<\/strong>J\u00e1 na regi\u00e3o Norte, no mesmo per\u00edodo, a Superintend\u00eancia de Desenvolvimento da Amaz\u00f4nia (Sudam) aprovou 174 projetos para implanta\u00e7\u00e3o de novas empresas e expans\u00e3o de empreendimentos em diversas \u00e1reas. Os recursos autorizados somam quase R$ 4 bilh\u00f5es e beneficiam ind\u00fastrias de couro, cimento, nutri\u00e7\u00e3o animal, fertilizantes, produtos aliment\u00edcios, agropecu\u00e1rios, farmac\u00eauticos, entre outras.<\/span><\/p>\n<p><span style=\"color: #000000;\">A Sudam tamb\u00e9m apoia financeiramente a realiza\u00e7\u00e3o de estudos de microeixos para o transporte de cargas em estados das regi\u00f5es Norte e Nordeste. E j\u00e1 aprovou a utiliza\u00e7\u00e3o de recursos do Fundo de Desenvolvimento da Amaz\u00f4nia (FDA) para dois projetos log\u00edsticos na \u00e1rea de portos: R$ 900 milh\u00f5es na implanta\u00e7\u00e3o de um terminal de uso misto, em S\u00e3o Lu\u00eds (MA), e R$ 76 milh\u00f5es na amplia\u00e7\u00e3o e adequa\u00e7\u00e3o do terminal portu\u00e1rio Ponta da Montanha, na regi\u00e3o de Barcarena (PA).<\/span><\/p>\n<p><span style=\"color: #000000;\">Al\u00e9m de apoiar o desenvolvimento industrial, o Minist\u00e9rio tamb\u00e9m atua na regi\u00e3o Norte por meio do programa Rotas da Integra\u00e7\u00e3o Nacional, que destinou quase R$ 8 milh\u00f5es para capacita\u00e7\u00e3o de produtores e estrutura\u00e7\u00e3o de cadeias produtivas locais. O aporte de recursos para a Rota do Peixe no Amap\u00e1 contempla a\u00e7\u00f5es de beneficiamento de camar\u00e3o e tamb\u00e9m de frutas regionais. No Par\u00e1, a Rota da Fruta recebeu incentivos de R$ 3 milh\u00f5es para ampliar a capacidade produtiva de aproximadamente 500 produtores. Um n\u00facleo tecnol\u00f3gico voltado \u00e0 hortifruticultura, composto de laborat\u00f3rio e biof\u00e1brica, dever\u00e1 ser inaugurado em setembro deste ano.<\/span><\/p>\n<p><span style=\"color: #000000;\"><strong>F\u00f3rum<\/strong><\/span><\/p>\n<p><span style=\"color: #000000;\"><strong>\u00a0<\/strong>O ministro Helder Barbalho participou nesta sexta-feira (24) do encontro promovido pelo Centro de Estudos e Debates Estrat\u00e9gicos (Cedes) da C\u00e2mara dos Deputados, que iniciou em 2015 as discuss\u00f5es sobre a amplia\u00e7\u00e3o de investimentos no Arco Norte. Os estudos abrangem as \u00e1reas de planejamento e pol\u00edtica de transportes, integra\u00e7\u00e3o intermodal, log\u00edstica e licenciamento ambiental, dentre outras.<\/span><\/p>\n<p><span style=\"color: #000000;\">O Arco Norte \u00e9 considerado uma das principais alternativas para desafogar, por exemplo, a log\u00edstica de exporta\u00e7\u00e3o de soja e milho no pa\u00eds, j\u00e1 que o escoamento da produ\u00e7\u00e3o de gr\u00e3os produzidos no Centro-Oeste evitaria rotas mais longas e com custos mais elevados rumo ao Sul e Sudeste.<\/span><\/p>\n<p><span style=\"color: #000000;\">S\u00f3 este ano os portos do Arco Norte devem escoar 25,5 milh\u00f5es de toneladas de soja e milho, segundo estimativas do Minist\u00e9rio da Agricultura, Pecu\u00e1ria e Abastecimento (Mapa). Entre 2009 e 2015, o volume de exporta\u00e7\u00f5es desses gr\u00e3os registrou um aumento superior a 170% &#8211; de 7 milh\u00f5es para 19,4 milh\u00f5es de toneladas.<\/span><\/p>\n<p><span style=\"color: #993300;\">Fonte:\u00a0Assessoria de Comunica\u00e7\u00e3o Social do\u00a0Minist\u00e9rio\u00a0da\u00a0Integra\u00e7\u00e3o Nacional<\/span><\/p>\n<p>&nbsp;<\/p>\n<p>&nbsp;<\/p>\n","protected":false},"excerpt":{"rendered":"<p>Minist\u00e9rio da Integra\u00e7\u00e3o investe nas cadeias produtivas dos estados e incentiva a ind\u00fastria em diversas \u00e1reas \u00a0Bras\u00edlia-DF, 24\/6\/2016 &#8211; O aperfei\u00e7oamento da infraestrutura do Arco Norte vai estimular e promover o desenvolvimento regional a partir da integra\u00e7\u00e3o log\u00edstica, gera\u00e7\u00e3o de emprego e renda na regi\u00e3o. A import\u00e2ncia dessa rota pelos estados de Rond\u00f4nia, Amazonas, Amap\u00e1, [&hellip;]<\/p>\n","protected":false},"author":1,"featured_media":0,"comment_status":"open","ping_status":"open","sticky":false,"template":"","format":"standard","meta":{"_uag_custom_page_level_css":"","footnotes":""},"categories":[27],"tags":[854,3521,6107,7755,10506,11432],"class_list":["post-2280","post","type-post","status-publish","format-standard","hentry","category-acontece","tag-arco-norte","tag-desenvolvimento-da-regiao-norte","tag-infraestrutura-e-logistica","tag-ministro-helder-barbalho","tag-rotas-da-integracao-nacional","tag-sudam"],"blocksy_meta":[],"spectra_blocks_featured_image_url":null,"spectra_blocks_author_info":{"display_name":"Jornal da Constru\u00e7\u00e3o Civil","avatar_url":"https:\/\/secure.gravatar.com\/avatar\/973c9774fd44ddaceb026973c4962faa70fc512bc4c9da68e8ebb40fecee6540?s=96&d=mm&r=g","author_link":"https:\/\/construcaocivil.siriusmarketingedesign.com.br\/?author=1","description":"Desde de 2013, levando muitas informa\u00e7\u00f5es, lan\u00e7amentos e produtos de qualidade para toda cadeia produtiva da constru\u00e7\u00e3o. O Futuro da constru\u00e7\u00e3o passa por aqui,"},"uagb_featured_image_src":{"full":false,"thumbnail":false,"medium":false,"medium_large":false,"large":false,"1536x1536":false,"2048x2048":false},"uagb_author_info":{"display_name":"Jornal da Constru\u00e7\u00e3o Civil","author_link":"https:\/\/construcaocivil.siriusmarketingedesign.com.br\/?author=1"},"uagb_comment_info":0,"uagb_excerpt":"Minist\u00e9rio da Integra\u00e7\u00e3o investe nas cadeias produtivas dos estados e incentiva a ind\u00fastria em diversas \u00e1reas \u00a0Bras\u00edlia-DF, 24\/6\/2016 &#8211; O aperfei\u00e7oamento da infraestrutura do Arco Norte vai estimular e promover o desenvolvimento regional a partir da integra\u00e7\u00e3o log\u00edstica, gera\u00e7\u00e3o de emprego e renda na regi\u00e3o. A import\u00e2ncia dessa rota pelos estados de Rond\u00f4nia, Amazonas, Amap\u00e1,&hellip;","_links":{"self":[{"href":"https:\/\/construcaocivil.siriusmarketingedesign.com.br\/index.php?rest_route=\/wp\/v2\/posts\/2280","targetHints":{"allow":["GET"]}}],"collection":[{"href":"https:\/\/construcaocivil.siriusmarketingedesign.com.br\/index.php?rest_route=\/wp\/v2\/posts"}],"about":[{"href":"https:\/\/construcaocivil.siriusmarketingedesign.com.br\/index.php?rest_route=\/wp\/v2\/types\/post"}],"author":[{"embeddable":true,"href":"https:\/\/construcaocivil.siriusmarketingedesign.com.br\/index.php?rest_route=\/wp\/v2\/users\/1"}],"replies":[{"embeddable":true,"href":"https:\/\/construcaocivil.siriusmarketingedesign.com.br\/index.php?rest_route=%2Fwp%2Fv2%2Fcomments&post=2280"}],"version-history":[{"count":0,"href":"https:\/\/construcaocivil.siriusmarketingedesign.com.br\/index.php?rest_route=\/wp\/v2\/posts\/2280\/revisions"}],"wp:attachment":[{"href":"https:\/\/construcaocivil.siriusmarketingedesign.com.br\/index.php?rest_route=%2Fwp%2Fv2%2Fmedia&parent=2280"}],"wp:term":[{"taxonomy":"category","embeddable":true,"href":"https:\/\/construcaocivil.siriusmarketingedesign.com.br\/index.php?rest_route=%2Fwp%2Fv2%2Fcategories&post=2280"},{"taxonomy":"post_tag","embeddable":true,"href":"https:\/\/construcaocivil.siriusmarketingedesign.com.br\/index.php?rest_route=%2Fwp%2Fv2%2Ftags&post=2280"}],"curies":[{"name":"wp","href":"https:\/\/api.w.org\/{rel}","templated":true}]}}