{"id":22808,"date":"2023-12-02T08:44:55","date_gmt":"2023-12-02T11:44:55","guid":{"rendered":"https:\/\/www.jornaldaconstrucaocivil.com.br\/?p=22808"},"modified":"2023-12-02T08:44:55","modified_gmt":"2023-12-02T11:44:55","slug":"projetos-na-cadeia-produtiva-se-destacam-como-finalistas-do-premio-cbic-2023","status":"publish","type":"post","link":"https:\/\/construcaocivil.siriusmarketingedesign.com.br\/?p=22808","title":{"rendered":"Projetos na Cadeia Produtiva se destacam como finalistas do Pr\u00eamio CBIC 2023"},"content":{"rendered":"<p style=\"text-align: justify;\"><em>Ag\u00eancia CBIC<\/em><\/p>\n<p style=\"text-align: justify;\">\n<p style=\"text-align: justify;\">No cen\u00e1rio empresarial contempor\u00e2neo, a responsabilidade social tornou-se uma pauta essencial, impulsionando iniciativas que transcendem os limites corporativos e buscam impactar positivamente comunidades e o meio ambiente. No \u00e2mbito do\u00a0<b>Pr\u00eamio CBIC de Responsabilidade 2023\u00a0<\/b><b>\u2013 Trof\u00e9u Paulo Safady Sim\u00e3o<\/b>,\u00a0promovido pela C\u00e2mara Brasileira da Ind\u00fastria da Constru\u00e7\u00e3o (CBIC), dois projetos finalistas na categoria Cadeia Produtiva merecem destaque: \u201cCoral Mulheres na Cor\u201d, da Akzo Nobel, e o \u201cRede Transformar\u201d, da Votorantim Cimentos.<\/p>\n<p style=\"text-align: justify;\">Em entrevista ao\u00a0<b>CBIC Hoje<\/b>, a gestora de sustentabilidade da Akzo Nobel, Fl\u00e1via Takeuchi, compartilhou detalhes sobre o projeto e a ideia por tr\u00e1s do \u201cCoral Mulheres na Cor\u201d. De acordo com a gestora, o projeto nasceu da conscientiza\u00e7\u00e3o sobre equidade de g\u00eanero.<\/p>\n<p style=\"text-align: justify;\">\u201dA ideia surgiu ap\u00f3s a realiza\u00e7\u00e3o de a\u00e7\u00f5es de sensibiliza\u00e7\u00e3o sobre equidade de g\u00eanero. Ao final de um dos treinamentos, os colaboradores do time de vendas de repintura automotiva firmaram um compromisso para contribuir com a equidade de g\u00eanero, dando origem ao Mulheres na Cor em 2021 em parceria com outras empresas. Em 2022, expandimos o projeto para a \u00e1rea de pintura decorativa, com o projeto Coral Mulheres na Cor, dando in\u00edcio a esta jornada de 2 anos de projetos\u201d, explicou.<\/p>\n<p style=\"text-align: justify;\">O projeto visa capacitar mulheres na \u00e1rea de pintura, trazendo transforma\u00e7\u00f5es significativas para as participantes e suas comunidades. Ao finalizar o curso, as mulheres experimentaram uma melhora de 10% na qualidade de vida, conforme revelado por testes da Organiza\u00e7\u00e3o Mundial de Sa\u00fade. Al\u00e9m disso, houve impactos diretos na empregabilidade, com mulheres permanecendo nas empresas por mais de um ano.<\/p>\n<p style=\"text-align: justify;\">Fl\u00e1via Takeuchi destacou o papel fundamental da ONG\u00a0Fazendinha\u00a0na regi\u00e3o do Jardim Colombo, onde as mulheres formadas no projeto continuam contribuindo como volunt\u00e1rias, ampliando os benef\u00edcios para a comunidade.<\/p>\n<p style=\"text-align: justify;\">Os desafios enfrentados pelo projeto foram relacionados \u00e0 vulnerabilidade das participantes, envolvendo quest\u00f5es familiares acumuladas ao longo dos anos. A equipe lidou com esses desafios por meio de um trabalho intenso de resgate de autoestima, mentorias individualizadas e apoio financeiro e emocional.<\/p>\n<p style=\"text-align: justify;\">O projeto n\u00e3o se limita apenas \u00e0 capacita\u00e7\u00e3o, mas tamb\u00e9m busca promover a sustentabilidade na cadeia produtiva da pintura. A abordagem envolve toda a cadeia de valor, desde fornecedores e colaboradores at\u00e9 clientes e institui\u00e7\u00f5es de ensino. A campanha \u201cRenove com elas\u201d, estrelada pelas pr\u00f3prias mulheres participantes, destaca hist\u00f3rias de transforma\u00e7\u00e3o, incentivando os consumidores a contratarem mulheres para pintar suas casas.<\/p>\n<p style=\"text-align: justify;\">Fl\u00e1via Takeuchi ressalta a import\u00e2ncia do reconhecimento do Pr\u00eamio CBIC de Responsabilidade Social 2023. \u201cO reconhecimento ampliaria a mensagem do projeto da import\u00e2ncia da representatividade feminina no setor da constru\u00e7\u00e3o, contribuindo para sua maior empregabilidade. O projeto tem transformado a vida de muitas mulheres e suas fam\u00edlias e, para tanto, \u00e9 necess\u00e1rio o envolvimento de diversos atores\u201d, ressaltou.<\/p>\n<p style=\"text-align: justify;\"><b>Rede Transformar<\/b><\/p>\n<p style=\"text-align: justify;\">Sobre o \u201cRede Transformar\u201d, a gerente de transforma\u00e7\u00e3o social da Votorantim Cimentos, Priscilla Alvarenga, compartilhou os bastidores e os impactos do projeto, que \u00e9 um movimento que visa unir empresas em prol do desenvolvimento de comunidades, com foco espec\u00edfico na mitiga\u00e7\u00e3o do d\u00e9ficit habitacional e nos desafios emergentes da crise clim\u00e1tica.<\/p>\n<p style=\"text-align: justify;\">A inspira\u00e7\u00e3o por tr\u00e1s da \u201cRede Transformar\u201d foi revelada pela representante da Votorantim Cimentos que, segundo ela, veio da oportunidade de criar um movimento em rede que pudesse ampliar a pot\u00eancia do impacto social. \u201cO que inspirou a Rede Transformar foi desenvolver uma iniciativa plural e multissetorial que reunisse empresas para promover o desenvolvimento de comunidades e que buscasse minimizar os impactos de desafios importantes e urgentes: o d\u00e9ficit habitacional e a emerg\u00eancia clim\u00e1tica\u201d, explicou Priscilla Alvarenga.<\/p>\n<p style=\"text-align: justify;\">O projeto tem como foco central a melhoria habitacional b\u00e1sica em comunidades de baixa renda, proporcionando impactos significativos na sa\u00fade, seguran\u00e7a e qualidade de vida dos benefici\u00e1rios. Um exemplo concreto \u00e9 a hist\u00f3ria da fam\u00edlia Silva, residente na comunidade de Heli\u00f3polis h\u00e1 mais de 20 anos. Com a ajuda da \u201cRede Transformar\u201d, a casa de Maria Gertrudes, uma mulher de 64 anos, chefe de fam\u00edlia e benefici\u00e1ria do programa Bolsa Fam\u00edlia, foi reformada, proporcionando melhorias essenciais. \u201dEstou agradecendo a equipe da Habitat e a equipe da Votorantim Cimentos pela reforma da minha casa. Pela pintura, pelo reboco, rebocaram minha escada, rebocaram aqui em cima, quero agradecer de cora\u00e7\u00e3o\u201d, agradeceu a beneficiada.<\/p>\n<p style=\"text-align: justify;\">A parceria estrat\u00e9gica com a Habitat para a Humanidade e o Prosas tem sido fundamental para fortalecer o alcance e a efic\u00e1cia do projeto. \u201cO hist\u00f3rico positivo de relacionamento com essas organiza\u00e7\u00f5es, os atributos t\u00e9cnicos de execu\u00e7\u00e3o, reputa\u00e7\u00e3o e o legado de cada um deles foram fatores decisivos para que eles fossem convidados a atuar nessa iniciativa e gerar resultados positivos para cada uma das frentes\u201d, ressaltou a gestora da Votorantim Cimentos.<\/p>\n<p style=\"text-align: justify;\">Al\u00e9m do impacto habitacional, a \u201cRede Transformar\u201d direciona esfor\u00e7os para o fortalecimento de florestas nativas, alinhando-se a diversas tem\u00e1ticas do edital, como Meio Ambiente, Redu\u00e7\u00e3o do Desmatamento, Inova\u00e7\u00e3o e Tecnologia, entre outras. Segundo Priscilla, a integra\u00e7\u00e3o entre objetivos ambientais e sociais \u00e9 evidente, contribuindo para o desenvolvimento socioecon\u00f4mico das comunidades envolvidas.<\/p>\n<p style=\"text-align: justify;\">Quando questionada sobre os maiores desafios enfrentados durante a implementa\u00e7\u00e3o do projeto, a representante da Votorantim Cimentos enfatiza a dedica\u00e7\u00e3o \u00e0 capta\u00e7\u00e3o de recursos, destacando que, apesar dos desafios, a iniciativa foi desenvolvida com cuidado e flexibilidade para ajustes cont\u00ednuos.<\/p>\n<p style=\"text-align: justify;\">No que diz respeito ao futuro, as metas ambiciosas da \u201cRede Transformar\u201d incluem a realiza\u00e7\u00e3o de 700 reformas e o apoio a 38 neg\u00f3cios em bioeconomia at\u00e9 2030. A busca por parcerias adicionais visa ampliar a capacidade de impacto social positivo, refor\u00e7ando o compromisso da Votorantim Cimentos com a promo\u00e7\u00e3o de mudan\u00e7as significativas.<\/p>\n<p style=\"text-align: justify;\">O Pr\u00eamio CBIC de Responsabilidade Social reconhece n\u00e3o apenas o trabalho \u00e1rduo e inovador na ind\u00fastria da constru\u00e7\u00e3o, mas tamb\u00e9m inspira a comunidade a buscar constantemente maneiras de impactar positivamente a sociedade por meio de suas atividades e projetos.<\/p>\n<p style=\"text-align: justify;\">O p\u00fablico est\u00e1 convidado a escolher o melhor projeto em cada categoria. Para isso, basta entrar no site do pr\u00eamio:\u00a0<a href=\"https:\/\/www.cbic.org.br\/premioresponsabilidadesocial\/\">https:\/\/www.cbic.org.br\/premioresponsabilidadesocial\/<\/a>\u00a0das 12h do dia 21\/11, ate\u0301 23h59 do dia 10\/12. Os vencedores (primeiro lugar) de cada categoria ser\u00e3o anunciados AO VIVO em uma cerim\u00f4nia de premia\u00e7\u00e3o programada para ocorrer no dia 12 de dezembro de 2023 em Bras\u00edlia.<\/p>\n<p style=\"text-align: justify;\">O pr\u00eamio integra o\u00a0projeto \u201cResponsabilidade Social na Ind\u00fastria da Constru\u00e7\u00e3o\u201d,\u00a0uma realiza\u00e7\u00e3o da Comiss\u00e3o de Responsabilidade Social da C\u00e2mara Brasileira da Ind\u00fastria da Constru\u00e7\u00e3o (CRS\/CBIC), com a correaliza\u00e7\u00e3o do SESI Nacional.<\/p>\n","protected":false},"excerpt":{"rendered":"<p>Ag\u00eancia CBIC No cen\u00e1rio empresarial contempor\u00e2neo, a responsabilidade social tornou-se uma pauta essencial, impulsionando iniciativas que transcendem os limites corporativos e buscam impactar positivamente comunidades e o meio ambiente. No \u00e2mbito do\u00a0Pr\u00eamio CBIC de Responsabilidade 2023\u00a0\u2013 Trof\u00e9u Paulo Safady Sim\u00e3o,\u00a0promovido pela C\u00e2mara Brasileira da Ind\u00fastria da Constru\u00e7\u00e3o (CBIC), dois projetos finalistas na categoria Cadeia Produtiva [&hellip;]<\/p>\n","protected":false},"author":1,"featured_media":22809,"comment_status":"open","ping_status":"open","sticky":false,"template":"","format":"standard","meta":{"_uag_custom_page_level_css":"","footnotes":""},"categories":[27],"tags":[25952,2029,2826,25951],"class_list":["post-22808","post","type-post","status-publish","format-standard","has-post-thumbnail","hentry","category-acontece","tag-acoes-esg-construcao","tag-cbic","tag-construcao-civil","tag-premio-social-2023"],"blocksy_meta":[],"spectra_blocks_featured_image_url":{"thumbnail":{"url":"https:\/\/construcaocivil.siriusmarketingedesign.com.br\/wp-content\/uploads\/2023\/12\/fotofinalistas1-150x150.png","width":150,"height":150},"medium":{"url":"https:\/\/construcaocivil.siriusmarketingedesign.com.br\/wp-content\/uploads\/2023\/12\/fotofinalistas1-300x169.png","width":300,"height":169},"medium_large":{"url":"https:\/\/construcaocivil.siriusmarketingedesign.com.br\/wp-content\/uploads\/2023\/12\/fotofinalistas1-768x432.png","width":768,"height":432},"large":{"url":"https:\/\/construcaocivil.siriusmarketingedesign.com.br\/wp-content\/uploads\/2023\/12\/fotofinalistas1-1024x576.png","width":1024,"height":576},"full":{"url":"https:\/\/construcaocivil.siriusmarketingedesign.com.br\/wp-content\/uploads\/2023\/12\/fotofinalistas1.png","width":1920,"height":1080}},"spectra_blocks_author_info":{"display_name":"Jornal da Constru\u00e7\u00e3o Civil","avatar_url":"https:\/\/secure.gravatar.com\/avatar\/973c9774fd44ddaceb026973c4962faa70fc512bc4c9da68e8ebb40fecee6540?s=96&d=mm&r=g","author_link":"https:\/\/construcaocivil.siriusmarketingedesign.com.br\/?author=1","description":"Desde de 2013, levando muitas informa\u00e7\u00f5es, lan\u00e7amentos e produtos de qualidade para toda cadeia produtiva da constru\u00e7\u00e3o. O Futuro da constru\u00e7\u00e3o passa por aqui,"},"uagb_featured_image_src":{"full":["https:\/\/construcaocivil.siriusmarketingedesign.com.br\/wp-content\/uploads\/2023\/12\/fotofinalistas1.png",1920,1080,false],"thumbnail":["https:\/\/construcaocivil.siriusmarketingedesign.com.br\/wp-content\/uploads\/2023\/12\/fotofinalistas1-150x150.png",150,150,true],"medium":["https:\/\/construcaocivil.siriusmarketingedesign.com.br\/wp-content\/uploads\/2023\/12\/fotofinalistas1-300x169.png",300,169,true],"medium_large":["https:\/\/construcaocivil.siriusmarketingedesign.com.br\/wp-content\/uploads\/2023\/12\/fotofinalistas1-768x432.png",768,432,true],"large":["https:\/\/construcaocivil.siriusmarketingedesign.com.br\/wp-content\/uploads\/2023\/12\/fotofinalistas1-1024x576.png",1024,576,true],"1536x1536":["https:\/\/construcaocivil.siriusmarketingedesign.com.br\/wp-content\/uploads\/2023\/12\/fotofinalistas1-1536x864.png",1536,864,true],"2048x2048":["https:\/\/construcaocivil.siriusmarketingedesign.com.br\/wp-content\/uploads\/2023\/12\/fotofinalistas1.png",1920,1080,false]},"uagb_author_info":{"display_name":"Jornal da Constru\u00e7\u00e3o Civil","author_link":"https:\/\/construcaocivil.siriusmarketingedesign.com.br\/?author=1"},"uagb_comment_info":0,"uagb_excerpt":"Ag\u00eancia CBIC No cen\u00e1rio empresarial contempor\u00e2neo, a responsabilidade social tornou-se uma pauta essencial, impulsionando iniciativas que transcendem os limites corporativos e buscam impactar positivamente comunidades e o meio ambiente. No \u00e2mbito do\u00a0Pr\u00eamio CBIC de Responsabilidade 2023\u00a0\u2013 Trof\u00e9u Paulo Safady Sim\u00e3o,\u00a0promovido pela C\u00e2mara Brasileira da Ind\u00fastria da Constru\u00e7\u00e3o (CBIC), dois projetos finalistas na categoria Cadeia Produtiva&hellip;","_links":{"self":[{"href":"https:\/\/construcaocivil.siriusmarketingedesign.com.br\/index.php?rest_route=\/wp\/v2\/posts\/22808","targetHints":{"allow":["GET"]}}],"collection":[{"href":"https:\/\/construcaocivil.siriusmarketingedesign.com.br\/index.php?rest_route=\/wp\/v2\/posts"}],"about":[{"href":"https:\/\/construcaocivil.siriusmarketingedesign.com.br\/index.php?rest_route=\/wp\/v2\/types\/post"}],"author":[{"embeddable":true,"href":"https:\/\/construcaocivil.siriusmarketingedesign.com.br\/index.php?rest_route=\/wp\/v2\/users\/1"}],"replies":[{"embeddable":true,"href":"https:\/\/construcaocivil.siriusmarketingedesign.com.br\/index.php?rest_route=%2Fwp%2Fv2%2Fcomments&post=22808"}],"version-history":[{"count":0,"href":"https:\/\/construcaocivil.siriusmarketingedesign.com.br\/index.php?rest_route=\/wp\/v2\/posts\/22808\/revisions"}],"wp:featuredmedia":[{"embeddable":true,"href":"https:\/\/construcaocivil.siriusmarketingedesign.com.br\/index.php?rest_route=\/wp\/v2\/media\/22809"}],"wp:attachment":[{"href":"https:\/\/construcaocivil.siriusmarketingedesign.com.br\/index.php?rest_route=%2Fwp%2Fv2%2Fmedia&parent=22808"}],"wp:term":[{"taxonomy":"category","embeddable":true,"href":"https:\/\/construcaocivil.siriusmarketingedesign.com.br\/index.php?rest_route=%2Fwp%2Fv2%2Fcategories&post=22808"},{"taxonomy":"post_tag","embeddable":true,"href":"https:\/\/construcaocivil.siriusmarketingedesign.com.br\/index.php?rest_route=%2Fwp%2Fv2%2Ftags&post=22808"}],"curies":[{"name":"wp","href":"https:\/\/api.w.org\/{rel}","templated":true}]}}