{"id":22817,"date":"2023-12-03T23:07:57","date_gmt":"2023-12-04T02:07:57","guid":{"rendered":"https:\/\/www.jornaldaconstrucaocivil.com.br\/?p=22817"},"modified":"2023-12-03T23:07:57","modified_gmt":"2023-12-04T02:07:57","slug":"saude-e-bem-estar-verao-promete-altas-temperaturas-e-mais-cuidado-com-a-pele","status":"publish","type":"post","link":"https:\/\/construcaocivil.siriusmarketingedesign.com.br\/?p=22817","title":{"rendered":"Sa\u00fade e Bem-Estar: Ver\u00e3o promete altas temperaturas e mais cuidado com a pele"},"content":{"rendered":"<p style=\"text-align: justify;\"><strong><i>Campanha Dezembro Laranja de preven\u00e7\u00e3o ao c\u00e2ncer de pele alerta para uso do protetor solar durante trabalho e lazer para pr\u00f3ximo ver\u00e3o, que estar\u00e1 entre os tr\u00eas mais quentes da hist\u00f3ria<\/i><\/strong><\/p>\n<p style=\"text-align: justify;\">De acordo com o Inpe, o pr\u00f3ximo ver\u00e3o ser\u00e1 um dos tr\u00eas mais quentes da hist\u00f3ria, com previs\u00e3o de temperaturas muito acima da m\u00e9dia ao longo dos pr\u00f3ximos meses. Visando este cen\u00e1rio, a Sociedade Brasileira de Dermatologia (SBD) refor\u00e7a a necessidade de prote\u00e7\u00e3o e cuidados com a pele durante o Dezembro Laranja, m\u00eas dedicado \u00e0 conscientiza\u00e7\u00e3o e diagn\u00f3stico precoce do c\u00e2ncer de pele.<\/p>\n<p style=\"text-align: justify;\">\nO Instituto Nacional do C\u00e2ncer (INCA) alerta que o c\u00e2ncer de pele representa 33% de todos os tumores malignos no Brasil, prevendo cerca de 220 mil novos casos entre 2023 e 2025. Este tipo de c\u00e2ncer destaca-se como o mais comum entre os homens. Al\u00e9m da predisposi\u00e7\u00e3o gen\u00e9tica, a exposi\u00e7\u00e3o desprotegida aos raios UV do sol \u00e9 identificada como a principal causa da doen\u00e7a. Segundo dados da Organiza\u00e7\u00e3o Mundial da Sa\u00fade (OMS) e da Organiza\u00e7\u00e3o Internacional do Trabalho (OIT), uma em cada tr\u00eas mortes por c\u00e2ncer de pele n\u00e3o melanoma \u00e9 atribu\u00edda \u00e0 exposi\u00e7\u00e3o \u00e0 radia\u00e7\u00e3o ultravioleta no trabalho ao ar livre.<\/p>\n<p style=\"text-align: justify;\">\nNeste ano, a campanha adota o tema &#8220;Seu Sol, Sua Pele, Sua Prote\u00e7\u00e3o&#8221;, com foco na conscientiza\u00e7\u00e3o sobre a import\u00e2ncia de se consultar um dermatologista sobre as medidas de prote\u00e7\u00e3o adequadas para cada tipo de pele. No dia 2 de dezembro, das 9h \u00e0s 15h, ser\u00e3o oferecidos atendimentos gratuitos para orienta\u00e7\u00e3o, diagn\u00f3stico e tratamento do c\u00e2ncer de pele em mais de 100 postos espalhados pelo Brasil, com a participa\u00e7\u00e3o de aproximadamente 3.500 m\u00e9dicos dermatologistas e volunt\u00e1rios. Os endere\u00e7os est\u00e3o dispon\u00edveis\u00a0<a href=\"https:\/\/s2312.publisher-pr.com\/link.php?code=bDpodHRwcyUzQSUyRiUyRnd3dy5zYmQub3JnLmJyJTJGZGV6ZW1icm9sYXJhbmphJTJGOjM2ODk3MzE4Nzc6c2V2ZXJpYW5Aam9ybmFsZGFjb25zdHJ1Y2FvY2l2aWwuY29tLmJyOjRiZTkzOTo2Mw==\" target=\"_blank\" rel=\"noopener noreferrer\">neste link<\/a>.<\/p>\n<p style=\"text-align: justify;\">\nCoordenador da campanha Dezembro Laranja da SBD, o dermatologista Dr. Carlos Barcaui, lembra que os homens, principalmente em situa\u00e7\u00f5es n\u00e3o recreativas, t\u00eam mais dificuldade em usar o protetor solar, enquanto as mulheres s\u00e3o mais receptivas: &#8220;Queremos com a campanha refor\u00e7ar as medidas para todos os momentos de exposi\u00e7\u00e3o ao sol, n\u00e3o apenas na hora do lazer&#8221;, destaca o especialista.<\/p>\n<p style=\"text-align: justify;\"><span style=\"color: #993300;\"><strong>Conscientiza\u00e7\u00e3o nos canteiros de obras<\/strong><\/span><\/p>\n<p style=\"text-align: justify;\">Para trabalhadores que trabalham ao ar livre, como profissionais da constru\u00e7\u00e3o civil, os cuidados com a pele s\u00e3o essenciais na rotina di\u00e1ria. Nesse sentido, a MRV uniu esfor\u00e7os \u00e0 Sociedade Brasileira de Dermatologia para oferecer palestras com especialistas em canteiros de obra por todo o pa\u00eds, enfatizando a import\u00e2ncia dos cuidados com a pele e do diagn\u00f3stico precoce do c\u00e2ncer de pele.\n<\/p>\n<p style=\"text-align: justify;\">&#8220;Os n\u00fameros do INCA nos trazem um alerta para a import\u00e2ncia da informa\u00e7\u00e3o e educa\u00e7\u00e3o sobre o c\u00e2ncer de pele, principalmente no setor da constru\u00e7\u00e3o civil, em que mais de 80% dos trabalhadores s\u00e3o homens. H\u00e1 mais de dez anos disponibilizamos protetor solar para as equipes que est\u00e3o nos canteiros de obras, mas sentimos a necessidade de ir al\u00e9m, de mostrar a relev\u00e2ncia da preven\u00e7\u00e3o e do diagn\u00f3stico precoce&#8221;, explica Eduardo Fischer, CEO<strong>\u00a0<\/strong>da MRV&amp;CO.\n<\/p>\n<p style=\"text-align: justify;\">Al\u00e9m de palestras, a empresa tem promovido triagem e atendimento m\u00e9dico com especialistas, bem como a distribui\u00e7\u00e3o de protetor solar, do manual &#8220;ABCDE da pinta&#8221; e de gibis tem\u00e1ticos da Turma da M\u00f4nica, produzidos pela SBD para incentivar os trabalhadores a compartilharem as informa\u00e7\u00f5es com suas fam\u00edlias.\n<\/p>\n<p style=\"text-align: justify;\">Como uma das maiores companhias do ramo no de constru\u00e7\u00e3o civil no Brasil, a empresa tem como objetivo impactar as pessoas dentro e fora dos canteiros. &#8220;A ades\u00e3o ao Dezembro Laranja \u00e9 mais um passo na longa campanha que temos. Esperamos n\u00e3o s\u00f3 conscientizar os nossos mais de 20 mil funcion\u00e1rios, mas levar tamb\u00e9m o exemplo ao setor, que \u00e9 um dos que mais empregam no pa\u00eds&#8221;, afirma Raphael Lafet\u00e1, diretor executivo de Rela\u00e7\u00f5es Institucional e Sustentabilidade da MRV&amp;CO.\n<\/p>\n<p style=\"text-align: justify;\">Para alcan\u00e7ar esses p\u00fablicos, foram realizadas a\u00e7\u00f5es especiais na Arena MRV no \u00faltimo domingo (26), entre Atl\u00e9tico Mineiro e Gr\u00eamio pela 35\u00aa rodada do Brasileir\u00e3o. Os pain\u00e9is, em torno do campo, receberam mensagens da campanha e os jogadores do Atl\u00e9tico usaram camisas estilizadas com o tema. No intervalo do jogo, foi exibido um jingle feito pelo Quarteto da Arria\u00e7\u00e3o, grupo formado por pedreiros que fazem sucesso nas redes sociais, especialmente para o Dezembro Laranja. O v\u00eddeo est\u00e1 dispon\u00edvel\u00a0<a href=\"https:\/\/s2312.publisher-pr.com\/link.php?code=bDpodHRwcyUzQSUyRiUyRnd3dy5pbnN0YWdyYW0uY29tJTJGcmVlbCUyRkMwVDdZZ051MEpPJTJGOjM2ODk3MzE4Nzc6c2V2ZXJpYW5Aam9ybmFsZGFjb25zdHJ1Y2FvY2l2aWwuY29tLmJyOjg1NzdmYjo2Mw==\" target=\"_blank\" rel=\"noopener noreferrer\">neste link<\/a>.<\/p>\n","protected":false},"excerpt":{"rendered":"<p>Campanha Dezembro Laranja de preven\u00e7\u00e3o ao c\u00e2ncer de pele alerta para uso do protetor solar durante trabalho e lazer para pr\u00f3ximo ver\u00e3o, que estar\u00e1 entre os tr\u00eas mais quentes da hist\u00f3ria De acordo com o Inpe, o pr\u00f3ximo ver\u00e3o ser\u00e1 um dos tr\u00eas mais quentes da hist\u00f3ria, com previs\u00e3o de temperaturas muito acima da m\u00e9dia [&hellip;]<\/p>\n","protected":false},"author":1,"featured_media":22818,"comment_status":"open","ping_status":"open","sticky":false,"template":"","format":"standard","meta":{"_uag_custom_page_level_css":"","footnotes":""},"categories":[27],"tags":[24952,25964,1810,25965,25963],"class_list":["post-22817","post","type-post","status-publish","format-standard","has-post-thumbnail","hentry","category-acontece","tag-saudeebemestar","tag-cancer-de-pele","tag-canteiro-de-obras","tag-dezembro-laranja","tag-verao-cuidados"],"blocksy_meta":[],"spectra_blocks_featured_image_url":{"thumbnail":{"url":"https:\/\/construcaocivil.siriusmarketingedesign.com.br\/wp-content\/uploads\/2023\/12\/handler-7-150x150.png","width":150,"height":150},"medium":{"url":"https:\/\/construcaocivil.siriusmarketingedesign.com.br\/wp-content\/uploads\/2023\/12\/handler-7-300x200.png","width":300,"height":200},"medium_large":{"url":"https:\/\/construcaocivil.siriusmarketingedesign.com.br\/wp-content\/uploads\/2023\/12\/handler-7-768x512.png","width":768,"height":512},"large":{"url":"https:\/\/construcaocivil.siriusmarketingedesign.com.br\/wp-content\/uploads\/2023\/12\/handler-7-1024x683.png","width":1024,"height":683},"full":{"url":"https:\/\/construcaocivil.siriusmarketingedesign.com.br\/wp-content\/uploads\/2023\/12\/handler-7.png","width":1920,"height":1280}},"spectra_blocks_author_info":{"display_name":"Jornal da Constru\u00e7\u00e3o Civil","avatar_url":"https:\/\/secure.gravatar.com\/avatar\/973c9774fd44ddaceb026973c4962faa70fc512bc4c9da68e8ebb40fecee6540?s=96&d=mm&r=g","author_link":"https:\/\/construcaocivil.siriusmarketingedesign.com.br\/?author=1","description":"Desde de 2013, levando muitas informa\u00e7\u00f5es, lan\u00e7amentos e produtos de qualidade para toda cadeia produtiva da constru\u00e7\u00e3o. O Futuro da constru\u00e7\u00e3o passa por aqui,"},"uagb_featured_image_src":{"full":["https:\/\/construcaocivil.siriusmarketingedesign.com.br\/wp-content\/uploads\/2023\/12\/handler-7.png",1920,1280,false],"thumbnail":["https:\/\/construcaocivil.siriusmarketingedesign.com.br\/wp-content\/uploads\/2023\/12\/handler-7-150x150.png",150,150,true],"medium":["https:\/\/construcaocivil.siriusmarketingedesign.com.br\/wp-content\/uploads\/2023\/12\/handler-7-300x200.png",300,200,true],"medium_large":["https:\/\/construcaocivil.siriusmarketingedesign.com.br\/wp-content\/uploads\/2023\/12\/handler-7-768x512.png",768,512,true],"large":["https:\/\/construcaocivil.siriusmarketingedesign.com.br\/wp-content\/uploads\/2023\/12\/handler-7-1024x683.png",1024,683,true],"1536x1536":["https:\/\/construcaocivil.siriusmarketingedesign.com.br\/wp-content\/uploads\/2023\/12\/handler-7-1536x1024.png",1536,1024,true],"2048x2048":["https:\/\/construcaocivil.siriusmarketingedesign.com.br\/wp-content\/uploads\/2023\/12\/handler-7.png",1920,1280,false]},"uagb_author_info":{"display_name":"Jornal da Constru\u00e7\u00e3o Civil","author_link":"https:\/\/construcaocivil.siriusmarketingedesign.com.br\/?author=1"},"uagb_comment_info":0,"uagb_excerpt":"Campanha Dezembro Laranja de preven\u00e7\u00e3o ao c\u00e2ncer de pele alerta para uso do protetor solar durante trabalho e lazer para pr\u00f3ximo ver\u00e3o, que estar\u00e1 entre os tr\u00eas mais quentes da hist\u00f3ria De acordo com o Inpe, o pr\u00f3ximo ver\u00e3o ser\u00e1 um dos tr\u00eas mais quentes da hist\u00f3ria, com previs\u00e3o de temperaturas muito acima da m\u00e9dia&hellip;","_links":{"self":[{"href":"https:\/\/construcaocivil.siriusmarketingedesign.com.br\/index.php?rest_route=\/wp\/v2\/posts\/22817","targetHints":{"allow":["GET"]}}],"collection":[{"href":"https:\/\/construcaocivil.siriusmarketingedesign.com.br\/index.php?rest_route=\/wp\/v2\/posts"}],"about":[{"href":"https:\/\/construcaocivil.siriusmarketingedesign.com.br\/index.php?rest_route=\/wp\/v2\/types\/post"}],"author":[{"embeddable":true,"href":"https:\/\/construcaocivil.siriusmarketingedesign.com.br\/index.php?rest_route=\/wp\/v2\/users\/1"}],"replies":[{"embeddable":true,"href":"https:\/\/construcaocivil.siriusmarketingedesign.com.br\/index.php?rest_route=%2Fwp%2Fv2%2Fcomments&post=22817"}],"version-history":[{"count":0,"href":"https:\/\/construcaocivil.siriusmarketingedesign.com.br\/index.php?rest_route=\/wp\/v2\/posts\/22817\/revisions"}],"wp:featuredmedia":[{"embeddable":true,"href":"https:\/\/construcaocivil.siriusmarketingedesign.com.br\/index.php?rest_route=\/wp\/v2\/media\/22818"}],"wp:attachment":[{"href":"https:\/\/construcaocivil.siriusmarketingedesign.com.br\/index.php?rest_route=%2Fwp%2Fv2%2Fmedia&parent=22817"}],"wp:term":[{"taxonomy":"category","embeddable":true,"href":"https:\/\/construcaocivil.siriusmarketingedesign.com.br\/index.php?rest_route=%2Fwp%2Fv2%2Fcategories&post=22817"},{"taxonomy":"post_tag","embeddable":true,"href":"https:\/\/construcaocivil.siriusmarketingedesign.com.br\/index.php?rest_route=%2Fwp%2Fv2%2Ftags&post=22817"}],"curies":[{"name":"wp","href":"https:\/\/api.w.org\/{rel}","templated":true}]}}