{"id":22820,"date":"2023-12-03T23:37:24","date_gmt":"2023-12-04T02:37:24","guid":{"rendered":"https:\/\/www.jornaldaconstrucaocivil.com.br\/?p=22820"},"modified":"2023-12-05T23:06:30","modified_gmt":"2023-12-06T02:06:30","slug":"empresas-do-grupo-direcional-vencem-premio-destaque-ademi-rj-em-duas-categorias","status":"publish","type":"post","link":"https:\/\/construcaocivil.siriusmarketingedesign.com.br\/?p=22820","title":{"rendered":"Empresas do Grupo Direcional vencem Pr\u00eamio Destaque Ademi-RJ em duas categorias"},"content":{"rendered":"<p style=\"text-align: justify;\"><span style=\"color: #993300;\"><strong><i>Direcional Engenharia e Riva Incorporadora est\u00e3o entre os destaques de 2023 do principal reconhecimento do mercado imobili\u00e1rio carioca<\/i><\/strong><\/span><\/p>\n<p style=\"text-align: justify;\"><span style=\"color: #000080;\">Rio de Janeiro, 2023<\/span><strong> &#8211;<\/strong>\u00a0As empresas do Grupo Direcional s\u00e3o destaques em duas categorias do Pr\u00eamio Destaque 2023 organizado pela Associa\u00e7\u00e3o de Dirigentes de Empresas do Mercado Imobili\u00e1rio do Rio de Janeiro (Ademi-RJ). A Direcional Engenharia venceu em Projeto de Habita\u00e7\u00e3o de Interesse Social (Faixa 2). A Riva Incorporadora venceu em Criatividade Imobili\u00e1ria. O Pr\u00eamio \u00e9 uma tradi\u00e7\u00e3o no mercado do Rio. A escolha deste ano reuniu um j\u00fari multidisciplinar com especialistas, profissionais do setor imobili\u00e1rio, da constru\u00e7\u00e3o, de arquitetura e de comunica\u00e7\u00e3o. Foram eleitos destaques em 22 categorias.<\/p>\n<p style=\"text-align: justify;\"><strong>Empreendimento inovador em Guaratiba<\/strong><\/p>\n<p style=\"text-align: justify;\">A Direcional Engenharia venceu em sua categoria com um projeto inovador de empreendimento na regi\u00e3o de Guaratiba. O Viva Vida Recanto Clube tornou-se o primeiro condom\u00ednio clube da regi\u00e3o. Com infraestrutura completa, oferece seguran\u00e7a, mobilidade e mais de 15 espa\u00e7os com op\u00e7\u00f5es de lazer e conviv\u00eancia, como quadra de futev\u00f4lei, campo de futebol, piscina, espa\u00e7o pet, fitness externo e dez bikes oferecidas ao condom\u00ednio para uso compartilhado. O paisagismo preserva a biodiversidade e foi desenvolvido com \u00e1rvores nativas.<\/p>\n<p style=\"text-align: justify;\">H\u00e1 uma s\u00e9rie de medidas pensadas em atributos como a sustentabilidade ambiental, como o est\u00edmulo \u00e0 coleta seletiva de lixo, medi\u00e7\u00e3o de \u00e1gua individualizada, sensores para ilumina\u00e7\u00e3o em \u00e1reas comuns entre outros. Ao todo, o terreno possui \u00e1rea de mais de 22 mil metros quadrados.\u00a0O\u00a0empreendimento se divide em nove blocos de cinco pavimentos com 500 unidades no total e com op\u00e7\u00f5es de apartamentos de 1 e 2 quartos, al\u00e9m de gardens.<\/p>\n<p style=\"text-align: justify;\">&#8220;Temos investido bastante no desenvolvimento do mercado imobili\u00e1rio do Rio de Janeiro. Nossos projetos criam novas condi\u00e7\u00f5es de vida para os futuros propriet\u00e1rios, estimulam a chegada de novos servi\u00e7os \u00e0s regi\u00f5es, al\u00e9m de outros investimentos em infraestrutura. O reconhecimento do Pr\u00eamio Destaque 2023 da Ademi-RJ mostra ainda mais a contribui\u00e7\u00e3o de nosso trabalho ao setor imobili\u00e1rio e a relev\u00e2ncia de nossos empreendimentos \u00e0 qualidade de vida dos clientes&#8221;, diz Ivan Bettencourt, superintendente de Incorpora\u00e7\u00e3o da Direcional Engenharia.<\/p>\n<p style=\"text-align: justify;\"><strong>Boulevard na Barra Ol\u00edmpica, liga\u00e7\u00e3o entre importantes vias<\/strong><\/p>\n<p style=\"text-align: justify;\">A Riva Incorporadora venceu com o case Boulevard Barra Ol\u00edmpica. A Companhia est\u00e1 finalizando a constru\u00e7\u00e3o de uma via no Rio de Janeiro para ligar a estrada dos Bandeirantes \u00e0 Avenida Salvador Allende na regi\u00e3o bairro rec\u00e9m-batizado como Barra Ol\u00edmpica. Ser\u00e1 um grande boulevard, com 36 metros de largura e 678 metros de extens\u00e3o. A Riva, junto com sua parceira Ager, vem desenvolvendo empreendimentos em um terreno de mais de 80 mil metros quadrados na regi\u00e3o. Tr\u00eas condom\u00ednios j\u00e1 foram lan\u00e7ados, o Apogeu Barra, Duet Barra e Stillo Barra. As empresas ainda t\u00eam dois novos condom\u00ednios para serem lan\u00e7ados. Mais de 1.800 fam\u00edlias ir\u00e3o morar naquela nova regi\u00e3o da Barra Ol\u00edmpica, que \u00e9 a mais pr\u00f3xima das praias da Barra da Tijuca e do Recreio dos Bandeirantes.<\/p>\n<p style=\"text-align: justify;\">O Boulevard vai ajudar o tr\u00e2nsito e desafogar as principais ruas locais. Ter\u00e1 ilumina\u00e7\u00e3o p\u00fablica com fia\u00e7\u00e3o subterr\u00e2nea e ciclovia. Seu projeto de paisagismo, com pra\u00e7as e jardins, foi elaborado pelo renomado paisagista S\u00e9rgio Santana, e utilizar\u00e1 esp\u00e9cies nativas de plantas, conforme sugest\u00e3o do \u00f3rg\u00e3o ambiental da cidade. O investimento total na constru\u00e7\u00e3o da via \u00e9 de cerca de R\uff04 20 milh\u00f5es.<\/p>\n<p style=\"text-align: justify;\">&#8220;Esse reconhecimento do mais tradicional pr\u00eamio do mercado no Rio representa mais uma grande conquista. Temos atuado de modo bastante estrat\u00e9gico na cidade e vislumbramos a oportunidade na regi\u00e3o da Barra Ol\u00edmpica para agregar ainda mais valor, qualidade de vida e mobilidade aos futuros moradores dos nossos empreendimentos na regi\u00e3o. Fizemos uma solu\u00e7\u00e3o original que, al\u00e9m de muita utilidade, \u00e9 muito bonita e comp\u00f5e muito bem com a identidade e a estrutura dos empreendimentos que lan\u00e7amos e ainda vamos lan\u00e7ar na regi\u00e3o&#8221;, diz Marcelo Pezzino Sathler, superintendente de Incorpora\u00e7\u00e3o da Riva Incorporadora.<\/p>\n","protected":false},"excerpt":{"rendered":"<p>Direcional Engenharia e Riva Incorporadora est\u00e3o entre os destaques de 2023 do principal reconhecimento do mercado imobili\u00e1rio carioca Rio de Janeiro, 2023 &#8211;\u00a0As empresas do Grupo Direcional s\u00e3o destaques em duas categorias do Pr\u00eamio Destaque 2023 organizado pela Associa\u00e7\u00e3o de Dirigentes de Empresas do Mercado Imobili\u00e1rio do Rio de Janeiro (Ademi-RJ). A Direcional Engenharia venceu [&hellip;]<\/p>\n","protected":false},"author":1,"featured_media":22821,"comment_status":"open","ping_status":"open","sticky":false,"template":"","format":"standard","meta":{"_uag_custom_page_level_css":"","footnotes":""},"categories":[33],"tags":[18058,3701,4139,25966,7563],"class_list":["post-22820","post","type-post","status-publish","format-standard","has-post-thumbnail","hentry","category-mercado","tag-ademi-rio","tag-direcional-engenharia","tag-empreendimentos-imobiliarios","tag-guaratiba-zona-oeste","tag-mercado-imobiliario"],"blocksy_meta":[],"spectra_blocks_featured_image_url":{"thumbnail":{"url":"https:\/\/construcaocivil.siriusmarketingedesign.com.br\/wp-content\/uploads\/2023\/12\/handler-27-150x150.jpg","width":150,"height":150},"medium":{"url":"https:\/\/construcaocivil.siriusmarketingedesign.com.br\/wp-content\/uploads\/2023\/12\/handler-27-300x200.jpg","width":300,"height":200},"medium_large":{"url":"https:\/\/construcaocivil.siriusmarketingedesign.com.br\/wp-content\/uploads\/2023\/12\/handler-27-768x512.jpg","width":768,"height":512},"large":{"url":"https:\/\/construcaocivil.siriusmarketingedesign.com.br\/wp-content\/uploads\/2023\/12\/handler-27.jpg","width":800,"height":533},"full":{"url":"https:\/\/construcaocivil.siriusmarketingedesign.com.br\/wp-content\/uploads\/2023\/12\/handler-27.jpg","width":800,"height":533}},"spectra_blocks_author_info":{"display_name":"Jornal da Constru\u00e7\u00e3o Civil","avatar_url":"https:\/\/secure.gravatar.com\/avatar\/973c9774fd44ddaceb026973c4962faa70fc512bc4c9da68e8ebb40fecee6540?s=96&d=mm&r=g","author_link":"https:\/\/construcaocivil.siriusmarketingedesign.com.br\/?author=1","description":"Desde de 2013, levando muitas informa\u00e7\u00f5es, lan\u00e7amentos e produtos de qualidade para toda cadeia produtiva da constru\u00e7\u00e3o. O Futuro da constru\u00e7\u00e3o passa por aqui,"},"uagb_featured_image_src":{"full":["https:\/\/construcaocivil.siriusmarketingedesign.com.br\/wp-content\/uploads\/2023\/12\/handler-27.jpg",800,533,false],"thumbnail":["https:\/\/construcaocivil.siriusmarketingedesign.com.br\/wp-content\/uploads\/2023\/12\/handler-27-150x150.jpg",150,150,true],"medium":["https:\/\/construcaocivil.siriusmarketingedesign.com.br\/wp-content\/uploads\/2023\/12\/handler-27-300x200.jpg",300,200,true],"medium_large":["https:\/\/construcaocivil.siriusmarketingedesign.com.br\/wp-content\/uploads\/2023\/12\/handler-27-768x512.jpg",768,512,true],"large":["https:\/\/construcaocivil.siriusmarketingedesign.com.br\/wp-content\/uploads\/2023\/12\/handler-27.jpg",800,533,false],"1536x1536":["https:\/\/construcaocivil.siriusmarketingedesign.com.br\/wp-content\/uploads\/2023\/12\/handler-27.jpg",800,533,false],"2048x2048":["https:\/\/construcaocivil.siriusmarketingedesign.com.br\/wp-content\/uploads\/2023\/12\/handler-27.jpg",800,533,false]},"uagb_author_info":{"display_name":"Jornal da Constru\u00e7\u00e3o Civil","author_link":"https:\/\/construcaocivil.siriusmarketingedesign.com.br\/?author=1"},"uagb_comment_info":0,"uagb_excerpt":"Direcional Engenharia e Riva Incorporadora est\u00e3o entre os destaques de 2023 do principal reconhecimento do mercado imobili\u00e1rio carioca Rio de Janeiro, 2023 &#8211;\u00a0As empresas do Grupo Direcional s\u00e3o destaques em duas categorias do Pr\u00eamio Destaque 2023 organizado pela Associa\u00e7\u00e3o de Dirigentes de Empresas do Mercado Imobili\u00e1rio do Rio de Janeiro (Ademi-RJ). A Direcional Engenharia venceu&hellip;","_links":{"self":[{"href":"https:\/\/construcaocivil.siriusmarketingedesign.com.br\/index.php?rest_route=\/wp\/v2\/posts\/22820","targetHints":{"allow":["GET"]}}],"collection":[{"href":"https:\/\/construcaocivil.siriusmarketingedesign.com.br\/index.php?rest_route=\/wp\/v2\/posts"}],"about":[{"href":"https:\/\/construcaocivil.siriusmarketingedesign.com.br\/index.php?rest_route=\/wp\/v2\/types\/post"}],"author":[{"embeddable":true,"href":"https:\/\/construcaocivil.siriusmarketingedesign.com.br\/index.php?rest_route=\/wp\/v2\/users\/1"}],"replies":[{"embeddable":true,"href":"https:\/\/construcaocivil.siriusmarketingedesign.com.br\/index.php?rest_route=%2Fwp%2Fv2%2Fcomments&post=22820"}],"version-history":[{"count":0,"href":"https:\/\/construcaocivil.siriusmarketingedesign.com.br\/index.php?rest_route=\/wp\/v2\/posts\/22820\/revisions"}],"wp:featuredmedia":[{"embeddable":true,"href":"https:\/\/construcaocivil.siriusmarketingedesign.com.br\/index.php?rest_route=\/wp\/v2\/media\/22821"}],"wp:attachment":[{"href":"https:\/\/construcaocivil.siriusmarketingedesign.com.br\/index.php?rest_route=%2Fwp%2Fv2%2Fmedia&parent=22820"}],"wp:term":[{"taxonomy":"category","embeddable":true,"href":"https:\/\/construcaocivil.siriusmarketingedesign.com.br\/index.php?rest_route=%2Fwp%2Fv2%2Fcategories&post=22820"},{"taxonomy":"post_tag","embeddable":true,"href":"https:\/\/construcaocivil.siriusmarketingedesign.com.br\/index.php?rest_route=%2Fwp%2Fv2%2Ftags&post=22820"}],"curies":[{"name":"wp","href":"https:\/\/api.w.org\/{rel}","templated":true}]}}