{"id":22839,"date":"2023-12-06T00:43:08","date_gmt":"2023-12-06T03:43:08","guid":{"rendered":"https:\/\/www.jornaldaconstrucaocivil.com.br\/?p=22839"},"modified":"2023-12-06T00:43:08","modified_gmt":"2023-12-06T03:43:08","slug":"concurso-rei-rainha-do-recorte-evidencia-a-qualidade-dos-pintores-do-rio-de-janeiro-e-do-espirito-santo","status":"publish","type":"post","link":"https:\/\/construcaocivil.siriusmarketingedesign.com.br\/?p=22839","title":{"rendered":"Concurso Rei\/Rainha do Recorte evidencia a qualidade dos pintores do  Rio de Janeiro e do Esp\u00edrito Santo"},"content":{"rendered":"<p style=\"text-align: justify;\"><em><strong>Alta competitividade na etapa regional demonstrou bom n\u00edvel de qualifica\u00e7\u00e3o nos pintores dos dois estados.<\/strong> <\/em><\/p>\n<p style=\"text-align: justify;\">O concurso de t\u00e9cnica de pintura <strong><span style=\"color: #993300;\">\u201cRei\/Rainha do Recorte\u201d<\/span><\/strong> do Rio de Janeiro e do Esp\u00edrito Santo aconteceu neste s\u00e1bado, na capital carioca.\u00a0 A Sherwin-Williams, l\u00edder global na fabrica\u00e7\u00e3o, distribui\u00e7\u00e3o e venda de tintas e revestimentos, promove a disputa para testar e premiar as habilidades dos pintores. O torneio regional foi disputado por 44 competidores e provocou grande mobiliza\u00e7\u00e3o dos revendedores parceiros nos estados. A procura pelas vagas foi t\u00e3o expressiva que os lojistas organizaram etapas seletivas nas cidades para selecionar os melhores candidatos, fato que deixou a competi\u00e7\u00e3o bastante acirrada. \u201cO n\u00edvel dos concorrentes foi muito alto, com profissionais altamente qualificados, as classifica\u00e7\u00f5es para a final foram decididas por uma diferen\u00e7a m\u00ednima de pontos\u201d, afirma Fabio Pereira gerente de Trade Marketing da Sherwin-Williams.<\/p>\n<p style=\"text-align: justify;\">Ap\u00f3s uma etapa inicial eliminat\u00f3ria, dez pintores foram selecionados para a grande final. Depois do t\u00e9rmino do concurso, que contou com a avalia\u00e7\u00e3o de tr\u00eas jurados de Minas Gerais, os seis primeiros colocados receberam trof\u00e9us. O t\u00edtulo de Rei do Recorte do Rio de Janeiro e do Esp\u00edrito Santo foi para Ramon Miranda, de Resende (RJ), que recebeu R$ 3 mil de premia\u00e7\u00e3o. \u201cTreinei em casa para o concurso, estava mais nervoso na primeira fase, durante a final eu j\u00e1 estava mais tranquilo, e gra\u00e7as a Deus consegui\u201d, comemora Ramon.<\/p>\n<p style=\"text-align: justify;\">O segundo lugar, Rodrigo Rodrigues, tamb\u00e9m de Resende, conta que uniu a experi\u00eancia na pintura e uma prepara\u00e7\u00e3o especial antes do grande dia \u201ctenho 28 anos de profiss\u00e3o e participei de uma preliminar ante de vir\u201d, relata Rodrigo, que faturou R$ 2 mil reais. A terceira posi\u00e7\u00e3o e o pr\u00eamio de R$ 1 mil ficou com Wagner Pereira, pintor de Volta Redonda (RJ). \u201cEstou feliz demais e emocionado, a competi\u00e7\u00e3o vai dar uma boa visibilidade ao meu trabalho\u201d, comenta Wagner. Os tr\u00eas primeiros colocados representavam a revendedora Toti Tintas.<\/p>\n<p style=\"text-align: justify;\">O trio de profissionais est\u00e1 classificado para disputar a final nacional no segundo semestre de 2024, em S\u00e3o Paulo. Essa foi a segunda etapa regional do concurso, que avalia habilidades no quesito de recorte, uma t\u00e9cnica utilizada para pintar as laterais e os cantos das paredes, janelas e portas. \u201cEssa \u00e9 uma compet\u00eancia fundamental na pintura, que influencia diretamente no acabamento e no resultado final do trabalho, por isso \u00e9 t\u00e3o importante que o profissional tenha o dom\u00ednio dela\u201d, analisa Jos\u00e9 Andrade Pinho, Gerente da \u00c1rea T\u00e9cnica da Sherwin-Williams. \u201cA cria\u00e7\u00e3o desse concurso simboliza a nossa parceria de longa data com os pintores e a nossa dedica\u00e7\u00e3o \u00e0 capacita\u00e7\u00e3o desse grupo, com uma s\u00e9rie de iniciativas, porque reconhecemos que eles s\u00e3o fundamentais para nossa ind\u00fastria e os nossos consumidores. O Rei\/Rainha do Recorte, veio para jogar luz sob a qualidade t\u00e9cnica dos profissionais brasileiros\u201d, explica F\u00e1bio Pereira.<\/p>\n<p style=\"text-align: justify;\">O <strong><span style=\"color: #0000ff;\">Rei\/Rainha do Recorte<\/span><\/strong> \u00e9 mais uma iniciativa da Sherwin-Williams para apoiar e incentivar a qualifica\u00e7\u00e3o dos profissionais da pintura. Um exemplo desse esfor\u00e7o cont\u00ednuo \u00e9 a plataforma SW Pro Cursos que, desde 2020, oferece treinamentos t\u00e9cnicos e de gest\u00e3o de neg\u00f3cios online. Est\u00e3o \u00e0 disposi\u00e7\u00e3o dos treinandos mais de 10 trilhas de conhecimento, gratuitamente.<\/p>\n","protected":false},"excerpt":{"rendered":"<p>Alta competitividade na etapa regional demonstrou bom n\u00edvel de qualifica\u00e7\u00e3o nos pintores dos dois estados. O concurso de t\u00e9cnica de pintura \u201cRei\/Rainha do Recorte\u201d do Rio de Janeiro e do Esp\u00edrito Santo aconteceu neste s\u00e1bado, na capital carioca.\u00a0 A Sherwin-Williams, l\u00edder global na fabrica\u00e7\u00e3o, distribui\u00e7\u00e3o e venda de tintas e revestimentos, promove a disputa para [&hellip;]<\/p>\n","protected":false},"author":1,"featured_media":22840,"comment_status":"open","ping_status":"open","sticky":false,"template":"","format":"standard","meta":{"_uag_custom_page_level_css":"","footnotes":""},"categories":[27],"tags":[24757,2826,3919,8917,25968,18507,11780,25969],"class_list":["post-22839","post","type-post","status-publish","format-standard","has-post-thumbnail","hentry","category-acontece","tag-servicosdeengenharia","tag-construcao-civil","tag-edificacoes","tag-pintores-profissionais","tag-rei-rainha-do-recorte","tag-sherwin-williams-tintas","tag-tintas-imobiliarias","tag-tintas-para-casa"],"blocksy_meta":[],"spectra_blocks_featured_image_url":{"thumbnail":{"url":"https:\/\/construcaocivil.siriusmarketingedesign.com.br\/wp-content\/uploads\/2023\/12\/AA-NAZARE-150x150.jpg","width":150,"height":150},"medium":{"url":"https:\/\/construcaocivil.siriusmarketingedesign.com.br\/wp-content\/uploads\/2023\/12\/AA-NAZARE-217x300.jpg","width":217,"height":300},"medium_large":{"url":"https:\/\/construcaocivil.siriusmarketingedesign.com.br\/wp-content\/uploads\/2023\/12\/AA-NAZARE.jpg","width":578,"height":800},"large":{"url":"https:\/\/construcaocivil.siriusmarketingedesign.com.br\/wp-content\/uploads\/2023\/12\/AA-NAZARE.jpg","width":578,"height":800},"full":{"url":"https:\/\/construcaocivil.siriusmarketingedesign.com.br\/wp-content\/uploads\/2023\/12\/AA-NAZARE.jpg","width":578,"height":800}},"spectra_blocks_author_info":{"display_name":"Jornal da Constru\u00e7\u00e3o Civil","avatar_url":"https:\/\/secure.gravatar.com\/avatar\/973c9774fd44ddaceb026973c4962faa70fc512bc4c9da68e8ebb40fecee6540?s=96&d=mm&r=g","author_link":"https:\/\/construcaocivil.siriusmarketingedesign.com.br\/?author=1","description":"Desde de 2013, levando muitas informa\u00e7\u00f5es, lan\u00e7amentos e produtos de qualidade para toda cadeia produtiva da constru\u00e7\u00e3o. O Futuro da constru\u00e7\u00e3o passa por aqui,"},"uagb_featured_image_src":{"full":["https:\/\/construcaocivil.siriusmarketingedesign.com.br\/wp-content\/uploads\/2023\/12\/AA-NAZARE.jpg",578,800,false],"thumbnail":["https:\/\/construcaocivil.siriusmarketingedesign.com.br\/wp-content\/uploads\/2023\/12\/AA-NAZARE-150x150.jpg",150,150,true],"medium":["https:\/\/construcaocivil.siriusmarketingedesign.com.br\/wp-content\/uploads\/2023\/12\/AA-NAZARE-217x300.jpg",217,300,true],"medium_large":["https:\/\/construcaocivil.siriusmarketingedesign.com.br\/wp-content\/uploads\/2023\/12\/AA-NAZARE.jpg",578,800,false],"large":["https:\/\/construcaocivil.siriusmarketingedesign.com.br\/wp-content\/uploads\/2023\/12\/AA-NAZARE.jpg",578,800,false],"1536x1536":["https:\/\/construcaocivil.siriusmarketingedesign.com.br\/wp-content\/uploads\/2023\/12\/AA-NAZARE.jpg",578,800,false],"2048x2048":["https:\/\/construcaocivil.siriusmarketingedesign.com.br\/wp-content\/uploads\/2023\/12\/AA-NAZARE.jpg",578,800,false]},"uagb_author_info":{"display_name":"Jornal da Constru\u00e7\u00e3o Civil","author_link":"https:\/\/construcaocivil.siriusmarketingedesign.com.br\/?author=1"},"uagb_comment_info":0,"uagb_excerpt":"Alta competitividade na etapa regional demonstrou bom n\u00edvel de qualifica\u00e7\u00e3o nos pintores dos dois estados. O concurso de t\u00e9cnica de pintura \u201cRei\/Rainha do Recorte\u201d do Rio de Janeiro e do Esp\u00edrito Santo aconteceu neste s\u00e1bado, na capital carioca.\u00a0 A Sherwin-Williams, l\u00edder global na fabrica\u00e7\u00e3o, distribui\u00e7\u00e3o e venda de tintas e revestimentos, promove a disputa para&hellip;","_links":{"self":[{"href":"https:\/\/construcaocivil.siriusmarketingedesign.com.br\/index.php?rest_route=\/wp\/v2\/posts\/22839","targetHints":{"allow":["GET"]}}],"collection":[{"href":"https:\/\/construcaocivil.siriusmarketingedesign.com.br\/index.php?rest_route=\/wp\/v2\/posts"}],"about":[{"href":"https:\/\/construcaocivil.siriusmarketingedesign.com.br\/index.php?rest_route=\/wp\/v2\/types\/post"}],"author":[{"embeddable":true,"href":"https:\/\/construcaocivil.siriusmarketingedesign.com.br\/index.php?rest_route=\/wp\/v2\/users\/1"}],"replies":[{"embeddable":true,"href":"https:\/\/construcaocivil.siriusmarketingedesign.com.br\/index.php?rest_route=%2Fwp%2Fv2%2Fcomments&post=22839"}],"version-history":[{"count":0,"href":"https:\/\/construcaocivil.siriusmarketingedesign.com.br\/index.php?rest_route=\/wp\/v2\/posts\/22839\/revisions"}],"wp:featuredmedia":[{"embeddable":true,"href":"https:\/\/construcaocivil.siriusmarketingedesign.com.br\/index.php?rest_route=\/wp\/v2\/media\/22840"}],"wp:attachment":[{"href":"https:\/\/construcaocivil.siriusmarketingedesign.com.br\/index.php?rest_route=%2Fwp%2Fv2%2Fmedia&parent=22839"}],"wp:term":[{"taxonomy":"category","embeddable":true,"href":"https:\/\/construcaocivil.siriusmarketingedesign.com.br\/index.php?rest_route=%2Fwp%2Fv2%2Fcategories&post=22839"},{"taxonomy":"post_tag","embeddable":true,"href":"https:\/\/construcaocivil.siriusmarketingedesign.com.br\/index.php?rest_route=%2Fwp%2Fv2%2Ftags&post=22839"}],"curies":[{"name":"wp","href":"https:\/\/api.w.org\/{rel}","templated":true}]}}