{"id":22863,"date":"2023-12-08T18:12:30","date_gmt":"2023-12-08T21:12:30","guid":{"rendered":"https:\/\/www.jornaldaconstrucaocivil.com.br\/?p=22863"},"modified":"2023-12-08T18:12:30","modified_gmt":"2023-12-08T21:12:30","slug":"casa-de-vidro-ganha-exposicao-permanente-da-colecao-de-arte-popular-dos-bardi","status":"publish","type":"post","link":"https:\/\/construcaocivil.siriusmarketingedesign.com.br\/?p=22863","title":{"rendered":"Casa de Vidro ganha exposi\u00e7\u00e3o permanente da cole\u00e7\u00e3o de arte popular dos Bardi"},"content":{"rendered":"<p style=\"text-align: justify;\"><span style=\"color: #993300;\"><strong><i>Abertura acontece no pr\u00f3ximo s\u00e1bado, 09 de dezembro, \u00e0s 13h, com entrada gratuita<\/i><\/strong><\/span><\/p>\n<p style=\"text-align: justify;\">O Instituto Bardi abre no pr\u00f3ximo s\u00e1bado, dia 09 de dezembro, \u00e0s 13h, na Casa de Vidro, a exposi\u00e7\u00e3o permanente de arte popular e tecidos de Lina Bo e P. M. Bardi. A exposi\u00e7\u00e3o, resultado da Parceria de Fomento CAU\/SP &#8211; Conselho de Arquitetura e Urbanismo de S\u00e3o Paulo, re\u00fane centenas de objetos de uso dom\u00e9stico, ferramentas, bonecos, cer\u00e2micas e uma variedade de outras pe\u00e7as que traduzem o gosto do casal Bardi pelo fazer humano, em especial, do povo brasileiro.<\/p>\n<p style=\"text-align: justify;\">\n<p style=\"text-align: justify;\">Em setembro 2022, o &#8220;Projeto de Conserva\u00e7\u00e3o e Expografia: Cole\u00e7\u00e3o de objetos e tecidos de arte popular de Lina Bo e P. M. Bardi foi contemplado no edital de chamamento p\u00fablico 006\/2022 PAT &#8211; Cultural, Apoio \u00e0 Assist\u00eancia T\u00e9cnica a Preserva\u00e7\u00e3o de Patrim\u00f4nio Cultural e \u00e0s a\u00e7\u00f5es do CAU\/SP que visa reconhecer e valorizar a atua\u00e7\u00e3o de arquitetos e urbanistas no processo de preserva\u00e7\u00e3o e conserva\u00e7\u00e3o de bens culturais para al\u00e9m das edifica\u00e7\u00f5es.<\/p>\n<p style=\"text-align: justify;\">\n<p style=\"text-align: justify;\">O projeto buscou solucionar quest\u00f5es museais relacionadas \u00e0 conserva\u00e7\u00e3o e exposi\u00e7\u00e3o de objetos de valor cultural e hist\u00f3rico, reunidos em arm\u00e1rios nas depend\u00eancias da Casa de Vidro e desconhecidos do p\u00fablico visitante, pesquisadores, profissionais e sociedade em geral.<\/p>\n<p style=\"text-align: justify;\">\n<p style=\"text-align: justify;\">Nesse contexto, os arquitetos Marcelo Ferraz e Andr\u00e9 Vainer que integraram a equipe de Lina Bo Bardi, elaboraram um plano de conserva\u00e7\u00e3o para os arm\u00e1rios do vestu\u00e1rio da arquiteta, conhecido como closet de Lina, em resposta aos desafios de espa\u00e7o e condi\u00e7\u00f5es ambientais adequadas para compartilhar com o p\u00fablico parte da cole\u00e7\u00e3o de objetos e tecidos de arte de popular dos Bardi.<\/p>\n<p style=\"text-align: justify;\">\n<p style=\"text-align: justify;\">Com o projeto, dois arm\u00e1rios foram transformados para receber a exposi\u00e7\u00e3o permanente na Casa de Vidro, com objetos que j\u00e1 viajaram o mundo em mostras de importantes museus e foram apresentados na exposi\u00e7\u00e3o inaugural da sede do MASP na avenida paulista em 1969: &#8220;A m\u00e3o do povo brasileiro&#8221;, com curadoria e design expositivo de Lina Bo Bardi. A exposi\u00e7\u00e3o foi realizada no museu tamb\u00e9m em 2016.<\/p>\n<p style=\"text-align: justify;\">\n<p style=\"text-align: justify;\">Para o curador do Instituto, Renato Anelli, a exposi\u00e7\u00e3o permanente refor\u00e7a um tra\u00e7o importante do casal Bardi que \u00e9 gerar conhecimento e compartilh\u00e1-lo. &#8220;J\u00e1 o projeto, no contexto do PAT, incentiva a preserva\u00e7\u00e3o da mem\u00f3ria cultural do pa\u00eds, contribuindo para ampliar a percep\u00e7\u00e3o da arquitetura e do papel do CAU\/SP nesse campo&#8221;, comenta Anelli.<\/p>\n<p style=\"text-align: justify;\">\n<p style=\"text-align: justify;\">O projeto foi idealizado por Anna Carboncini, conselheira do Instituto e respons\u00e1vel pelo acervo dos Bardi por quase duas d\u00e9cadas, que morreu em novembro de 2022.<\/p>\n<p style=\"text-align: justify;\">\n<p style=\"text-align: justify;\"><strong><u>Servi\u00e7o:<\/u><\/strong><\/p>\n<p style=\"text-align: justify;\"><strong>Exposi\u00e7\u00e3o permanente de arte popular e tecidos do casal Lina Bo e P. M. Bardi<\/strong><\/p>\n<p style=\"text-align: justify;\"><strong>Abertura:<\/strong>\u00a009.12 \u00e0s 13h<\/p>\n<p style=\"text-align: justify;\"><strong>Visita\u00e7\u00e3o:<\/strong>\u00a0quinta a s\u00e1bado<\/p>\n<p style=\"text-align: justify;\"><strong>Hor\u00e1rios:<\/strong>\u00a010h, 11h30, 14h e 15h30<\/p>\n<p style=\"text-align: justify;\"><strong>Agendamento:<\/strong>\u00a0<a href=\"https:\/\/s2312.enviosrp.com\/link.php?code=bDpodHRwcyUzQSUyRiUyRnZpc2l0YSU0MGluc3RpdHV0b2JhcmRpLm9yZy5icjoyNzQ1MjcwMjA2OnNldmVyaWFuQGpvcm5hbGRhY29uc3RydWNhb2NpdmlsLmNvbS5icjpiZTA1ZTA6NjQ=\" target=\"_blank\" rel=\"noopener noreferrer\">visita\uff20institutobardi\u0702org\u0702br<\/a><\/p>\n<p style=\"text-align: justify;\"><strong>Parceria de fomento Conselho de Arquitetura e Urbanismo de S\u00e3o Paulo (CAU\/SP)<\/strong><\/p>\n","protected":false},"excerpt":{"rendered":"<p>Abertura acontece no pr\u00f3ximo s\u00e1bado, 09 de dezembro, \u00e0s 13h, com entrada gratuita O Instituto Bardi abre no pr\u00f3ximo s\u00e1bado, dia 09 de dezembro, \u00e0s 13h, na Casa de Vidro, a exposi\u00e7\u00e3o permanente de arte popular e tecidos de Lina Bo e P. M. Bardi. A exposi\u00e7\u00e3o, resultado da Parceria de Fomento CAU\/SP &#8211; Conselho [&hellip;]<\/p>\n","protected":false},"author":1,"featured_media":22864,"comment_status":"open","ping_status":"open","sticky":false,"template":"","format":"standard","meta":{"_uag_custom_page_level_css":"","footnotes":""},"categories":[28],"tags":[24836,923,25980,25979],"class_list":["post-22863","post","type-post","status-publish","format-standard","has-post-thumbnail","hentry","category-arquitetura","tag-servicosdeconstrucao","tag-arquitetura-e-urbanismo","tag-casa-de-vidro","tag-cau-sp"],"blocksy_meta":[],"spectra_blocks_featured_image_url":{"thumbnail":{"url":"https:\/\/construcaocivil.siriusmarketingedesign.com.br\/wp-content\/uploads\/2023\/12\/handler-28-150x150.jpg","width":150,"height":150},"medium":{"url":"https:\/\/construcaocivil.siriusmarketingedesign.com.br\/wp-content\/uploads\/2023\/12\/handler-28-300x200.jpg","width":300,"height":200},"medium_large":{"url":"https:\/\/construcaocivil.siriusmarketingedesign.com.br\/wp-content\/uploads\/2023\/12\/handler-28-768x513.jpg","width":768,"height":513},"large":{"url":"https:\/\/construcaocivil.siriusmarketingedesign.com.br\/wp-content\/uploads\/2023\/12\/handler-28.jpg","width":800,"height":534},"full":{"url":"https:\/\/construcaocivil.siriusmarketingedesign.com.br\/wp-content\/uploads\/2023\/12\/handler-28.jpg","width":800,"height":534}},"spectra_blocks_author_info":{"display_name":"Jornal da Constru\u00e7\u00e3o Civil","avatar_url":"https:\/\/secure.gravatar.com\/avatar\/973c9774fd44ddaceb026973c4962faa70fc512bc4c9da68e8ebb40fecee6540?s=96&d=mm&r=g","author_link":"https:\/\/construcaocivil.siriusmarketingedesign.com.br\/?author=1","description":"Desde de 2013, levando muitas informa\u00e7\u00f5es, lan\u00e7amentos e produtos de qualidade para toda cadeia produtiva da constru\u00e7\u00e3o. O Futuro da constru\u00e7\u00e3o passa por aqui,"},"uagb_featured_image_src":{"full":["https:\/\/construcaocivil.siriusmarketingedesign.com.br\/wp-content\/uploads\/2023\/12\/handler-28.jpg",800,534,false],"thumbnail":["https:\/\/construcaocivil.siriusmarketingedesign.com.br\/wp-content\/uploads\/2023\/12\/handler-28-150x150.jpg",150,150,true],"medium":["https:\/\/construcaocivil.siriusmarketingedesign.com.br\/wp-content\/uploads\/2023\/12\/handler-28-300x200.jpg",300,200,true],"medium_large":["https:\/\/construcaocivil.siriusmarketingedesign.com.br\/wp-content\/uploads\/2023\/12\/handler-28-768x513.jpg",768,513,true],"large":["https:\/\/construcaocivil.siriusmarketingedesign.com.br\/wp-content\/uploads\/2023\/12\/handler-28.jpg",800,534,false],"1536x1536":["https:\/\/construcaocivil.siriusmarketingedesign.com.br\/wp-content\/uploads\/2023\/12\/handler-28.jpg",800,534,false],"2048x2048":["https:\/\/construcaocivil.siriusmarketingedesign.com.br\/wp-content\/uploads\/2023\/12\/handler-28.jpg",800,534,false]},"uagb_author_info":{"display_name":"Jornal da Constru\u00e7\u00e3o Civil","author_link":"https:\/\/construcaocivil.siriusmarketingedesign.com.br\/?author=1"},"uagb_comment_info":0,"uagb_excerpt":"Abertura acontece no pr\u00f3ximo s\u00e1bado, 09 de dezembro, \u00e0s 13h, com entrada gratuita O Instituto Bardi abre no pr\u00f3ximo s\u00e1bado, dia 09 de dezembro, \u00e0s 13h, na Casa de Vidro, a exposi\u00e7\u00e3o permanente de arte popular e tecidos de Lina Bo e P. M. Bardi. A exposi\u00e7\u00e3o, resultado da Parceria de Fomento CAU\/SP &#8211; Conselho&hellip;","_links":{"self":[{"href":"https:\/\/construcaocivil.siriusmarketingedesign.com.br\/index.php?rest_route=\/wp\/v2\/posts\/22863","targetHints":{"allow":["GET"]}}],"collection":[{"href":"https:\/\/construcaocivil.siriusmarketingedesign.com.br\/index.php?rest_route=\/wp\/v2\/posts"}],"about":[{"href":"https:\/\/construcaocivil.siriusmarketingedesign.com.br\/index.php?rest_route=\/wp\/v2\/types\/post"}],"author":[{"embeddable":true,"href":"https:\/\/construcaocivil.siriusmarketingedesign.com.br\/index.php?rest_route=\/wp\/v2\/users\/1"}],"replies":[{"embeddable":true,"href":"https:\/\/construcaocivil.siriusmarketingedesign.com.br\/index.php?rest_route=%2Fwp%2Fv2%2Fcomments&post=22863"}],"version-history":[{"count":0,"href":"https:\/\/construcaocivil.siriusmarketingedesign.com.br\/index.php?rest_route=\/wp\/v2\/posts\/22863\/revisions"}],"wp:featuredmedia":[{"embeddable":true,"href":"https:\/\/construcaocivil.siriusmarketingedesign.com.br\/index.php?rest_route=\/wp\/v2\/media\/22864"}],"wp:attachment":[{"href":"https:\/\/construcaocivil.siriusmarketingedesign.com.br\/index.php?rest_route=%2Fwp%2Fv2%2Fmedia&parent=22863"}],"wp:term":[{"taxonomy":"category","embeddable":true,"href":"https:\/\/construcaocivil.siriusmarketingedesign.com.br\/index.php?rest_route=%2Fwp%2Fv2%2Fcategories&post=22863"},{"taxonomy":"post_tag","embeddable":true,"href":"https:\/\/construcaocivil.siriusmarketingedesign.com.br\/index.php?rest_route=%2Fwp%2Fv2%2Ftags&post=22863"}],"curies":[{"name":"wp","href":"https:\/\/api.w.org\/{rel}","templated":true}]}}