{"id":22895,"date":"2023-12-15T12:17:51","date_gmt":"2023-12-15T15:17:51","guid":{"rendered":"https:\/\/www.jornaldaconstrucaocivil.com.br\/?p=22895"},"modified":"2023-12-15T12:17:51","modified_gmt":"2023-12-15T15:17:51","slug":"crea-sp-confere-posse-a-primeira-mulher-na-presidencia","status":"publish","type":"post","link":"https:\/\/construcaocivil.siriusmarketingedesign.com.br\/?p=22895","title":{"rendered":"Crea-SP confere posse \u00e0 primeira mulher na Presid\u00eancia"},"content":{"rendered":"<p style=\"text-align: justify;\"><strong><span style=\"color: #993300;\">Engenheira L\u00edgia Marta Mackey \u00e9 sucessora do presidente Vinicius Marchese, que assumir\u00e1 o Confea<\/span><\/strong><\/p>\n<p style=\"text-align: justify;\">Os quase 90 anos de hist\u00f3ria do Conselho Regional de Engenharia e Agronomia do Estado de S\u00e3o Paulo (Crea-SP) foram marcados, nesta quinta-feira (14\/12), por um momento \u00fanico e hist\u00f3rico: a posse da primeira mulher eleita para presidir a autarquia. A engenheira civil L\u00edgia Marta Mackey assume o cargo apenas em 1\u00ba de janeiro para a gest\u00e3o de 2024 a 2026, mas j\u00e1 soma apoios entre profissionais registrados, entidades de classe e poder p\u00fablico.<\/p>\n<figure id=\"attachment_22897\" aria-describedby=\"caption-attachment-22897\" style=\"width: 300px\" class=\"wp-caption alignleft\"><img loading=\"lazy\" decoding=\"async\" class=\"size-medium wp-image-22897\" src=\"https:\/\/www.jornaldaconstrucaocivil.com.br\/wp-content\/uploads\/2023\/12\/handler-31-300x201.jpg\" alt=\"\" width=\"300\" height=\"201\" srcset=\"https:\/\/construcaocivil.siriusmarketingedesign.com.br\/wp-content\/uploads\/2023\/12\/handler-31-300x201.jpg 300w, https:\/\/construcaocivil.siriusmarketingedesign.com.br\/wp-content\/uploads\/2023\/12\/handler-31-768x514.jpg 768w, https:\/\/construcaocivil.siriusmarketingedesign.com.br\/wp-content\/uploads\/2023\/12\/handler-31-200x134.jpg 200w, https:\/\/construcaocivil.siriusmarketingedesign.com.br\/wp-content\/uploads\/2023\/12\/handler-31.jpg 800w\" sizes=\"auto, (max-width: 300px) 100vw, 300px\" \/><figcaption id=\"caption-attachment-22897\" class=\"wp-caption-text\">L\u00edgia Marta Mackey (esq) e Vinicius Marchese(dir.). Divulga\u00e7\u00e3o<\/figcaption><\/figure>\n<p style=\"text-align: justify;\">&#8220;Estar aqui, sendo empossada como a primeira mulher eleita em 89 anos de Crea-SP, \u00e9 um grande desafio para mim&#8221;, discursou. &#8220;Espero inspirar outras profissionais que desejam e precisam assumir cargos de lideran\u00e7a a acreditarem em seus potenciais&#8221;. A nova presidente do Conselho paulista falou ainda da sucess\u00e3o ao mandato do atual presidente Vinicius Marchese. &#8220;A data de hoje tem um outro significado muito especial. \u00c9 o reconhecimento do trabalho que vem sendo realizado h\u00e1 sete anos e precisa ter continuidade&#8221;, defendeu L\u00edgia.<\/p>\n<p>&nbsp;<\/p>\n<p style=\"text-align: justify;\">Marchese assumir\u00e1, tamb\u00e9m em janeiro, a Presid\u00eancia do Conselho Federal de Engenharia e Agronomia (Confea). Essa semana ele foi diplomado em Bras\u00edlia e, na ocasi\u00e3o, contou como foi a campanha em que percorreu todos os estados brasileiros e Distrito Federal. &#8220;Podem ter certeza que o Confea ser\u00e1 pautado com base nesse conhecimento para que essa estrutura, que precisa elevar o n\u00edvel de presta\u00e7\u00e3o de servi\u00e7o aos profissionais, alcance verdadeiramente a sociedade&#8221;. Ter em S\u00e3o Paulo algu\u00e9m de sua confian\u00e7a contribuir\u00e1 para isso. &#8220;\u00c9 muito melhor para todo mundo quando trabalhamos em um esp\u00edrito de entrega e de coletividade&#8221;, afirmou o engenheiro.<\/p>\n<p style=\"text-align: justify;\">\n<p style=\"text-align: justify;\">Al\u00e9m deles, tamb\u00e9m foram empossados, em Bras\u00edlia, os conselheiros federais engenheiro Daniel Montagnoli Robles, como titular, e ge\u00f3logo Ronaldo Malheiros Figueira, como suplente, que representar\u00e3o S\u00e3o Paulo no Plen\u00e1rio do Confea. Na capital paulista, quem mais tomou posse dos cargos, em reelei\u00e7\u00e3o, foi a diretoria da Caixa de Assist\u00eancia aos Profissionais do Crea-SP (M\u00fatua-SP), composta pelos engenheiros Renato Archanjo de Castro, diretor geral; Cl\u00e1udia Aparecida Ferreira Sornas Campos, diretora financeira; e Ronaldo Florentino dos Santos, diretor administrativo.<\/p>\n<p style=\"text-align: justify;\">\n<p style=\"text-align: justify;\"><strong>Sobre o Crea-SP &#8211;<\/strong>\u00a0Instalada h\u00e1 89 anos, a autarquia federal \u00e9 respons\u00e1vel pela fiscaliza\u00e7\u00e3o, controle, orienta\u00e7\u00e3o e aprimoramento do exerc\u00edcio e das atividades profissionais nas \u00e1reas da Engenharia, Agronomia e Geoci\u00eancias. O Crea-SP est\u00e1 presente nos 645 munic\u00edpios do Estado, conta com cerca de 350 mil profissionais registrados e 95 mil empresas registradas.<\/p>\n","protected":false},"excerpt":{"rendered":"<p>Engenheira L\u00edgia Marta Mackey \u00e9 sucessora do presidente Vinicius Marchese, que assumir\u00e1 o Confea Os quase 90 anos de hist\u00f3ria do Conselho Regional de Engenharia e Agronomia do Estado de S\u00e3o Paulo (Crea-SP) foram marcados, nesta quinta-feira (14\/12), por um momento \u00fanico e hist\u00f3rico: a posse da primeira mulher eleita para presidir a autarquia. A [&hellip;]<\/p>\n","protected":false},"author":1,"featured_media":22896,"comment_status":"open","ping_status":"open","sticky":false,"template":"","format":"standard","meta":{"_uag_custom_page_level_css":"","footnotes":""},"categories":[27],"tags":[26004,3144,26003,26002],"class_list":["post-22895","post","type-post","status-publish","format-standard","has-post-thumbnail","hentry","category-acontece","tag-servicosdenegenharia","tag-crea-sp","tag-eleicoes-no-crea-sp","tag-mulher-na-engenharia"],"blocksy_meta":[],"spectra_blocks_featured_image_url":{"thumbnail":{"url":"https:\/\/construcaocivil.siriusmarketingedesign.com.br\/wp-content\/uploads\/2023\/12\/handler-29-1-150x150.jpg","width":150,"height":150},"medium":{"url":"https:\/\/construcaocivil.siriusmarketingedesign.com.br\/wp-content\/uploads\/2023\/12\/handler-29-1-300x201.jpg","width":300,"height":201},"medium_large":{"url":"https:\/\/construcaocivil.siriusmarketingedesign.com.br\/wp-content\/uploads\/2023\/12\/handler-29-1-768x514.jpg","width":768,"height":514},"large":{"url":"https:\/\/construcaocivil.siriusmarketingedesign.com.br\/wp-content\/uploads\/2023\/12\/handler-29-1.jpg","width":800,"height":535},"full":{"url":"https:\/\/construcaocivil.siriusmarketingedesign.com.br\/wp-content\/uploads\/2023\/12\/handler-29-1.jpg","width":800,"height":535}},"spectra_blocks_author_info":{"display_name":"Jornal da Constru\u00e7\u00e3o Civil","avatar_url":"https:\/\/secure.gravatar.com\/avatar\/973c9774fd44ddaceb026973c4962faa70fc512bc4c9da68e8ebb40fecee6540?s=96&d=mm&r=g","author_link":"https:\/\/construcaocivil.siriusmarketingedesign.com.br\/?author=1","description":"Desde de 2013, levando muitas informa\u00e7\u00f5es, lan\u00e7amentos e produtos de qualidade para toda cadeia produtiva da constru\u00e7\u00e3o. O Futuro da constru\u00e7\u00e3o passa por aqui,"},"uagb_featured_image_src":{"full":["https:\/\/construcaocivil.siriusmarketingedesign.com.br\/wp-content\/uploads\/2023\/12\/handler-29-1.jpg",800,535,false],"thumbnail":["https:\/\/construcaocivil.siriusmarketingedesign.com.br\/wp-content\/uploads\/2023\/12\/handler-29-1-150x150.jpg",150,150,true],"medium":["https:\/\/construcaocivil.siriusmarketingedesign.com.br\/wp-content\/uploads\/2023\/12\/handler-29-1-300x201.jpg",300,201,true],"medium_large":["https:\/\/construcaocivil.siriusmarketingedesign.com.br\/wp-content\/uploads\/2023\/12\/handler-29-1-768x514.jpg",768,514,true],"large":["https:\/\/construcaocivil.siriusmarketingedesign.com.br\/wp-content\/uploads\/2023\/12\/handler-29-1.jpg",800,535,false],"1536x1536":["https:\/\/construcaocivil.siriusmarketingedesign.com.br\/wp-content\/uploads\/2023\/12\/handler-29-1.jpg",800,535,false],"2048x2048":["https:\/\/construcaocivil.siriusmarketingedesign.com.br\/wp-content\/uploads\/2023\/12\/handler-29-1.jpg",800,535,false]},"uagb_author_info":{"display_name":"Jornal da Constru\u00e7\u00e3o Civil","author_link":"https:\/\/construcaocivil.siriusmarketingedesign.com.br\/?author=1"},"uagb_comment_info":0,"uagb_excerpt":"Engenheira L\u00edgia Marta Mackey \u00e9 sucessora do presidente Vinicius Marchese, que assumir\u00e1 o Confea Os quase 90 anos de hist\u00f3ria do Conselho Regional de Engenharia e Agronomia do Estado de S\u00e3o Paulo (Crea-SP) foram marcados, nesta quinta-feira (14\/12), por um momento \u00fanico e hist\u00f3rico: a posse da primeira mulher eleita para presidir a autarquia. A&hellip;","_links":{"self":[{"href":"https:\/\/construcaocivil.siriusmarketingedesign.com.br\/index.php?rest_route=\/wp\/v2\/posts\/22895","targetHints":{"allow":["GET"]}}],"collection":[{"href":"https:\/\/construcaocivil.siriusmarketingedesign.com.br\/index.php?rest_route=\/wp\/v2\/posts"}],"about":[{"href":"https:\/\/construcaocivil.siriusmarketingedesign.com.br\/index.php?rest_route=\/wp\/v2\/types\/post"}],"author":[{"embeddable":true,"href":"https:\/\/construcaocivil.siriusmarketingedesign.com.br\/index.php?rest_route=\/wp\/v2\/users\/1"}],"replies":[{"embeddable":true,"href":"https:\/\/construcaocivil.siriusmarketingedesign.com.br\/index.php?rest_route=%2Fwp%2Fv2%2Fcomments&post=22895"}],"version-history":[{"count":0,"href":"https:\/\/construcaocivil.siriusmarketingedesign.com.br\/index.php?rest_route=\/wp\/v2\/posts\/22895\/revisions"}],"wp:featuredmedia":[{"embeddable":true,"href":"https:\/\/construcaocivil.siriusmarketingedesign.com.br\/index.php?rest_route=\/wp\/v2\/media\/22896"}],"wp:attachment":[{"href":"https:\/\/construcaocivil.siriusmarketingedesign.com.br\/index.php?rest_route=%2Fwp%2Fv2%2Fmedia&parent=22895"}],"wp:term":[{"taxonomy":"category","embeddable":true,"href":"https:\/\/construcaocivil.siriusmarketingedesign.com.br\/index.php?rest_route=%2Fwp%2Fv2%2Fcategories&post=22895"},{"taxonomy":"post_tag","embeddable":true,"href":"https:\/\/construcaocivil.siriusmarketingedesign.com.br\/index.php?rest_route=%2Fwp%2Fv2%2Ftags&post=22895"}],"curies":[{"name":"wp","href":"https:\/\/api.w.org\/{rel}","templated":true}]}}