{"id":2291,"date":"2016-06-24T18:07:48","date_gmt":"2016-06-24T18:07:48","guid":{"rendered":"http:\/\/www.jornaldaconstrucaocivil.com.br\/?p=2291"},"modified":"2016-06-24T18:07:48","modified_gmt":"2016-06-24T18:07:48","slug":"skate-parque-a-base-do-esporte-radical-em-marica","status":"publish","type":"post","link":"https:\/\/construcaocivil.siriusmarketingedesign.com.br\/?p=2291","title":{"rendered":"Skate Parque, a base do esporte radical em Maric\u00e1"},"content":{"rendered":"<p><span style=\"color: #0000ff;\"><strong>Maric\u00e1, junho<\/strong> <\/span>&#8211;<span style=\"color: #000000;\"> Skatistas e praticantes de outros esportes radicais ter\u00e3o um ponto de encontro em Maric\u00e1 j\u00e1 no fim de julho. Constru\u00eddo \u00e0s margens da Estrada do Boqueir\u00e3o, o Skate Parque est\u00e1 com as obras adiantadas. O espa\u00e7o, com 8 mil metros quadrados est\u00e1 sendo\u00a0constru\u00eddo pela Prefeitura com recursos pr\u00f3prios\u00a0e vai ser, segundo o secret\u00e1rio municipal adjunto de Obras, Marcos C\u00e2mara, o centro de esportes radicais da cidade. \u201cAqui vamos ter espa\u00e7o n\u00e3o s\u00f3 para skate, mas para patins, slackline e muro de escalada\u201d, afirma. Ainda segundo C\u00e2mara, o espa\u00e7o vai agregar atividades para todas as idades. \u201cEstamos fazendo agora a terraplanagem e no final de julho a pista de longboard j\u00e1 estar\u00e1 pronta\u201d, ressalta.<\/span><\/p>\n<figure id=\"attachment_2292\" aria-describedby=\"caption-attachment-2292\" style=\"width: 300px\" class=\"wp-caption alignleft\"><a href=\"http:\/\/www.jornaldaconstrucaocivil.com.br\/wp-content\/uploads\/2016\/06\/Parque.jpg\"><img loading=\"lazy\" decoding=\"async\" class=\"wp-image-2292 size-medium\" src=\"http:\/\/www.jornaldaconstrucaocivil.com.br\/wp-content\/uploads\/2016\/06\/Parque-300x169.jpg\" alt=\"Parque\" width=\"300\" height=\"169\" \/><\/a><figcaption id=\"caption-attachment-2292\" class=\"wp-caption-text\"><strong>Divulga\u00e7\u00e3o<\/strong><\/figcaption><\/figure>\n<p>Para o presidente da Associa\u00e7\u00e3o de Skate de Maric\u00e1 (ASKM), Marcelo Barros de Carvalho, o espa\u00e7o ser\u00e1 fant\u00e1stico para o esporte na cidade. Instrutor em uma escolinha de skate em Ino\u00e3, Marcelo elogia a iniciativa. \u201cMaric\u00e1 estava precisando de um espa\u00e7o desses. Um local que contemple skate, street, longboard, onde se reunir\u00e3o\u00a0skatistas de toda a cidade\u201d, acrescenta. O mesmo pensamento tem Lucas Diniz, 21 anos, para quem o espa\u00e7o\u00a0\u00e9 um avan\u00e7o para o esporte na regi\u00e3o. \u201cLegal! Aqui ser\u00e1 a possibilidade de reunir todas as galeras do skate\u201d, destacou.<\/p>\n<p>Marcelo Maia acrescenta que n\u00e3o s\u00f3 o pessoal do skate sai ganhando, mas todos os que praticam esportes radicais. \u201cAqui vamos reunir diversas tribos. Como os esportes est\u00e3o muito interligados, o skate parque vai ser um local que al\u00e9m de tudo ser\u00e1 uma grande \u00e1rea de lazer\u201d, concluiu.<\/p>\n<p>&nbsp;<\/p>\n","protected":false},"excerpt":{"rendered":"<p>Maric\u00e1, junho &#8211; Skatistas e praticantes de outros esportes radicais ter\u00e3o um ponto de encontro em Maric\u00e1 j\u00e1 no fim de julho. Constru\u00eddo \u00e0s margens da Estrada do Boqueir\u00e3o, o Skate Parque est\u00e1 com as obras adiantadas. O espa\u00e7o, com 8 mil metros quadrados est\u00e1 sendo\u00a0constru\u00eddo pela Prefeitura com recursos pr\u00f3prios\u00a0e vai ser, segundo o [&hellip;]<\/p>\n","protected":false},"author":1,"featured_media":2292,"comment_status":"open","ping_status":"open","sticky":false,"template":"","format":"standard","meta":{"_uag_custom_page_level_css":"","footnotes":""},"categories":[37],"tags":[2898,7246,7291,8665,10744,11720],"class_list":["post-2291","post","type-post","status-publish","format-standard","has-post-thumbnail","hentry","category-sustentabilidade","tag-construcao-skate","tag-marcelo-barros-de-carvalho-associacao-de-skate-de-marica","tag-marica","tag-parque","tag-secretaria-de-obras","tag-terraplanagem"],"blocksy_meta":[],"spectra_blocks_featured_image_url":[],"spectra_blocks_author_info":{"display_name":"Jornal da Constru\u00e7\u00e3o Civil","avatar_url":"https:\/\/secure.gravatar.com\/avatar\/973c9774fd44ddaceb026973c4962faa70fc512bc4c9da68e8ebb40fecee6540?s=96&d=mm&r=g","author_link":"https:\/\/construcaocivil.siriusmarketingedesign.com.br\/?author=1","description":"Desde de 2013, levando muitas informa\u00e7\u00f5es, lan\u00e7amentos e produtos de qualidade para toda cadeia produtiva da constru\u00e7\u00e3o. O Futuro da constru\u00e7\u00e3o passa por aqui,"},"uagb_featured_image_src":{"full":false,"thumbnail":false,"medium":false,"medium_large":false,"large":false,"1536x1536":false,"2048x2048":false},"uagb_author_info":{"display_name":"Jornal da Constru\u00e7\u00e3o Civil","author_link":"https:\/\/construcaocivil.siriusmarketingedesign.com.br\/?author=1"},"uagb_comment_info":0,"uagb_excerpt":"Maric\u00e1, junho &#8211; Skatistas e praticantes de outros esportes radicais ter\u00e3o um ponto de encontro em Maric\u00e1 j\u00e1 no fim de julho. Constru\u00eddo \u00e0s margens da Estrada do Boqueir\u00e3o, o Skate Parque est\u00e1 com as obras adiantadas. O espa\u00e7o, com 8 mil metros quadrados est\u00e1 sendo\u00a0constru\u00eddo pela Prefeitura com recursos pr\u00f3prios\u00a0e vai ser, segundo o&hellip;","_links":{"self":[{"href":"https:\/\/construcaocivil.siriusmarketingedesign.com.br\/index.php?rest_route=\/wp\/v2\/posts\/2291","targetHints":{"allow":["GET"]}}],"collection":[{"href":"https:\/\/construcaocivil.siriusmarketingedesign.com.br\/index.php?rest_route=\/wp\/v2\/posts"}],"about":[{"href":"https:\/\/construcaocivil.siriusmarketingedesign.com.br\/index.php?rest_route=\/wp\/v2\/types\/post"}],"author":[{"embeddable":true,"href":"https:\/\/construcaocivil.siriusmarketingedesign.com.br\/index.php?rest_route=\/wp\/v2\/users\/1"}],"replies":[{"embeddable":true,"href":"https:\/\/construcaocivil.siriusmarketingedesign.com.br\/index.php?rest_route=%2Fwp%2Fv2%2Fcomments&post=2291"}],"version-history":[{"count":0,"href":"https:\/\/construcaocivil.siriusmarketingedesign.com.br\/index.php?rest_route=\/wp\/v2\/posts\/2291\/revisions"}],"wp:attachment":[{"href":"https:\/\/construcaocivil.siriusmarketingedesign.com.br\/index.php?rest_route=%2Fwp%2Fv2%2Fmedia&parent=2291"}],"wp:term":[{"taxonomy":"category","embeddable":true,"href":"https:\/\/construcaocivil.siriusmarketingedesign.com.br\/index.php?rest_route=%2Fwp%2Fv2%2Fcategories&post=2291"},{"taxonomy":"post_tag","embeddable":true,"href":"https:\/\/construcaocivil.siriusmarketingedesign.com.br\/index.php?rest_route=%2Fwp%2Fv2%2Ftags&post=2291"}],"curies":[{"name":"wp","href":"https:\/\/api.w.org\/{rel}","templated":true}]}}