{"id":22919,"date":"2023-12-19T01:20:44","date_gmt":"2023-12-19T04:20:44","guid":{"rendered":"https:\/\/www.jornaldaconstrucaocivil.com.br\/?p=22919"},"modified":"2023-12-19T01:20:44","modified_gmt":"2023-12-19T04:20:44","slug":"expo-revestir-2024-negocios-e-conexoes-que-impulsionam-a-cadeia-da-construcao-civil","status":"publish","type":"post","link":"https:\/\/construcaocivil.siriusmarketingedesign.com.br\/?p=22919","title":{"rendered":"Expo Revestir 2024: neg\u00f3cios e conex\u00f5es que impulsionam a cadeia da constru\u00e7\u00e3o civil"},"content":{"rendered":"<p style=\"text-align: justify;\">Com trajet\u00f3ria de mais de 20 anos e consolidada entre as tr\u00eas maiores feiras do segmento no mundo, a Expo Revestir \u00e9 o principal ponto de encontro dos profissionais de revendas, construtoras, arquitetura e design de interiores<\/p>\n<p style=\"text-align: justify;\">Maior feira de revestimentos e acabamentos da Am\u00e9rica Latina, a pr\u00f3xima edi\u00e7\u00e3o da\u00a0<strong>Expo Revestir<\/strong>\u00a0acontecer\u00e1 de 19 a 22 de mar\u00e7o de 2024, no pavilh\u00e3o S\u00e3o Paulo Expo, como o primeiro grande evento de neg\u00f3cios do calend\u00e1rio nacional da constru\u00e7\u00e3o. Com espa\u00e7o de 65 mil metros quadrados, reunir\u00e1 p\u00fablico profissional altamente qualificado\u00a0em torno das principais tend\u00eancias e inova\u00e7\u00f5es, repletas de design, tecnologia e sustentabilidade.<\/p>\n<p style=\"text-align: justify;\">\n<p style=\"text-align: justify;\">Em 2024 ser\u00e3o 300 marcas expositoras dos segmentos de cer\u00e2micas, lou\u00e7as sanit\u00e1rias, metais, rochas ornamentais, mosaicos, madeiras, laminados, ciment\u00edcios, v\u00edtreos, maquin\u00e1rio, acess\u00f3rios e outros revestimentos. &#8220;A feira cresce a\u00a0cada ano em design e inova\u00e7\u00e3o.\u00a0Na \u00faltima edi\u00e7\u00e3o, tivemos historicamente o p\u00fablico mais qualificado da nossa trajet\u00f3ria, com aumento de 25% entre as revendas e 98% entre as construtoras e incorporadoras&#8221;, ressalta Maur\u00edcio Borges,\u00a0presidente-executivo da Expo Revestir e da Anfacer (Associa\u00e7\u00e3o Nacional dos Fabricantes de Cer\u00e2mica para Revestimentos, Lou\u00e7as Sanit\u00e1rias e Cong\u00eaneres), promotora do evento.\n<\/p>\n<p style=\"text-align: justify;\">&#8220;A Expo Revestir tem voca\u00e7\u00e3o de gerar e alavancar neg\u00f3cios e oferece uma agenda para cada p\u00fablico. Aproxima todas as \u00e1reas e\u00a0<i>stakeholders<\/i>\u00a0da constru\u00e7\u00e3o&#8221;, acrescenta Andr\u00e9 Soares, diretor-executivo da feira\u00a0e da Anfacer.<\/p>\n<p style=\"text-align: justify;\">\n<p style=\"text-align: justify;\"><strong>Business e Creative Days<\/strong><\/p>\n<p style=\"text-align: justify;\">A Expo Revestir 2024 dedicar\u00e1 os tr\u00eas primeiros dias \u2013 19, 20 e 21 de mar\u00e7o \u2013 aos neg\u00f3cios em sua ess\u00eancia (<strong>Business Days)<\/strong>, oferecendo atendimento personalizado para quem deseja estreitar rela\u00e7\u00f5es comerciais, fechar acordos e contratos e ampliar\u00a0<i>networking<\/i>\u00a0com fabricantes. O\u00a0<strong>Creative Day<\/strong>, 22 de mar\u00e7o, ser\u00e1 focado na imers\u00e3o em tend\u00eancias e conte\u00fados voltados para o p\u00fablico que quer se atualizar e conhecer, em primeira-m\u00e3o, os mais recentes lan\u00e7amentos para o mercado.<\/p>\n<p style=\"text-align: justify;\"><strong>Maratona de Conte\u00fados<\/strong><\/p>\n<p style=\"text-align: justify;\">O aguardado FIER+ (F\u00f3rum Internacional Expo Revestir) voltar\u00e1 para a planta da feira com novo segmento especial dedicado \u00e0 constru\u00e7\u00e3o. Ser\u00e1 palco das mais importantes vozes mundiais do varejo, constru\u00e7\u00e3o, arquitetura, design e arte, com palestras e debates que criam uma reflex\u00e3o sobre conceitos, desafios e tecnologias do futuro.<\/p>\n<p style=\"text-align: justify;\">Haver\u00e1, tamb\u00e9m, a\u00e7\u00f5es de\u00a0<i>hackathon<\/i>\u00a0e presen\u00e7a de\u00a0<i>startups<\/i>, al\u00e9m de programa\u00e7\u00e3o espec\u00edfica para o p\u00fablico de revenda. Ainda, aproveitando a oportunidade de encontro dos elos do setor, a\u00a0&#8220;Central do Assentador Cer\u00e2mico&#8221;, iniciativa lan\u00e7ada em 2023 pela Anfacer,\u00a0realizar\u00e1 cursos e oficinas de qualifica\u00e7\u00e3o e atualiza\u00e7\u00e3o profissional.<\/p>\n<p style=\"text-align: justify;\"><strong>Pr\u00eamio Best in Show<\/strong><\/p>\n<p style=\"text-align: justify;\">O\u00a0<i>Best In Show<\/i>\u00a0chegar\u00e1 com uma grande novidade em 2024. Em sua 9\u00aa edi\u00e7\u00e3o, o pr\u00eamio, que destaca os mais inovadores lan\u00e7amentos da feira, expandir\u00e1 suas fronteiras e ampliar\u00e1 os segmentos de produtos participantes. Ser\u00e3o 14 categorias: Melhor Porcelanato, Melhor Pastilha, Design Brasil Porcelanato, Melhor Revestimento, Melhor Pe\u00e7a Cer\u00e2mica Especial, Design Brasil Revestimento Cer\u00e2mico, Melhor Cole\u00e7\u00e3o Lou\u00e7a Cer\u00e2mica &#8211; Cubas e Lavat\u00f3rios, Melhor Cole\u00e7\u00e3o Lou\u00e7a Cer\u00e2mica &#8211; Bacias Sanit\u00e1rias, Melhor Metal Sanit\u00e1rio , Melhor Rocha Natural, Melhor Piso Vin\u00edlico, Melhor Piso Laminado, Melhor Ultra Compactado e Melhor Rodap\u00e9.\n<\/p>\n<p style=\"text-align: justify;\"><strong>Projeto Comprador e Imagem<\/strong><\/p>\n<p style=\"text-align: justify;\">Outra iniciativa bem-sucedida que j\u00e1 faz parte da agenda de neg\u00f3cios do evento \u00e9 o Projeto Comprador e Imagem. Realizado no \u00e2mbito do programa\u00a0<i>Ceramics of Brazil<\/i>, promovido pela Anfacer em parceria com a ApexBrasil (Ag\u00eancia Brasileira de Promo\u00e7\u00e3o de Exporta\u00e7\u00f5es e Investimentos), trar\u00e1 \u00e0 Expo Revestir compradores e jornalistas internacionais.<\/p>\n<p style=\"text-align: justify;\"><strong>SERVI\u00c7O Expo Revestir 2024<\/strong><\/p>\n<p style=\"text-align: justify;\">Business Days &#8211; 19 a 21 de mar\u00e7o: das 10h \u00e0s 19h<\/p>\n<p style=\"text-align: justify;\">Creative Day &#8211; 22 de mar\u00e7o: das 10h \u00e0s 17h<\/p>\n<p style=\"text-align: justify;\">Local: Pavilh\u00e3o de Exposi\u00e7\u00f5es S\u00e3o Paulo Expo<\/p>\n<p style=\"text-align: justify;\">Endere\u00e7o: KM 1,5, Rodovia dos Imigrantes, Vila \u00c1gua Funda, S\u00e3o Paulo, SP &#8211; 04329-900<\/p>\n<p style=\"text-align: justify;\"><a href=\"https:\/\/s2312.imxsnd04.com\/link.php?code=bDpodHRwcyUzQSUyRiUyRnd3dy5leHBvcmV2ZXN0aXIuY29tLmJyJTJGOjM0MzEyNzM2NjQ6c2V2ZXJpYW5Aam9ybmFsZGFjb25zdHJ1Y2FvY2l2aWwuY29tLmJyOmQwNGRiNDo2Mw==\" target=\"_blank\" rel=\"noopener noreferrer\">Clique aqui\u00a0<\/a>para acessar o site.<\/p>\n<p style=\"text-align: justify;\">\n","protected":false},"excerpt":{"rendered":"<p>Com trajet\u00f3ria de mais de 20 anos e consolidada entre as tr\u00eas maiores feiras do segmento no mundo, a Expo Revestir \u00e9 o principal ponto de encontro dos profissionais de revendas, construtoras, arquitetura e design de interiores Maior feira de revestimentos e acabamentos da Am\u00e9rica Latina, a pr\u00f3xima edi\u00e7\u00e3o da\u00a0Expo Revestir\u00a0acontecer\u00e1 de 19 a 22 [&hellip;]<\/p>\n","protected":false},"author":1,"featured_media":22920,"comment_status":"open","ping_status":"open","sticky":false,"template":"","format":"standard","meta":{"_uag_custom_page_level_css":"","footnotes":""},"categories":[28],"tags":[26018,25243,24757,923,2826],"class_list":["post-22919","post","type-post","status-publish","format-standard","has-post-thumbnail","hentry","category-arquitetura","tag-exporevestir2024","tag-saopauloexpo","tag-servicosdeengenharia","tag-arquitetura-e-urbanismo","tag-construcao-civil"],"blocksy_meta":[],"spectra_blocks_featured_image_url":{"thumbnail":{"url":"https:\/\/construcaocivil.siriusmarketingedesign.com.br\/wp-content\/uploads\/2023\/12\/IMG_1644-150x150.jpg","width":150,"height":150},"medium":{"url":"https:\/\/construcaocivil.siriusmarketingedesign.com.br\/wp-content\/uploads\/2023\/12\/IMG_1644-300x200.jpg","width":300,"height":200},"medium_large":{"url":"https:\/\/construcaocivil.siriusmarketingedesign.com.br\/wp-content\/uploads\/2023\/12\/IMG_1644-768x512.jpg","width":768,"height":512},"large":{"url":"https:\/\/construcaocivil.siriusmarketingedesign.com.br\/wp-content\/uploads\/2023\/12\/IMG_1644-1024x683.jpg","width":1024,"height":683},"full":{"url":"https:\/\/construcaocivil.siriusmarketingedesign.com.br\/wp-content\/uploads\/2023\/12\/IMG_1644-scaled.jpg","width":2560,"height":1707}},"spectra_blocks_author_info":{"display_name":"Jornal da Constru\u00e7\u00e3o Civil","avatar_url":"https:\/\/secure.gravatar.com\/avatar\/973c9774fd44ddaceb026973c4962faa70fc512bc4c9da68e8ebb40fecee6540?s=96&d=mm&r=g","author_link":"https:\/\/construcaocivil.siriusmarketingedesign.com.br\/?author=1","description":"Desde de 2013, levando muitas informa\u00e7\u00f5es, lan\u00e7amentos e produtos de qualidade para toda cadeia produtiva da constru\u00e7\u00e3o. O Futuro da constru\u00e7\u00e3o passa por aqui,"},"uagb_featured_image_src":{"full":["https:\/\/construcaocivil.siriusmarketingedesign.com.br\/wp-content\/uploads\/2023\/12\/IMG_1644-scaled.jpg",2560,1707,false],"thumbnail":["https:\/\/construcaocivil.siriusmarketingedesign.com.br\/wp-content\/uploads\/2023\/12\/IMG_1644-150x150.jpg",150,150,true],"medium":["https:\/\/construcaocivil.siriusmarketingedesign.com.br\/wp-content\/uploads\/2023\/12\/IMG_1644-300x200.jpg",300,200,true],"medium_large":["https:\/\/construcaocivil.siriusmarketingedesign.com.br\/wp-content\/uploads\/2023\/12\/IMG_1644-768x512.jpg",768,512,true],"large":["https:\/\/construcaocivil.siriusmarketingedesign.com.br\/wp-content\/uploads\/2023\/12\/IMG_1644-1024x683.jpg",1024,683,true],"1536x1536":["https:\/\/construcaocivil.siriusmarketingedesign.com.br\/wp-content\/uploads\/2023\/12\/IMG_1644-1536x1024.jpg",1536,1024,true],"2048x2048":["https:\/\/construcaocivil.siriusmarketingedesign.com.br\/wp-content\/uploads\/2023\/12\/IMG_1644-2048x1365.jpg",2048,1365,true]},"uagb_author_info":{"display_name":"Jornal da Constru\u00e7\u00e3o Civil","author_link":"https:\/\/construcaocivil.siriusmarketingedesign.com.br\/?author=1"},"uagb_comment_info":0,"uagb_excerpt":"Com trajet\u00f3ria de mais de 20 anos e consolidada entre as tr\u00eas maiores feiras do segmento no mundo, a Expo Revestir \u00e9 o principal ponto de encontro dos profissionais de revendas, construtoras, arquitetura e design de interiores Maior feira de revestimentos e acabamentos da Am\u00e9rica Latina, a pr\u00f3xima edi\u00e7\u00e3o da\u00a0Expo Revestir\u00a0acontecer\u00e1 de 19 a 22&hellip;","_links":{"self":[{"href":"https:\/\/construcaocivil.siriusmarketingedesign.com.br\/index.php?rest_route=\/wp\/v2\/posts\/22919","targetHints":{"allow":["GET"]}}],"collection":[{"href":"https:\/\/construcaocivil.siriusmarketingedesign.com.br\/index.php?rest_route=\/wp\/v2\/posts"}],"about":[{"href":"https:\/\/construcaocivil.siriusmarketingedesign.com.br\/index.php?rest_route=\/wp\/v2\/types\/post"}],"author":[{"embeddable":true,"href":"https:\/\/construcaocivil.siriusmarketingedesign.com.br\/index.php?rest_route=\/wp\/v2\/users\/1"}],"replies":[{"embeddable":true,"href":"https:\/\/construcaocivil.siriusmarketingedesign.com.br\/index.php?rest_route=%2Fwp%2Fv2%2Fcomments&post=22919"}],"version-history":[{"count":0,"href":"https:\/\/construcaocivil.siriusmarketingedesign.com.br\/index.php?rest_route=\/wp\/v2\/posts\/22919\/revisions"}],"wp:featuredmedia":[{"embeddable":true,"href":"https:\/\/construcaocivil.siriusmarketingedesign.com.br\/index.php?rest_route=\/wp\/v2\/media\/22920"}],"wp:attachment":[{"href":"https:\/\/construcaocivil.siriusmarketingedesign.com.br\/index.php?rest_route=%2Fwp%2Fv2%2Fmedia&parent=22919"}],"wp:term":[{"taxonomy":"category","embeddable":true,"href":"https:\/\/construcaocivil.siriusmarketingedesign.com.br\/index.php?rest_route=%2Fwp%2Fv2%2Fcategories&post=22919"},{"taxonomy":"post_tag","embeddable":true,"href":"https:\/\/construcaocivil.siriusmarketingedesign.com.br\/index.php?rest_route=%2Fwp%2Fv2%2Ftags&post=22919"}],"curies":[{"name":"wp","href":"https:\/\/api.w.org\/{rel}","templated":true}]}}