{"id":22928,"date":"2023-12-20T18:07:00","date_gmt":"2023-12-20T21:07:00","guid":{"rendered":"https:\/\/www.jornaldaconstrucaocivil.com.br\/?p=22928"},"modified":"2023-12-20T18:07:00","modified_gmt":"2023-12-20T21:07:00","slug":"presente-de-natal-do-congresso-ameaca-o-novo-pac-emendas-parlamentares-turbinadas-em-bilhoes-e-meta-fiscal-zero-sao-aprovadas-para-2024","status":"publish","type":"post","link":"https:\/\/construcaocivil.siriusmarketingedesign.com.br\/?p=22928","title":{"rendered":"Presente de Natal do congresso amea\u00e7a o NOVO PAC:  Emendas parlamentares turbinadas em bilh\u00f5es e meta Fiscal Zero s\u00e3o aprovadas para 2024"},"content":{"rendered":"<p style=\"text-align: justify;\"><span style=\"color: #000080;\">Dezembro<\/span>, <span style=\"color: #000080;\">2023<\/span>&#8211; O bate cabe\u00e7a dentro do governo federal em saber o que quer e, o que n\u00e3o quer, al\u00e9m da apatia end\u00eamica para lidar com os deputados Centr\u00e3o e Extrema-Direita, a famosa bancada do -DIN ! DIN !-, abocanhou uns <span style=\"color: #993300;\"><strong>R$ 53 bilh\u00f5es<\/strong><\/span> do dinheiro do #NovoPAC (Novo Programa de Acelera\u00e7\u00e3o do Governo Federal), que segue no &#8220;objetivo&#8221; de gerar milh\u00f5es de empregos e transformar o Brasil num verdadeiro canteiro de obras nos pr\u00f3ximos anos.<\/p>\n<p style=\"text-align: justify;\"><em><span style=\"color: #993300;\">Pergunta: A PICANHA \u00c9 PARA ESTE ESTE NATAL 2023 OU NATAL de 2024 ?\u00a0<\/span><\/em><\/p>\n<p style=\"text-align: justify;\">De acordo com o Ministro da Casa Civil Rui Costa, -pai do Novo PAC-, ser\u00e3o investidos R$ 1,7 trilh\u00e3o em investimentos nas mais diversas \u00e1reas de infraestrutura urbana e social do pa\u00eds, mas desse jeito vai ter obra parada novamente.<\/p>\n<p>O presidente da C\u00e2mara dos Deputados, Artur Lira &#8211; PP segue em ritmo acelerado com a\u00e7\u00f5es de 1\u00ba Ministro.<\/p>\n<p style=\"text-align: justify;\">\n<p style=\"text-align: justify;\"><strong>Resumo da C\u00e2mara dos Deputados\u00a0<\/strong><\/p>\n<h1 class=\"g-artigo__titulo\" style=\"text-align: justify;\">Congresso aprova Lei de Diretrizes Or\u00e7ament\u00e1rias de 2024<\/h1>\n<p>&nbsp;<\/p>\n<p style=\"text-align: justify;\">O Congresso Nacional aprovou a <span id=\"4066\" class=\"termoGlossario\" title=\"\" contenteditable=\"false\" data-toggle=\"tooltip\" data-placement=\"top\" data-original-title=\"Lei que orienta a elabora\u00e7\u00e3o do or\u00e7amento do ano seguinte. Cont\u00e9m informa\u00e7\u00f5es sobre as metas e prioridades dos tr\u00eas poderes (Executivo, Legislativo e Judici\u00e1rio) e do Minist\u00e9rio P\u00fablico da Uni\u00e3o. Tamb\u00e9m define a meta fiscal para o ano seguinte. \u00c9 elaborada pelo Executivo e aprovada pelo Congresso Nacional.\">Lei de Diretrizes Or\u00e7ament\u00e1rias<\/span> (LDO) de 2024 (PLN 4\/23), mantendo prazos de execu\u00e7\u00e3o para as emendas parlamentares individuais e de bancadas estaduais e um valor m\u00ednimo de R$ 11 bilh\u00f5es para as emendas de comiss\u00f5es permanentes. Agora, o texto ser\u00e1 enviado para a san\u00e7\u00e3o do presidente.<\/p>\n<p style=\"text-align: justify;\">Vice-l\u00edder do governo no Congresso, o deputado Carlos Zarattini (PT-SP) fez acordo para retirar <span id=\"4027\" class=\"termoGlossario\" title=\"\" contenteditable=\"false\" data-toggle=\"tooltip\" data-placement=\"top\" data-original-title=\"Pedido feito por deputado ou l\u00edder de partido para votar, de forma separada, emenda ou parte do texto. A vota\u00e7\u00e3o ocorre ap\u00f3s a aprova\u00e7\u00e3o do texto principal.\">destaques<\/span> que buscavam suprimir as mudan\u00e7as nas emendas, mas afirmou que n\u00e3o existe compromisso do governo com esses dispositivos, indicando a possibilidade de vetos.<\/p>\n<p style=\"text-align: justify;\">A LDO estabelece os crit\u00e9rios para a elabora\u00e7\u00e3o do Or\u00e7amento do ano seguinte.<\/p>\n<p style=\"text-align: justify;\">O relator da LDO, deputado Danilo Forte (Uni\u00e3o-CE), disse que as mudan\u00e7as em rela\u00e7\u00e3o \u00e0s emendas parlamentares s\u00e3o uma continua\u00e7\u00e3o de um movimento iniciado h\u00e1 dez anos, quando as emendas individuais e de bancadas estaduais passaram a ser de execu\u00e7\u00e3o impositiva.<\/p>\n<p style=\"text-align: justify;\">\u201cPercebemos, h\u00e1 dez anos, que o Parlamento vivia isolado, dependente dos sabores e dissabores do governo de turno, que, a\u00ed sim, realizava o presidencialismo de chantagem. E foi a partir daquela LDO, da qual tamb\u00e9m fui relator, que passamos a alterar essa realidade\u201d.<\/p>\n<p style=\"text-align: justify;\">Com as emendas de comiss\u00f5es, o total de emendas parlamentares com valores fixados no Or\u00e7amento chega a R$ 49 bilh\u00f5es. No projeto da lei or\u00e7ament\u00e1ria de 2024 (<a class=\"linkProposicao\" href=\"https:\/\/www.camara.leg.br\/noticias\/993644-orcamento-de-2024-preve-minimo-de-r-1-421\">PLN 29\/23<\/a>), as despesas prim\u00e1rias est\u00e3o estimadas em R$ 2 trilh\u00f5es, mas apenas R$ 226 bilh\u00f5es s\u00e3o de despesas n\u00e3o-obrigat\u00f3rias.<\/p>\n<div id=\"image-container-1027937\" class=\"image-container\" style=\"text-align: justify;\" data-midia=\"1027937\">\n<div class=\"midia-creditos\">\n<p>O deputado Carlos Zarattini disse que o Congresso est\u00e1 invadindo atribui\u00e7\u00f5es do Executivo. Ele disse que o governo sabe que 2024 \u00e9 um ano eleitoral e que as emendas precisam ser liberadas mais rapidamente por causa das restri\u00e7\u00f5es da legisla\u00e7\u00e3o.<\/p>\n<p>\u201cCabe ao Executivo fazer esse cronograma. O Congresso n\u00e3o pode, pela pr\u00f3pria Lei de Responsabilidade Fiscal, assumir essa decis\u00e3o. At\u00e9 porque o governo tem que gerir um Or\u00e7amento que n\u00e3o se limita \u00e0s emendas parlamentares\u201d.<\/p>\n<p>Pela LDO aprovada, as emendas impositivas ter\u00e3o que ser contratadas ainda no primeiro semestre de 2024. Em caso de contingenciamento de recursos para cumprimento da meta fiscal, o governo ter\u00e1 que fazer cortes, na mesma propor\u00e7\u00e3o, nas emendas e nas demais despesas n\u00e3o obrigat\u00f3rias do Or\u00e7amento. Outro dispositivo determina que, ap\u00f3s a liquida\u00e7\u00e3o da emenda, ela ter\u00e1 prioridade de pagamento em rela\u00e7\u00e3o a outras despesas discricion\u00e1rias.<\/p>\n<p><strong>Limites<\/strong><br \/>\nPara o deputado Bohn Gass (PT-RS), tem que haver um limite para as emendas parlamentares. \u201cN\u00e3o devia ter nenhuma no meu entender. Mas, se existem, n\u00e3o deviam ser tantas. E nem impositivas do jeito que s\u00e3o. Porque ao fragmentar o repasse para os munic\u00edpios, n\u00f3s estamos diminuindo os programas estruturantes que Pa\u00eds precisa para desenvolver suas atividades\u201d.<\/p>\n<p>Mas o deputado Danilo Forte disse que o Congresso j\u00e1 demonstrou que atua com responsabilidade, aprovando medidas enviadas pelo Executivo. \u201cN\u00e3o ser\u00e1 com cargos e libera\u00e7\u00e3o de emendas que o parlamentar demonstrar\u00e1 sua lealdade. Se algo ficou provado neste ano, \u00e9 que o governo precisa tirar do papel a t\u00e3o prometida Frente Ampla e abandonar a velha postura impositiva de suas vontades\u201d.<\/p>\n<p>As emendas de comiss\u00e3o n\u00e3o s\u00e3o impositivas, mas a LDO aprovada agora estabelece uma destina\u00e7\u00e3o m\u00ednima de 0,9% da receita l\u00edquida de 2022 para essas emendas, sendo que dois ter\u00e7os para as comiss\u00f5es da C\u00e2mara e um ter\u00e7o, para as do Senado.<\/p>\n<div id=\"image-container-1027938\" class=\"image-container\" data-midia=\"1027938\">\n<div class=\"midia-creditos\">\n<p><strong>Meta fiscal<\/strong><br \/>\nA LDO manteve a meta fiscal de 2024, que \u00e9 de zerar o d\u00e9ficit das contas p\u00fablicas. O governo entende que existe um limite de contingenciamento em torno de R$ 23 bilh\u00f5es para 2024, limite que seria dado pelo novo regime fiscal (LC 200\/23).<\/p>\n<p>Segundo o governo, a lei assegura um crescimento m\u00ednimo das despesas de 0,6%. Nota t\u00e9cnica da Consultoria de Or\u00e7amento da C\u00e2mara, por\u00e9m, aponta que, para garantir a meta fiscal, o corte poderia chegar a R$ 56 bilh\u00f5es.<\/p>\n<p>Mas alguns setores foram ressalvados de contingenciamentos no ano que vem:<\/p>\n<ul>\n<li>seguro rural;<\/li>\n<li>pesquisas da Embrapa;<\/li>\n<li>defesa agropecu\u00e1ria;<\/li>\n<li>educa\u00e7\u00e3o de pessoas com altas habilidades;<\/li>\n<li>despesas com Ci\u00eancia, Tecnologia e Inova\u00e7\u00e3o;<\/li>\n<li>preven\u00e7\u00e3o \u00e0s viol\u00eancias contra crian\u00e7as e adolescentes;<\/li>\n<li>atendimento de mulheres e meninas v\u00edtimas de viol\u00eancia dom\u00e9stica e sexual;<\/li>\n<li>execu\u00e7\u00e3o de a\u00e7\u00f5es do Fundo de Universaliza\u00e7\u00e3o dos Servi\u00e7os de Telecomunica\u00e7\u00f5es;<\/li>\n<li>despesas vinculadas \u00e0 Compensa\u00e7\u00e3o Financeira pela Explora\u00e7\u00e3o de Recursos Minerais;<\/li>\n<li>programa Esporte para a Vida; Bolsa-Atleta;<\/li>\n<li>R$ 5 bilh\u00f5es em investimentos do Programa de Acelera\u00e7\u00e3o do Crescimento.<\/li>\n<\/ul>\n<p><strong>Metas e Prioridades<\/strong><br \/>\nComo em outros anos, a LDO construiu um anexo com metas e prioridades definidos por 651 emendas parlamentares. O governo havia sugerido que as prioridades e metas fossem as estabelecidas no Plano Plurianual para 2024-2027, mas isso n\u00e3o foi acatado. Foram destacadas no texto as seguintes prioridades:<\/p>\n<ul>\n<li>a\u00e7\u00f5es integradas de sa\u00fade e educa\u00e7\u00e3o para crian\u00e7as com defici\u00eancia, especialmente aquelas com transtorno do espectro autista;<\/li>\n<li>incentivo ao uso de energias renov\u00e1veis;<\/li>\n<li>combate e erradica\u00e7\u00e3o da fome;<\/li>\n<li>incentivo ao empreendedorismo feminino;<\/li>\n<li>apoio \u00e0 educa\u00e7\u00e3o de pessoas com altas habilidades; e<\/li>\n<li>promo\u00e7\u00e3o de salas exclusivas de atendimento especializado em delegacias para mulheres e meninas v\u00edtimas de viol\u00eancia dom\u00e9stica ou sexual.<\/li>\n<\/ul>\n<p><strong>Minha Casa, Minha Vida<br \/>\n<\/strong>Pela LDO, o programa Minha Casa, Minha Vida vai oferecer 30% dos recursos, em um primeiro momento, para as cidades menores. Mas, caso elas n\u00e3o apresentem projetos, o dinheiro dever\u00e1 ser revertido para as cidades maiores.<\/p>\n<p>E foi inclu\u00edda na complementa\u00e7\u00e3o que a Uni\u00e3o faz para o Fundo de Manuten\u00e7\u00e3o da Educa\u00e7\u00e3o B\u00e1sica (Fundeb), recursos para a manuten\u00e7\u00e3o de programas de transporte, alimenta\u00e7\u00e3o, al\u00e9m de fornecimento de uniforme e material escolar.<\/p>\n<p><strong>Transfer\u00eancias especiais e volunt\u00e1rias<\/strong><br \/>\nO texto tamb\u00e9m estabelece um controle maior das transfer\u00eancias especiais. O parlamentar ter\u00e1 que indicar em qual \u00e1rea elas ser\u00e3o usadas e os tribunais de contas locais ter\u00e3o que ser informados sobre os repasses para poderem fiscalizar. As transfer\u00eancias especiais s\u00e3o emendas individuais entregues diretamente a gestores municipais e estaduais.<\/p>\n<p>Em rela\u00e7\u00e3o \u00e0s transfer\u00eancias volunt\u00e1rias feitas por conv\u00eanios, foi suspensa a obrigatoriedade de que os munic\u00edpios com popula\u00e7\u00e3o inferior a 50 mil habitantes estejam adimplentes com o governo para firmarem esses acordos. E, nas transfer\u00eancias de recursos para entidades privadas, foi ampliada a possibilidade de atendimento de entidades sem fins lucrativos com recursos para obras.<\/p>\n<p><strong>Emenda PL<br \/>\n<\/strong>Em Plen\u00e1rio, foi aprovada emenda do PL que pro\u00edbe despesas que promovam, incentivem ou financiem:<\/p>\n<p>&#8211; invas\u00e3o ou ocupa\u00e7\u00e3o de propriedades rurais privadas;<\/p>\n<p>&#8211; a\u00e7\u00f5es tendentes a influenciar crian\u00e7as e adolescentes, da creche ao ensino m\u00e9dio, a terem op\u00e7\u00f5es sexuais diferentes do sexo biol\u00f3gico;<\/p>\n<p>&#8211; a\u00e7\u00f5es tendentes a desconstruir, diminuir ou extinguir o conceito de fam\u00edlia tradicional, formado por pai, m\u00e3e e filhos;<\/p>\n<p>&#8211; cirurgias em crian\u00e7as e adolescentes para mudan\u00e7a de sexo;<\/p>\n<p>&#8211; realiza\u00e7\u00e3o de abortos, exceto nos casos autorizados em lei.<\/p>\n<p>V\u00e1rios parlamentares disseram que a emenda trata de temas que j\u00e1 n\u00e3o s\u00e3o permitidos hoje e que a LDO nunca disp\u00f4s sobre eles; mas a aprova\u00e7\u00e3o foi ampla tanto na C\u00e2mara quanto no Senado.<\/p>\n<p><span style=\"color: #0000ff;\">Fonte: Ag\u00eancia C\u00e2mara dos Deputados Federais\u00a0<\/span><\/p>\n<\/div>\n<\/div>\n<\/div>\n<\/div>\n<p style=\"text-align: justify;\">\n","protected":false},"excerpt":{"rendered":"<p>Dezembro, 2023&#8211; O bate cabe\u00e7a dentro do governo federal em saber o que quer e, o que n\u00e3o quer, al\u00e9m da apatia end\u00eamica para lidar com os deputados Centr\u00e3o e Extrema-Direita, a famosa bancada do -DIN ! DIN !-, abocanhou uns R$ 53 bilh\u00f5es do dinheiro do #NovoPAC (Novo Programa de Acelera\u00e7\u00e3o do Governo Federal), [&hellip;]<\/p>\n","protected":false},"author":1,"featured_media":22929,"comment_status":"open","ping_status":"open","sticky":false,"template":"","format":"standard","meta":{"_uag_custom_page_level_css":"","footnotes":""},"categories":[33],"tags":[26024,1569,26027,26025,26026,26028],"class_list":["post-22928","post","type-post","status-publish","format-standard","has-post-thumbnail","hentry","category-mercado","tag-ameaca-novopac","tag-brasilia","tag-empregos-e-investimentos","tag-ldo","tag-meta-fiscal-zero","tag-picanha-no-natal"],"blocksy_meta":[],"spectra_blocks_featured_image_url":{"thumbnail":{"url":"https:\/\/construcaocivil.siriusmarketingedesign.com.br\/wp-content\/uploads\/2023\/12\/PAC-INCA-150x150.jpg","width":150,"height":150},"medium":{"url":"https:\/\/construcaocivil.siriusmarketingedesign.com.br\/wp-content\/uploads\/2023\/12\/PAC-INCA-300x157.jpg","width":300,"height":157},"medium_large":{"url":"https:\/\/construcaocivil.siriusmarketingedesign.com.br\/wp-content\/uploads\/2023\/12\/PAC-INCA-768x403.jpg","width":768,"height":403},"large":{"url":"https:\/\/construcaocivil.siriusmarketingedesign.com.br\/wp-content\/uploads\/2023\/12\/PAC-INCA.jpg","width":797,"height":418},"full":{"url":"https:\/\/construcaocivil.siriusmarketingedesign.com.br\/wp-content\/uploads\/2023\/12\/PAC-INCA.jpg","width":797,"height":418}},"spectra_blocks_author_info":{"display_name":"Jornal da Constru\u00e7\u00e3o Civil","avatar_url":"https:\/\/secure.gravatar.com\/avatar\/973c9774fd44ddaceb026973c4962faa70fc512bc4c9da68e8ebb40fecee6540?s=96&d=mm&r=g","author_link":"https:\/\/construcaocivil.siriusmarketingedesign.com.br\/?author=1","description":"Desde de 2013, levando muitas informa\u00e7\u00f5es, lan\u00e7amentos e produtos de qualidade para toda cadeia produtiva da constru\u00e7\u00e3o. O Futuro da constru\u00e7\u00e3o passa por aqui,"},"uagb_featured_image_src":{"full":["https:\/\/construcaocivil.siriusmarketingedesign.com.br\/wp-content\/uploads\/2023\/12\/PAC-INCA.jpg",797,418,false],"thumbnail":["https:\/\/construcaocivil.siriusmarketingedesign.com.br\/wp-content\/uploads\/2023\/12\/PAC-INCA-150x150.jpg",150,150,true],"medium":["https:\/\/construcaocivil.siriusmarketingedesign.com.br\/wp-content\/uploads\/2023\/12\/PAC-INCA-300x157.jpg",300,157,true],"medium_large":["https:\/\/construcaocivil.siriusmarketingedesign.com.br\/wp-content\/uploads\/2023\/12\/PAC-INCA-768x403.jpg",768,403,true],"large":["https:\/\/construcaocivil.siriusmarketingedesign.com.br\/wp-content\/uploads\/2023\/12\/PAC-INCA.jpg",797,418,false],"1536x1536":["https:\/\/construcaocivil.siriusmarketingedesign.com.br\/wp-content\/uploads\/2023\/12\/PAC-INCA.jpg",797,418,false],"2048x2048":["https:\/\/construcaocivil.siriusmarketingedesign.com.br\/wp-content\/uploads\/2023\/12\/PAC-INCA.jpg",797,418,false]},"uagb_author_info":{"display_name":"Jornal da Constru\u00e7\u00e3o Civil","author_link":"https:\/\/construcaocivil.siriusmarketingedesign.com.br\/?author=1"},"uagb_comment_info":0,"uagb_excerpt":"Dezembro, 2023&#8211; O bate cabe\u00e7a dentro do governo federal em saber o que quer e, o que n\u00e3o quer, al\u00e9m da apatia end\u00eamica para lidar com os deputados Centr\u00e3o e Extrema-Direita, a famosa bancada do -DIN ! DIN !-, abocanhou uns R$ 53 bilh\u00f5es do dinheiro do #NovoPAC (Novo Programa de Acelera\u00e7\u00e3o do Governo Federal),&hellip;","_links":{"self":[{"href":"https:\/\/construcaocivil.siriusmarketingedesign.com.br\/index.php?rest_route=\/wp\/v2\/posts\/22928","targetHints":{"allow":["GET"]}}],"collection":[{"href":"https:\/\/construcaocivil.siriusmarketingedesign.com.br\/index.php?rest_route=\/wp\/v2\/posts"}],"about":[{"href":"https:\/\/construcaocivil.siriusmarketingedesign.com.br\/index.php?rest_route=\/wp\/v2\/types\/post"}],"author":[{"embeddable":true,"href":"https:\/\/construcaocivil.siriusmarketingedesign.com.br\/index.php?rest_route=\/wp\/v2\/users\/1"}],"replies":[{"embeddable":true,"href":"https:\/\/construcaocivil.siriusmarketingedesign.com.br\/index.php?rest_route=%2Fwp%2Fv2%2Fcomments&post=22928"}],"version-history":[{"count":0,"href":"https:\/\/construcaocivil.siriusmarketingedesign.com.br\/index.php?rest_route=\/wp\/v2\/posts\/22928\/revisions"}],"wp:featuredmedia":[{"embeddable":true,"href":"https:\/\/construcaocivil.siriusmarketingedesign.com.br\/index.php?rest_route=\/wp\/v2\/media\/22929"}],"wp:attachment":[{"href":"https:\/\/construcaocivil.siriusmarketingedesign.com.br\/index.php?rest_route=%2Fwp%2Fv2%2Fmedia&parent=22928"}],"wp:term":[{"taxonomy":"category","embeddable":true,"href":"https:\/\/construcaocivil.siriusmarketingedesign.com.br\/index.php?rest_route=%2Fwp%2Fv2%2Fcategories&post=22928"},{"taxonomy":"post_tag","embeddable":true,"href":"https:\/\/construcaocivil.siriusmarketingedesign.com.br\/index.php?rest_route=%2Fwp%2Fv2%2Ftags&post=22928"}],"curies":[{"name":"wp","href":"https:\/\/api.w.org\/{rel}","templated":true}]}}