{"id":22931,"date":"2023-12-21T09:55:52","date_gmt":"2023-12-21T12:55:52","guid":{"rendered":"https:\/\/www.jornaldaconstrucaocivil.com.br\/?p=22931"},"modified":"2023-12-21T09:55:52","modified_gmt":"2023-12-21T12:55:52","slug":"verao-mais-limpo-descubra-como-facilitar-o-descarte-de-lixo-nas-praias-com-latas-de-aco","status":"publish","type":"post","link":"https:\/\/construcaocivil.siriusmarketingedesign.com.br\/?p=22931","title":{"rendered":"Ver\u00e3o mais limpo: Descubra como facilitar o descarte de lixo nas praias com latas de a\u00e7o"},"content":{"rendered":"<p style=\"text-align: justify;\"><i>Com o in\u00edcio do ver\u00e3o, em 21 de dezembro, \u00e9 comum que mais pessoas frequentem o litoral e a quantidade de res\u00edduos nas areias aumente<\/i><\/p>\n<p style=\"text-align: justify;\">Considerado um grave problema ambiental, anualmente, durante o in\u00edcio do ver\u00e3o e o aumento das temperaturas, \u00e9 muito comum que a quantidade de res\u00edduos deixados nas areias do litoral brasileiro aumente. O descarte de lixo nas praias \u00e9 t\u00e3o comum e corriqueiro pelas pessoas que as frequentam que, no r\u00e9veillon de 2021 para 2022, a prefeitura do Rio de Janeiro recolheu cerca de 320 toneladas de entulhos*.<\/p>\n<p style=\"text-align: justify;\">Mas o problema n\u00e3o est\u00e1 apenas nas areias. Estima-se que 80% dos pl\u00e1sticos presentes no oceano, sejam origin\u00e1rios da gest\u00e3o incorreta do lixo urbano, das ind\u00fastrias e dos com\u00e9rcios, como do turismo no litoral, o que \u00e9 reflexo tamb\u00e9m dos descartes incorretos de res\u00edduos nas praias.<\/p>\n<p><center><\/p>\n<p style=\"text-align: justify;\">Para mudar este cen\u00e1rio, torna-se necess\u00e1rio instruir e educar os frequentadores de praias. Isso porque, muitas vezes, o descarte inadequado ocorre por conta da dist\u00e2ncia entre as lixeiras dispon\u00edveis e os banhistas. Pensando nisso, a cidade de Vila Velha, no Esp\u00edrito Santo, concretizou um projeto que viabilizava uma lixeira port\u00e1til*, fruto do reaproveitamento de latas de a\u00e7o, \u00e0s pessoas.<\/p>\n<p style=\"text-align: justify;\">Que tal se inspirar nesta a\u00e7\u00e3o e preparar a sua pr\u00f3pria lixeira? Para que ela te acompanhe em qualquer praia do Brasil, opte por uma lata de a\u00e7o, pois s\u00e3o resistentes e poder\u00e3o ser recicladas e reaproveitadas adequadamente quando voc\u00ea n\u00e3o a utilizar mais. Escolha a vers\u00e3o que estiver de f\u00e1cil acesso a voc\u00ea, pode ser uma lata de tinta, de algum alimento, como milho e ervilha, ou outro tipo. As crian\u00e7as ainda adorar\u00e3o decor\u00e1-la, tornando a atividade ainda mais especial e educativa.<\/p>\n<p style=\"text-align: justify;\">\u201cIniciativas como a da prefeitura de Vila Velha fazem toda a diferen\u00e7a na instru\u00e7\u00e3o e reeduca\u00e7\u00e3o para o descarte correto de lixo e a concretiza\u00e7\u00e3o da reciclagem. As latas de a\u00e7o auxiliarem nisso, s\u00f3 comprova sua capacidade sustent\u00e1vel\u201d, comenta Thais Fagury, presidente-executiva da Associa\u00e7\u00e3o Brasileira de Embalagem de A\u00e7o (Abea\u00e7o).<\/p>\n<p style=\"text-align: left;\"><a href=\"https:\/\/trashin.com.br\/lixo-na-praia-quais-sao-as-consequencias-e-solucoes\/\" target=\"_blank\" rel=\"noopener noreferrer\">Fonte: Trashin (2022).<\/a><\/p>\n<p>&nbsp;<\/p>\n<p><\/center><\/p>\n<div style=\"text-align: justify;\"><\/div>\n","protected":false},"excerpt":{"rendered":"<p>Com o in\u00edcio do ver\u00e3o, em 21 de dezembro, \u00e9 comum que mais pessoas frequentem o litoral e a quantidade de res\u00edduos nas areias aumente Considerado um grave problema ambiental, anualmente, durante o in\u00edcio do ver\u00e3o e o aumento das temperaturas, \u00e9 muito comum que a quantidade de res\u00edduos deixados nas areias do litoral brasileiro [&hellip;]<\/p>\n","protected":false},"author":1,"featured_media":22932,"comment_status":"open","ping_status":"open","sticky":false,"template":"","format":"standard","meta":{"_uag_custom_page_level_css":"","footnotes":""},"categories":[37],"tags":[26031,21830,26029,21826,14545,26030],"class_list":["post-22931","post","type-post","status-publish","format-standard","has-post-thumbnail","hentry","category-sustentabilidade","tag-praiaslimpas","tag-abeaco","tag-catadores-de-latinhas","tag-latas-de-aco","tag-praias-limpas","tag-vila-velha-es"],"blocksy_meta":[],"spectra_blocks_featured_image_url":{"thumbnail":{"url":"https:\/\/construcaocivil.siriusmarketingedesign.com.br\/wp-content\/uploads\/2023\/12\/Iniciativa-em-Vila-Velha-1-150x150.jpg","width":150,"height":150},"medium":{"url":"https:\/\/construcaocivil.siriusmarketingedesign.com.br\/wp-content\/uploads\/2023\/12\/Iniciativa-em-Vila-Velha-1-300x167.jpg","width":300,"height":167},"medium_large":{"url":"https:\/\/construcaocivil.siriusmarketingedesign.com.br\/wp-content\/uploads\/2023\/12\/Iniciativa-em-Vila-Velha-1-768x427.jpg","width":768,"height":427},"large":{"url":"https:\/\/construcaocivil.siriusmarketingedesign.com.br\/wp-content\/uploads\/2023\/12\/Iniciativa-em-Vila-Velha-1.jpg","width":900,"height":500},"full":{"url":"https:\/\/construcaocivil.siriusmarketingedesign.com.br\/wp-content\/uploads\/2023\/12\/Iniciativa-em-Vila-Velha-1.jpg","width":900,"height":500}},"spectra_blocks_author_info":{"display_name":"Jornal da Constru\u00e7\u00e3o Civil","avatar_url":"https:\/\/secure.gravatar.com\/avatar\/973c9774fd44ddaceb026973c4962faa70fc512bc4c9da68e8ebb40fecee6540?s=96&d=mm&r=g","author_link":"https:\/\/construcaocivil.siriusmarketingedesign.com.br\/?author=1","description":"Desde de 2013, levando muitas informa\u00e7\u00f5es, lan\u00e7amentos e produtos de qualidade para toda cadeia produtiva da constru\u00e7\u00e3o. O Futuro da constru\u00e7\u00e3o passa por aqui,"},"uagb_featured_image_src":{"full":["https:\/\/construcaocivil.siriusmarketingedesign.com.br\/wp-content\/uploads\/2023\/12\/Iniciativa-em-Vila-Velha-1.jpg",900,500,false],"thumbnail":["https:\/\/construcaocivil.siriusmarketingedesign.com.br\/wp-content\/uploads\/2023\/12\/Iniciativa-em-Vila-Velha-1-150x150.jpg",150,150,true],"medium":["https:\/\/construcaocivil.siriusmarketingedesign.com.br\/wp-content\/uploads\/2023\/12\/Iniciativa-em-Vila-Velha-1-300x167.jpg",300,167,true],"medium_large":["https:\/\/construcaocivil.siriusmarketingedesign.com.br\/wp-content\/uploads\/2023\/12\/Iniciativa-em-Vila-Velha-1-768x427.jpg",768,427,true],"large":["https:\/\/construcaocivil.siriusmarketingedesign.com.br\/wp-content\/uploads\/2023\/12\/Iniciativa-em-Vila-Velha-1.jpg",900,500,false],"1536x1536":["https:\/\/construcaocivil.siriusmarketingedesign.com.br\/wp-content\/uploads\/2023\/12\/Iniciativa-em-Vila-Velha-1.jpg",900,500,false],"2048x2048":["https:\/\/construcaocivil.siriusmarketingedesign.com.br\/wp-content\/uploads\/2023\/12\/Iniciativa-em-Vila-Velha-1.jpg",900,500,false]},"uagb_author_info":{"display_name":"Jornal da Constru\u00e7\u00e3o Civil","author_link":"https:\/\/construcaocivil.siriusmarketingedesign.com.br\/?author=1"},"uagb_comment_info":0,"uagb_excerpt":"Com o in\u00edcio do ver\u00e3o, em 21 de dezembro, \u00e9 comum que mais pessoas frequentem o litoral e a quantidade de res\u00edduos nas areias aumente Considerado um grave problema ambiental, anualmente, durante o in\u00edcio do ver\u00e3o e o aumento das temperaturas, \u00e9 muito comum que a quantidade de res\u00edduos deixados nas areias do litoral brasileiro&hellip;","_links":{"self":[{"href":"https:\/\/construcaocivil.siriusmarketingedesign.com.br\/index.php?rest_route=\/wp\/v2\/posts\/22931","targetHints":{"allow":["GET"]}}],"collection":[{"href":"https:\/\/construcaocivil.siriusmarketingedesign.com.br\/index.php?rest_route=\/wp\/v2\/posts"}],"about":[{"href":"https:\/\/construcaocivil.siriusmarketingedesign.com.br\/index.php?rest_route=\/wp\/v2\/types\/post"}],"author":[{"embeddable":true,"href":"https:\/\/construcaocivil.siriusmarketingedesign.com.br\/index.php?rest_route=\/wp\/v2\/users\/1"}],"replies":[{"embeddable":true,"href":"https:\/\/construcaocivil.siriusmarketingedesign.com.br\/index.php?rest_route=%2Fwp%2Fv2%2Fcomments&post=22931"}],"version-history":[{"count":0,"href":"https:\/\/construcaocivil.siriusmarketingedesign.com.br\/index.php?rest_route=\/wp\/v2\/posts\/22931\/revisions"}],"wp:featuredmedia":[{"embeddable":true,"href":"https:\/\/construcaocivil.siriusmarketingedesign.com.br\/index.php?rest_route=\/wp\/v2\/media\/22932"}],"wp:attachment":[{"href":"https:\/\/construcaocivil.siriusmarketingedesign.com.br\/index.php?rest_route=%2Fwp%2Fv2%2Fmedia&parent=22931"}],"wp:term":[{"taxonomy":"category","embeddable":true,"href":"https:\/\/construcaocivil.siriusmarketingedesign.com.br\/index.php?rest_route=%2Fwp%2Fv2%2Fcategories&post=22931"},{"taxonomy":"post_tag","embeddable":true,"href":"https:\/\/construcaocivil.siriusmarketingedesign.com.br\/index.php?rest_route=%2Fwp%2Fv2%2Ftags&post=22931"}],"curies":[{"name":"wp","href":"https:\/\/api.w.org\/{rel}","templated":true}]}}