{"id":22934,"date":"2023-12-21T10:24:53","date_gmt":"2023-12-21T13:24:53","guid":{"rendered":"https:\/\/www.jornaldaconstrucaocivil.com.br\/?p=22934"},"modified":"2023-12-21T10:24:53","modified_gmt":"2023-12-21T13:24:53","slug":"mota-machado-e-eleita-empresa-destaque-na-construcao-civil-na-36a-edicao-do-premio-the-best-em-maranhao","status":"publish","type":"post","link":"https:\/\/construcaocivil.siriusmarketingedesign.com.br\/?p=22934","title":{"rendered":"Mota Machado \u00e9 eleita &#8220;Empresa Destaque na Constru\u00e7\u00e3o Civil&#8221; na 36\u00aa edi\u00e7\u00e3o do Pr\u00eamio The Best, em Maranh\u00e3o"},"content":{"rendered":"<p style=\"text-align: justify;\"><span style=\"color: #993300;\">Dezembro<\/span> &#8211; A construtora Mota Machado, que atua h\u00e1 45 anos no mercado imobili\u00e1rio de alto padr\u00e3o em S\u00e3o Lu\u00eds-MA, recebeu o t\u00edtulo de \u201cEmpresa Destaque na Constru\u00e7\u00e3o Civil do Ano\u201d, na 36\u00aa edi\u00e7\u00e3o do Pr\u00eamio The Best. O evento, que aconteceu na quinta-feira passada (14), premiou as principais empresas, personalidades, institui\u00e7\u00f5es, jovens empreendedores e profissionais que tiveram destaque em suas respectivas \u00e1reas de atua\u00e7\u00e3o.<\/p>\n<p style=\"text-align: justify;\">Representando a Mota Machado, o diretor comercial e de incorpora\u00e7\u00e3o, Wallace Soares, esteve \u00e0 frente do momento de homenagem da noite, recebendo o pr\u00eamio.<\/p>\n<p style=\"text-align: justify;\">O mercado de S\u00e3o Lu\u00eds \u00e9 muito importante para a Mota Machado, pois desenvolvemos empreendimentos com alto padr\u00e3o construtivo h\u00e1 mais de quatro d\u00e9cadas. Receber esse pr\u00eamio, que evidencia os principais em cada segmento, nos retorna que estamos trilhando o caminho certo. Nossa meta \u00e9 continuar investindo na melhor qualidade construtiva dispon\u00edvel, para que proporcione aos nossos clientes, um bem-estar inigual\u00e1vel nos nossos projetos, onde eles possam conversar muito bem com o meio ambiente, acompanhando sempre as principais tend\u00eancias, estando alinhado ao que o cliente mais deseja para a sua moradia\u201d, comenta Wallace.<\/p>\n<p style=\"text-align: justify;\">No somat\u00f3rio de investimentos no Maranh\u00e3o, a contar de 2019 a 2024, a Mota Machado projeta um impacto de R$ 610 milh\u00f5es aplicados em projetos e mais de duas mil vagas de empregos diretos e indiretos. Entre os destaques, a\u00a0 marca traz empreendimentos como o Mirante da Pen\u00ednsula, que faz parte do selo Mota Machado Collection e alcan\u00e7ou 100% de vendas a 17 meses da entrega; o Pen\u00ednsula 280, que conta com uma arquitetura ousada e contempor\u00e2nea, tornando o pr\u00e9dio um verdadeiro \u00edcone na paisagem de S\u00e3o Lu\u00eds; e o Al Mare, mais recente projeto entregue pela empresa, que re\u00fane sustentabilidade e qualidade de vida, com localiza\u00e7\u00e3o privilegiada no bairro de S\u00e3o Marcos.<\/p>\n","protected":false},"excerpt":{"rendered":"<p>Dezembro &#8211; A construtora Mota Machado, que atua h\u00e1 45 anos no mercado imobili\u00e1rio de alto padr\u00e3o em S\u00e3o Lu\u00eds-MA, recebeu o t\u00edtulo de \u201cEmpresa Destaque na Constru\u00e7\u00e3o Civil do Ano\u201d, na 36\u00aa edi\u00e7\u00e3o do Pr\u00eamio The Best. O evento, que aconteceu na quinta-feira passada (14), premiou as principais empresas, personalidades, institui\u00e7\u00f5es, jovens empreendedores e [&hellip;]<\/p>\n","protected":false},"author":1,"featured_media":22935,"comment_status":"open","ping_status":"open","sticky":false,"template":"","format":"standard","meta":{"_uag_custom_page_level_css":"","footnotes":""},"categories":[30],"tags":[26032,2826,25732,5195,8144,10664],"class_list":["post-22934","post","type-post","status-publish","format-standard","has-post-thumbnail","hentry","category-imoveis","tag-36a-edicao-do-premio-the-best","tag-construcao-civil","tag-construtora-mota-machado","tag-fortaleza","tag-nordeste","tag-sao-luis-ma"],"blocksy_meta":[],"spectra_blocks_featured_image_url":{"thumbnail":{"url":"https:\/\/construcaocivil.siriusmarketingedesign.com.br\/wp-content\/uploads\/2023\/12\/Premio-The-Best-Mota-Machado-Foto-Fabiano-Araujo-1-150x150.jpg","width":150,"height":150},"medium":{"url":"https:\/\/construcaocivil.siriusmarketingedesign.com.br\/wp-content\/uploads\/2023\/12\/Premio-The-Best-Mota-Machado-Foto-Fabiano-Araujo-1-300x200.jpg","width":300,"height":200},"medium_large":{"url":"https:\/\/construcaocivil.siriusmarketingedesign.com.br\/wp-content\/uploads\/2023\/12\/Premio-The-Best-Mota-Machado-Foto-Fabiano-Araujo-1-768x512.jpg","width":768,"height":512},"large":{"url":"https:\/\/construcaocivil.siriusmarketingedesign.com.br\/wp-content\/uploads\/2023\/12\/Premio-The-Best-Mota-Machado-Foto-Fabiano-Araujo-1-1024x683.jpg","width":1024,"height":683},"full":{"url":"https:\/\/construcaocivil.siriusmarketingedesign.com.br\/wp-content\/uploads\/2023\/12\/Premio-The-Best-Mota-Machado-Foto-Fabiano-Araujo-1.jpg","width":1059,"height":706}},"spectra_blocks_author_info":{"display_name":"Jornal da Constru\u00e7\u00e3o Civil","avatar_url":"https:\/\/secure.gravatar.com\/avatar\/973c9774fd44ddaceb026973c4962faa70fc512bc4c9da68e8ebb40fecee6540?s=96&d=mm&r=g","author_link":"https:\/\/construcaocivil.siriusmarketingedesign.com.br\/?author=1","description":"Desde de 2013, levando muitas informa\u00e7\u00f5es, lan\u00e7amentos e produtos de qualidade para toda cadeia produtiva da constru\u00e7\u00e3o. O Futuro da constru\u00e7\u00e3o passa por aqui,"},"uagb_featured_image_src":{"full":["https:\/\/construcaocivil.siriusmarketingedesign.com.br\/wp-content\/uploads\/2023\/12\/Premio-The-Best-Mota-Machado-Foto-Fabiano-Araujo-1.jpg",1059,706,false],"thumbnail":["https:\/\/construcaocivil.siriusmarketingedesign.com.br\/wp-content\/uploads\/2023\/12\/Premio-The-Best-Mota-Machado-Foto-Fabiano-Araujo-1-150x150.jpg",150,150,true],"medium":["https:\/\/construcaocivil.siriusmarketingedesign.com.br\/wp-content\/uploads\/2023\/12\/Premio-The-Best-Mota-Machado-Foto-Fabiano-Araujo-1-300x200.jpg",300,200,true],"medium_large":["https:\/\/construcaocivil.siriusmarketingedesign.com.br\/wp-content\/uploads\/2023\/12\/Premio-The-Best-Mota-Machado-Foto-Fabiano-Araujo-1-768x512.jpg",768,512,true],"large":["https:\/\/construcaocivil.siriusmarketingedesign.com.br\/wp-content\/uploads\/2023\/12\/Premio-The-Best-Mota-Machado-Foto-Fabiano-Araujo-1-1024x683.jpg",1024,683,true],"1536x1536":["https:\/\/construcaocivil.siriusmarketingedesign.com.br\/wp-content\/uploads\/2023\/12\/Premio-The-Best-Mota-Machado-Foto-Fabiano-Araujo-1.jpg",1059,706,false],"2048x2048":["https:\/\/construcaocivil.siriusmarketingedesign.com.br\/wp-content\/uploads\/2023\/12\/Premio-The-Best-Mota-Machado-Foto-Fabiano-Araujo-1.jpg",1059,706,false]},"uagb_author_info":{"display_name":"Jornal da Constru\u00e7\u00e3o Civil","author_link":"https:\/\/construcaocivil.siriusmarketingedesign.com.br\/?author=1"},"uagb_comment_info":0,"uagb_excerpt":"Dezembro &#8211; A construtora Mota Machado, que atua h\u00e1 45 anos no mercado imobili\u00e1rio de alto padr\u00e3o em S\u00e3o Lu\u00eds-MA, recebeu o t\u00edtulo de \u201cEmpresa Destaque na Constru\u00e7\u00e3o Civil do Ano\u201d, na 36\u00aa edi\u00e7\u00e3o do Pr\u00eamio The Best. O evento, que aconteceu na quinta-feira passada (14), premiou as principais empresas, personalidades, institui\u00e7\u00f5es, jovens empreendedores e&hellip;","_links":{"self":[{"href":"https:\/\/construcaocivil.siriusmarketingedesign.com.br\/index.php?rest_route=\/wp\/v2\/posts\/22934","targetHints":{"allow":["GET"]}}],"collection":[{"href":"https:\/\/construcaocivil.siriusmarketingedesign.com.br\/index.php?rest_route=\/wp\/v2\/posts"}],"about":[{"href":"https:\/\/construcaocivil.siriusmarketingedesign.com.br\/index.php?rest_route=\/wp\/v2\/types\/post"}],"author":[{"embeddable":true,"href":"https:\/\/construcaocivil.siriusmarketingedesign.com.br\/index.php?rest_route=\/wp\/v2\/users\/1"}],"replies":[{"embeddable":true,"href":"https:\/\/construcaocivil.siriusmarketingedesign.com.br\/index.php?rest_route=%2Fwp%2Fv2%2Fcomments&post=22934"}],"version-history":[{"count":0,"href":"https:\/\/construcaocivil.siriusmarketingedesign.com.br\/index.php?rest_route=\/wp\/v2\/posts\/22934\/revisions"}],"wp:featuredmedia":[{"embeddable":true,"href":"https:\/\/construcaocivil.siriusmarketingedesign.com.br\/index.php?rest_route=\/wp\/v2\/media\/22935"}],"wp:attachment":[{"href":"https:\/\/construcaocivil.siriusmarketingedesign.com.br\/index.php?rest_route=%2Fwp%2Fv2%2Fmedia&parent=22934"}],"wp:term":[{"taxonomy":"category","embeddable":true,"href":"https:\/\/construcaocivil.siriusmarketingedesign.com.br\/index.php?rest_route=%2Fwp%2Fv2%2Fcategories&post=22934"},{"taxonomy":"post_tag","embeddable":true,"href":"https:\/\/construcaocivil.siriusmarketingedesign.com.br\/index.php?rest_route=%2Fwp%2Fv2%2Ftags&post=22934"}],"curies":[{"name":"wp","href":"https:\/\/api.w.org\/{rel}","templated":true}]}}