{"id":22957,"date":"2023-12-23T20:32:56","date_gmt":"2023-12-23T23:32:56","guid":{"rendered":"https:\/\/www.jornaldaconstrucaocivil.com.br\/?p=22957"},"modified":"2023-12-23T20:32:56","modified_gmt":"2023-12-23T23:32:56","slug":"concerto-e-ato-de-natal-vao-homenagear-as-vitimas-do-rompimento-da-barragem-da-vale-em-brumadinho","status":"publish","type":"post","link":"https:\/\/construcaocivil.siriusmarketingedesign.com.br\/?p=22957","title":{"rendered":"Concerto e Ato de Natal v\u00e3o homenagear as v\u00edtimas do rompimento da barragem da Vale em Brumadinho"},"content":{"rendered":"<p style=\"text-align: justify;\"><em><strong>Com entrada franca, concerto ser\u00e1 realizado no dia 23\/12, \u00e0s 19h30, na Igreja Nossa Senhora da Concei\u00e7\u00e3o, em Concei\u00e7\u00e3o de Itagu\u00e1 \u2013 Brumado. J\u00e1 no dia 25\/12, \u00e0s 12h, ato mensal dos familiares das v\u00edtimas ir\u00e1 acontecer no letreiro de Brumadinho<\/strong><\/em><\/p>\n<p style=\"text-align: justify;\">\n<p style=\"text-align: justify;\">Brumadinho, 22 de dezembro de 2023 &#8211; Com programa\u00e7\u00e3o musical gratuita voltada para levar alento, empatia e solidariedade para os moradores de Brumadinho e familiares das v\u00edtimas do rompimento da barragem da Vale em 2019, acontece no dia 23\/12, \u00e0s 19h30, o 2\u00b0 Concerto de Natal para Brumadinho em homenagem \u00e0s 272 v\u00edtimas da trag\u00e9dia-crime, na Igreja Nossa Senhora da Concei\u00e7\u00e3o, em Concei\u00e7\u00e3o de Itagu\u00e1 \u2013 Brumado. J\u00e1 no dia 25\/12, \u00e0s 12h, o ato mensal dos familiares das v\u00edtimas ser\u00e1 realizado no letreiro de Brumadinho.<\/p>\n<p style=\"text-align: justify;\">\n<p style=\"text-align: justify;\">Ap\u00f3s quase 5 anos sem nenhuma responsabiliza\u00e7\u00e3o penal pelo crime, familiares ir\u00e3o passar mais um Natal com um lugar vazio na mesa.<\/p>\n<p style=\"text-align: justify;\">\n<p style=\"text-align: justify;\">Concerto de Natal<\/p>\n<p style=\"text-align: justify;\">\n<p style=\"text-align: justify;\">Se o Natal \u00e9 s\u00edmbolo de celebra\u00e7\u00e3o da vida, o Concerto de Natal para Brumadinho acontece justamente em mem\u00f3ria das vidas que se transformaram em saudade a partir do rompimento da barragem da Vale, em 25 de janeiro de 2019.<\/p>\n<p style=\"text-align: justify;\">\n<p style=\"text-align: justify;\">Idealizado pela AVABRUM (Associa\u00e7\u00e3o dos Familiares de V\u00edtimas e Atingidos pelo Rompimento da Barragem Mina C\u00f3rrego do Feij\u00e3o &#8211; Brumadinho), atrav\u00e9s do projeto Legado de Brumadinho*, o evento far\u00e1 10 apresenta\u00e7\u00f5es de grupos e artistas locais com m\u00fasicas com temas natalinos de conhecimento do p\u00fablico.<\/p>\n<p style=\"text-align: justify;\">\n<p style=\"text-align: justify;\">Grupos e cantores participantes:<\/p>\n<p style=\"text-align: justify;\">\n<p style=\"text-align: justify;\">Luziane Silva, Mariana Nascimento e Sanr\u00e1h<\/p>\n<p style=\"text-align: justify;\">Grupo Em nome do Pai e do Filho e Isabela Sales<\/p>\n<p style=\"text-align: justify;\">Octeto Atmosfera<\/p>\n<p style=\"text-align: justify;\">Orquestra de Reciclados Batucabrum<\/p>\n<p style=\"text-align: justify;\">Coral Meninas e Meninos Cantores<\/p>\n<p style=\"text-align: justify;\">Coral P\u00e9rolas Negras Batucabrum<\/p>\n<p style=\"text-align: justify;\">Dudu Mendes<\/p>\n<p style=\"text-align: justify;\">S\u00e9rgio Saraiva<\/p>\n<p style=\"text-align: justify;\">Luana Lima e Geison<\/p>\n<p style=\"text-align: justify;\">Kaike<\/p>\n<p style=\"text-align: justify;\">\n<p style=\"text-align: justify;\">&#8220;Nosso objetivo com o Concerto \u00e9 levar alento \u00e0s pessoas, aos familiares e amigos das v\u00edtimas do rompimento da barragem. A m\u00fasica tem um papel muito importante de levar carinho, amor, afeto e ternura. E \u00e9 muito significativo a gente fazer esse ato no Natal, que \u00e9 o renascimento de Jesus no cora\u00e7\u00e3o das pessoas&#8221;, disse Angelo Sanrah, respons\u00e1vel pelo Concerto e um dos m\u00fasicos que ir\u00e1 se apresentar na a\u00e7\u00e3o.<\/p>\n<p style=\"text-align: justify;\">\n<p style=\"text-align: justify;\"><strong>Ato mensal dos familiares<\/strong><\/p>\n<p style=\"text-align: justify;\">\n<p style=\"text-align: justify;\">J\u00e1 o dia Natal, 25\/12, tamb\u00e9m \u00e9 o dia em que a trag\u00e9dia-crime da Vale completa 4 anos e 11 meses, e mais um ato dos familiares das v\u00edtimas por justi\u00e7a; pelo encontro de Maria de Lurdes Bueno, Tiago Tadeu Silva e Nathalia Ara\u00fajo, as 3 v\u00edtimas ainda n\u00e3o localizadas; por mem\u00f3ria, para que a trag\u00e9dia-crime n\u00e3o seja esquecida; direitos dos familiares e n\u00e3o repeti\u00e7\u00e3o do crime, ser\u00e1 realizada em frente ao letreiro de Brumadinho, \u00e0s 12h.<\/p>\n<p style=\"text-align: justify;\">\n<p style=\"text-align: justify;\">SERVI\u00c7O<\/p>\n<p style=\"text-align: justify;\">\n<p style=\"text-align: justify;\">Concerto de Natal para Brumadinho<\/p>\n<p style=\"text-align: justify;\">\n<p style=\"text-align: justify;\">Quando: s\u00e1bado, 23 de dezembro<\/p>\n<p style=\"text-align: justify;\">\n<p style=\"text-align: justify;\">Onde:\u00a0 Igreja Nossa Senhora da Concei\u00e7\u00e3o, Pra\u00e7a da Matriz &#8211; Concei\u00e7\u00e3o do Itagu\u00e1<\/p>\n<p style=\"text-align: justify;\">\n<p style=\"text-align: justify;\">Hor\u00e1rio: 19h30<\/p>\n<p style=\"text-align: justify;\">\n<p style=\"text-align: justify;\">Evento gratuito<\/p>\n<p style=\"text-align: justify;\">\n<p style=\"text-align: justify;\">Ato em homenagem \u00e0s v\u00edtimas da trag\u00e9dia de Brumadinho<\/p>\n<p style=\"text-align: justify;\">\n<p style=\"text-align: justify;\">Quando: segunda-feira, 25 de dezembro<\/p>\n<p style=\"text-align: justify;\">\n<p style=\"text-align: justify;\">Onde: Letreiro com o nome de Brumadinho<\/p>\n<p style=\"text-align: justify;\">\n<p style=\"text-align: justify;\">Hor\u00e1rio: 12h<\/p>\n<p style=\"text-align: justify;\">\n<p style=\"text-align: justify;\">Evento gratuito<\/p>\n<p style=\"text-align: justify;\">\n","protected":false},"excerpt":{"rendered":"<p>Com entrada franca, concerto ser\u00e1 realizado no dia 23\/12, \u00e0s 19h30, na Igreja Nossa Senhora da Concei\u00e7\u00e3o, em Concei\u00e7\u00e3o de Itagu\u00e1 \u2013 Brumado. J\u00e1 no dia 25\/12, \u00e0s 12h, ato mensal dos familiares das v\u00edtimas ir\u00e1 acontecer no letreiro de Brumadinho Brumadinho, 22 de dezembro de 2023 &#8211; Com programa\u00e7\u00e3o musical gratuita voltada para levar [&hellip;]<\/p>\n","protected":false},"author":1,"featured_media":22958,"comment_status":"open","ping_status":"open","sticky":false,"template":"","format":"standard","meta":{"_uag_custom_page_level_css":"","footnotes":""},"categories":[27],"tags":[26041,26039,26040,15654],"class_list":["post-22957","post","type-post","status-publish","format-standard","has-post-thumbnail","hentry","category-acontece","tag-2-concerto-de-natal-para-brumadinho","tag-missa-de-natal","tag-rompimento-da-barragem-da-vale","tag-tragedia-de-brumadinho-mg"],"blocksy_meta":[],"spectra_blocks_featured_image_url":{"thumbnail":{"url":"https:\/\/construcaocivil.siriusmarketingedesign.com.br\/wp-content\/uploads\/2023\/12\/7fc87257-f593-4e0a-853f-bbbc73b6d851-150x150.jpg","width":150,"height":150},"medium":{"url":"https:\/\/construcaocivil.siriusmarketingedesign.com.br\/wp-content\/uploads\/2023\/12\/7fc87257-f593-4e0a-853f-bbbc73b6d851-300x200.jpg","width":300,"height":200},"medium_large":{"url":"https:\/\/construcaocivil.siriusmarketingedesign.com.br\/wp-content\/uploads\/2023\/12\/7fc87257-f593-4e0a-853f-bbbc73b6d851-768x512.jpg","width":768,"height":512},"large":{"url":"https:\/\/construcaocivil.siriusmarketingedesign.com.br\/wp-content\/uploads\/2023\/12\/7fc87257-f593-4e0a-853f-bbbc73b6d851-1024x683.jpg","width":1024,"height":683},"full":{"url":"https:\/\/construcaocivil.siriusmarketingedesign.com.br\/wp-content\/uploads\/2023\/12\/7fc87257-f593-4e0a-853f-bbbc73b6d851-scaled.jpg","width":2560,"height":1707}},"spectra_blocks_author_info":{"display_name":"Jornal da Constru\u00e7\u00e3o Civil","avatar_url":"https:\/\/secure.gravatar.com\/avatar\/973c9774fd44ddaceb026973c4962faa70fc512bc4c9da68e8ebb40fecee6540?s=96&d=mm&r=g","author_link":"https:\/\/construcaocivil.siriusmarketingedesign.com.br\/?author=1","description":"Desde de 2013, levando muitas informa\u00e7\u00f5es, lan\u00e7amentos e produtos de qualidade para toda cadeia produtiva da constru\u00e7\u00e3o. O Futuro da constru\u00e7\u00e3o passa por aqui,"},"uagb_featured_image_src":{"full":["https:\/\/construcaocivil.siriusmarketingedesign.com.br\/wp-content\/uploads\/2023\/12\/7fc87257-f593-4e0a-853f-bbbc73b6d851-scaled.jpg",2560,1707,false],"thumbnail":["https:\/\/construcaocivil.siriusmarketingedesign.com.br\/wp-content\/uploads\/2023\/12\/7fc87257-f593-4e0a-853f-bbbc73b6d851-150x150.jpg",150,150,true],"medium":["https:\/\/construcaocivil.siriusmarketingedesign.com.br\/wp-content\/uploads\/2023\/12\/7fc87257-f593-4e0a-853f-bbbc73b6d851-300x200.jpg",300,200,true],"medium_large":["https:\/\/construcaocivil.siriusmarketingedesign.com.br\/wp-content\/uploads\/2023\/12\/7fc87257-f593-4e0a-853f-bbbc73b6d851-768x512.jpg",768,512,true],"large":["https:\/\/construcaocivil.siriusmarketingedesign.com.br\/wp-content\/uploads\/2023\/12\/7fc87257-f593-4e0a-853f-bbbc73b6d851-1024x683.jpg",1024,683,true],"1536x1536":["https:\/\/construcaocivil.siriusmarketingedesign.com.br\/wp-content\/uploads\/2023\/12\/7fc87257-f593-4e0a-853f-bbbc73b6d851-1536x1024.jpg",1536,1024,true],"2048x2048":["https:\/\/construcaocivil.siriusmarketingedesign.com.br\/wp-content\/uploads\/2023\/12\/7fc87257-f593-4e0a-853f-bbbc73b6d851-2048x1365.jpg",2048,1365,true]},"uagb_author_info":{"display_name":"Jornal da Constru\u00e7\u00e3o Civil","author_link":"https:\/\/construcaocivil.siriusmarketingedesign.com.br\/?author=1"},"uagb_comment_info":0,"uagb_excerpt":"Com entrada franca, concerto ser\u00e1 realizado no dia 23\/12, \u00e0s 19h30, na Igreja Nossa Senhora da Concei\u00e7\u00e3o, em Concei\u00e7\u00e3o de Itagu\u00e1 \u2013 Brumado. J\u00e1 no dia 25\/12, \u00e0s 12h, ato mensal dos familiares das v\u00edtimas ir\u00e1 acontecer no letreiro de Brumadinho Brumadinho, 22 de dezembro de 2023 &#8211; Com programa\u00e7\u00e3o musical gratuita voltada para levar&hellip;","_links":{"self":[{"href":"https:\/\/construcaocivil.siriusmarketingedesign.com.br\/index.php?rest_route=\/wp\/v2\/posts\/22957","targetHints":{"allow":["GET"]}}],"collection":[{"href":"https:\/\/construcaocivil.siriusmarketingedesign.com.br\/index.php?rest_route=\/wp\/v2\/posts"}],"about":[{"href":"https:\/\/construcaocivil.siriusmarketingedesign.com.br\/index.php?rest_route=\/wp\/v2\/types\/post"}],"author":[{"embeddable":true,"href":"https:\/\/construcaocivil.siriusmarketingedesign.com.br\/index.php?rest_route=\/wp\/v2\/users\/1"}],"replies":[{"embeddable":true,"href":"https:\/\/construcaocivil.siriusmarketingedesign.com.br\/index.php?rest_route=%2Fwp%2Fv2%2Fcomments&post=22957"}],"version-history":[{"count":0,"href":"https:\/\/construcaocivil.siriusmarketingedesign.com.br\/index.php?rest_route=\/wp\/v2\/posts\/22957\/revisions"}],"wp:featuredmedia":[{"embeddable":true,"href":"https:\/\/construcaocivil.siriusmarketingedesign.com.br\/index.php?rest_route=\/wp\/v2\/media\/22958"}],"wp:attachment":[{"href":"https:\/\/construcaocivil.siriusmarketingedesign.com.br\/index.php?rest_route=%2Fwp%2Fv2%2Fmedia&parent=22957"}],"wp:term":[{"taxonomy":"category","embeddable":true,"href":"https:\/\/construcaocivil.siriusmarketingedesign.com.br\/index.php?rest_route=%2Fwp%2Fv2%2Fcategories&post=22957"},{"taxonomy":"post_tag","embeddable":true,"href":"https:\/\/construcaocivil.siriusmarketingedesign.com.br\/index.php?rest_route=%2Fwp%2Fv2%2Ftags&post=22957"}],"curies":[{"name":"wp","href":"https:\/\/api.w.org\/{rel}","templated":true}]}}