{"id":22978,"date":"2023-12-26T17:49:18","date_gmt":"2023-12-26T20:49:18","guid":{"rendered":"https:\/\/www.jornaldaconstrucaocivil.com.br\/?p=22978"},"modified":"2023-12-26T17:49:18","modified_gmt":"2023-12-26T20:49:18","slug":"reveillon-2024-paraty-tera-shows-musicais-e-festas-para-celebrar-o-fim-de-ano","status":"publish","type":"post","link":"https:\/\/construcaocivil.siriusmarketingedesign.com.br\/?p=22978","title":{"rendered":"R\u00e9veillon 2024: Paraty ter\u00e1 shows musicais e festas para celebrar o fim de ano"},"content":{"rendered":"<div class=\"block-text ck-text ng-binding\">\n<p style=\"text-align: justify;\">A festa de R\u00e9veillon em Paraty ter\u00e1 oito palcos com queima de fogos e nove palcos com shows musicais e DJs, espalhados pelas principais praias do munic\u00edpio e pelo Centro Hist\u00f3rico.<\/p>\n<p style=\"text-align: justify;\">A descentraliza\u00e7\u00e3o das comemora\u00e7\u00f5es do R\u00e9veillon foi adotada pela atual administra\u00e7\u00e3o para promover os atrativos tur\u00edsticos em v\u00e1rios pontos do munic\u00edpio e evitar o deslocamento at\u00e9 o centro.<\/p>\n<p style=\"text-align: justify;\">Neste ano, est\u00e3o previstas queimas de fogo e shows na Prainha, Tarituba, Corumb\u00ea, Paraty Mirim, Trindade, Jabaquara e em dois pontos do Centro Hist\u00f3rico (Largo de Santa Rita e Pontal). Haver\u00e1 ainda um nono palco apenas com m\u00fasica na Pra\u00e7a da Matriz.<\/p>\n<p style=\"text-align: justify;\">A programa\u00e7\u00e3o come\u00e7a no s\u00e1bado, 30 dezembro, com eventos de pr\u00e9-R\u00e9veillon em todos os palcos. Na Praia do Pontal, neste dia, v\u00e3o se apresentar o bloco Meninos do Pontal, Dyego Rezende e Confraria Musical. O encerramento \u00e9 com o DJ Marcos Ferrari.<\/p>\n<p style=\"text-align: justify;\">Na Praia do Jabaquara, haver\u00e1 um show com a banda Ratones, \u00e0s 20h, e o encerramento ser\u00e1 com o DJ Marino.<\/p>\n<p style=\"text-align: justify;\">No dia 31, a Praia do Pontal recebe a Banda Riffer e Pedrinho do Cavaco. No Jabaquara, as atra\u00e7\u00f5es s\u00e3o a banda Coquetel Molotov e Fabiano Magalh\u00e3es.<\/p>\n<p>Link da programa\u00e7\u00e3o : <a href=\"https:\/\/www.paraty.rj.gov.br\/informativo\/noticias\/reveillon-2024\">Prefeitura de Paraty &#8211; Not\u00edcias<\/a><\/p>\n<\/div>\n","protected":false},"excerpt":{"rendered":"<p>A festa de R\u00e9veillon em Paraty ter\u00e1 oito palcos com queima de fogos e nove palcos com shows musicais e DJs, espalhados pelas principais praias do munic\u00edpio e pelo Centro Hist\u00f3rico. A descentraliza\u00e7\u00e3o das comemora\u00e7\u00f5es do R\u00e9veillon foi adotada pela atual administra\u00e7\u00e3o para promover os atrativos tur\u00edsticos em v\u00e1rios pontos do munic\u00edpio e evitar o [&hellip;]<\/p>\n","protected":false},"author":1,"featured_media":22979,"comment_status":"open","ping_status":"open","sticky":false,"template":"","format":"standard","meta":{"_uag_custom_page_level_css":"","footnotes":""},"categories":[27],"tags":[13713,26056,13712,14545,26057,12003],"class_list":["post-22978","post","type-post","status-publish","format-standard","has-post-thumbnail","hentry","category-acontece","tag-costa-verde-rj","tag-festas-de-revellion-2024","tag-paraty","tag-praias-limpas","tag-shows-musicais","tag-turismo"],"blocksy_meta":[],"spectra_blocks_featured_image_url":{"thumbnail":{"url":"https:\/\/construcaocivil.siriusmarketingedesign.com.br\/wp-content\/uploads\/2023\/12\/21122023113412057-150x150.jpg","width":150,"height":150},"medium":{"url":"https:\/\/construcaocivil.siriusmarketingedesign.com.br\/wp-content\/uploads\/2023\/12\/21122023113412057-300x300.jpg","width":300,"height":300},"medium_large":{"url":"https:\/\/construcaocivil.siriusmarketingedesign.com.br\/wp-content\/uploads\/2023\/12\/21122023113412057-768x768.jpg","width":768,"height":768},"large":{"url":"https:\/\/construcaocivil.siriusmarketingedesign.com.br\/wp-content\/uploads\/2023\/12\/21122023113412057-1024x1024.jpg","width":1024,"height":1024},"full":{"url":"https:\/\/construcaocivil.siriusmarketingedesign.com.br\/wp-content\/uploads\/2023\/12\/21122023113412057.jpg","width":1080,"height":1080}},"spectra_blocks_author_info":{"display_name":"Jornal da Constru\u00e7\u00e3o Civil","avatar_url":"https:\/\/secure.gravatar.com\/avatar\/973c9774fd44ddaceb026973c4962faa70fc512bc4c9da68e8ebb40fecee6540?s=96&d=mm&r=g","author_link":"https:\/\/construcaocivil.siriusmarketingedesign.com.br\/?author=1","description":"Desde de 2013, levando muitas informa\u00e7\u00f5es, lan\u00e7amentos e produtos de qualidade para toda cadeia produtiva da constru\u00e7\u00e3o. O Futuro da constru\u00e7\u00e3o passa por aqui,"},"uagb_featured_image_src":{"full":["https:\/\/construcaocivil.siriusmarketingedesign.com.br\/wp-content\/uploads\/2023\/12\/21122023113412057.jpg",1080,1080,false],"thumbnail":["https:\/\/construcaocivil.siriusmarketingedesign.com.br\/wp-content\/uploads\/2023\/12\/21122023113412057-150x150.jpg",150,150,true],"medium":["https:\/\/construcaocivil.siriusmarketingedesign.com.br\/wp-content\/uploads\/2023\/12\/21122023113412057-300x300.jpg",300,300,true],"medium_large":["https:\/\/construcaocivil.siriusmarketingedesign.com.br\/wp-content\/uploads\/2023\/12\/21122023113412057-768x768.jpg",768,768,true],"large":["https:\/\/construcaocivil.siriusmarketingedesign.com.br\/wp-content\/uploads\/2023\/12\/21122023113412057-1024x1024.jpg",1024,1024,true],"1536x1536":["https:\/\/construcaocivil.siriusmarketingedesign.com.br\/wp-content\/uploads\/2023\/12\/21122023113412057.jpg",1080,1080,false],"2048x2048":["https:\/\/construcaocivil.siriusmarketingedesign.com.br\/wp-content\/uploads\/2023\/12\/21122023113412057.jpg",1080,1080,false]},"uagb_author_info":{"display_name":"Jornal da Constru\u00e7\u00e3o Civil","author_link":"https:\/\/construcaocivil.siriusmarketingedesign.com.br\/?author=1"},"uagb_comment_info":0,"uagb_excerpt":"A festa de R\u00e9veillon em Paraty ter\u00e1 oito palcos com queima de fogos e nove palcos com shows musicais e DJs, espalhados pelas principais praias do munic\u00edpio e pelo Centro Hist\u00f3rico. A descentraliza\u00e7\u00e3o das comemora\u00e7\u00f5es do R\u00e9veillon foi adotada pela atual administra\u00e7\u00e3o para promover os atrativos tur\u00edsticos em v\u00e1rios pontos do munic\u00edpio e evitar o&hellip;","_links":{"self":[{"href":"https:\/\/construcaocivil.siriusmarketingedesign.com.br\/index.php?rest_route=\/wp\/v2\/posts\/22978","targetHints":{"allow":["GET"]}}],"collection":[{"href":"https:\/\/construcaocivil.siriusmarketingedesign.com.br\/index.php?rest_route=\/wp\/v2\/posts"}],"about":[{"href":"https:\/\/construcaocivil.siriusmarketingedesign.com.br\/index.php?rest_route=\/wp\/v2\/types\/post"}],"author":[{"embeddable":true,"href":"https:\/\/construcaocivil.siriusmarketingedesign.com.br\/index.php?rest_route=\/wp\/v2\/users\/1"}],"replies":[{"embeddable":true,"href":"https:\/\/construcaocivil.siriusmarketingedesign.com.br\/index.php?rest_route=%2Fwp%2Fv2%2Fcomments&post=22978"}],"version-history":[{"count":0,"href":"https:\/\/construcaocivil.siriusmarketingedesign.com.br\/index.php?rest_route=\/wp\/v2\/posts\/22978\/revisions"}],"wp:featuredmedia":[{"embeddable":true,"href":"https:\/\/construcaocivil.siriusmarketingedesign.com.br\/index.php?rest_route=\/wp\/v2\/media\/22979"}],"wp:attachment":[{"href":"https:\/\/construcaocivil.siriusmarketingedesign.com.br\/index.php?rest_route=%2Fwp%2Fv2%2Fmedia&parent=22978"}],"wp:term":[{"taxonomy":"category","embeddable":true,"href":"https:\/\/construcaocivil.siriusmarketingedesign.com.br\/index.php?rest_route=%2Fwp%2Fv2%2Fcategories&post=22978"},{"taxonomy":"post_tag","embeddable":true,"href":"https:\/\/construcaocivil.siriusmarketingedesign.com.br\/index.php?rest_route=%2Fwp%2Fv2%2Ftags&post=22978"}],"curies":[{"name":"wp","href":"https:\/\/api.w.org\/{rel}","templated":true}]}}