{"id":22982,"date":"2023-12-28T00:14:42","date_gmt":"2023-12-28T03:14:42","guid":{"rendered":"https:\/\/www.jornaldaconstrucaocivil.com.br\/?p=22982"},"modified":"2023-12-28T00:14:42","modified_gmt":"2023-12-28T03:14:42","slug":"acordo-conduzido-pelo-tst-preve-contratacao-de-profissionais-aprovados-em-concurso-da-caixa","status":"publish","type":"post","link":"https:\/\/construcaocivil.siriusmarketingedesign.com.br\/?p=22982","title":{"rendered":"Acordo conduzido pelo TST prev\u00ea contrata\u00e7\u00e3o de profissionais aprovados em concurso da Caixa"},"content":{"rendered":"<p style=\"text-align: justify;\"><strong><i>Concilia\u00e7\u00e3o entre Caixa, MPT e Federa\u00e7\u00e3o Nacional dos Arquitetos e Urbanistas foi conduzida pelo TST. Acordo encerra seis a\u00e7\u00f5es civis p\u00fablicas.<\/i><\/strong><\/p>\n<p style=\"text-align: justify;\"><span style=\"color: #000080;\">Dezembro<\/span>, <span style=\"color: #000080;\">2023<\/span> &#8211; Uma concilia\u00e7\u00e3o realizada no Tribunal Superior do Trabalho resultou, nesta ter\u00e7a-feira (19), na assinatura de acordo entre a Caixa Econ\u00f4mica Federal, o Minist\u00e9rio P\u00fablico do Trabalho (MPT) e a Federa\u00e7\u00e3o Nacional dos Arquitetos e Urbanistas (FNA). Pelo acordo, 100 profissionais entre arquitetos e engenheiros civis e 100 advogados aprovados em concursos da Caixa dever\u00e3o ser contratados at\u00e9 dezembro de 2024.\n<\/p>\n<p style=\"text-align: justify;\"><strong>Concilia\u00e7\u00e3o no TST<\/strong><\/p>\n<p style=\"text-align: justify;\">\n<p style=\"text-align: justify;\">A audi\u00eancia de concilia\u00e7\u00e3o com a assinatura do acordo ocorreu nesta ter\u00e7a-feira (19) na sede do TST e foi conduzida pelo vice-coordenador do Centro Judici\u00e1rio de M\u00e9todos Consensuais de Solu\u00e7\u00e3o de Conflitos do Tribunal Superior do Trabalho (Cejusc\/TST), ministro Alexandre Luiz Ramos.\n<\/p>\n<p style=\"text-align: justify;\"><strong>A\u00e7\u00f5es Civis P\u00fablicas<\/strong><\/p>\n<p style=\"text-align: justify;\">\n<p style=\"text-align: justify;\">Com a assinatura do documento, encerra-se o julgamento de seis a\u00e7\u00f5es civis p\u00fablicas impetradas pelo MPT que tinham por objeto concursos p\u00fablicos realizados pela CEF nos anos de 2006, 2010 e 2012 para a contrata\u00e7\u00e3o de profissionais aprovados nas \u00e1reas de Direito, Engenharia, Arquitetura e Agronomia e que n\u00e3o assumiram os devidos cargos.\n<\/p>\n<p style=\"text-align: justify;\"><strong>Cultura<\/strong><\/p>\n<p style=\"text-align: justify;\">\n<p style=\"text-align: justify;\">O vice-presidente do Tribunal e coordenador do Cejusc\/TST, ministro Aloysio Corr\u00eaa da Veiga, ressaltou o empenho e comprometimento do Tribunal na busca da solu\u00e7\u00e3o consensual de conflitos trabalhistas. &#8220;Infelizmente, ainda existem mais de 500 mil processos pendentes de solu\u00e7\u00e3o no TST. Iniciativas como a deste acordo refor\u00e7am que precisamos, cada vez mais, criar e exercer a cultura do di\u00e1logo e do acolhimento&#8221;, pontuou.\n<\/p>\n<p style=\"text-align: justify;\"><strong>Caixa Econ\u00f4mica Federal<\/strong><\/p>\n<p style=\"text-align: justify;\">\n<p style=\"text-align: justify;\">Segundo o diretor jur\u00eddico da Caixa, Leonardo Groba Mendes, o acordo corrige a situa\u00e7\u00e3o dos profissionais que n\u00e3o puderam assumir os postos de trabalho na institui\u00e7\u00e3o. &#8220;Sem a participa\u00e7\u00e3o efetiva do Cejusc, n\u00e3o seria poss\u00edvel promover este di\u00e1logo fundamental, pacificando essa rela\u00e7\u00e3o que nos permite contribuir com a redu\u00e7\u00e3o da litigiosidade&#8221;, declarou.\n<\/p>\n<p style=\"text-align: justify;\"><strong>Federa\u00e7\u00e3o<\/strong><\/p>\n<p style=\"text-align: justify;\">\n<p style=\"text-align: justify;\">Para a presidente da FNA, Andrea Santos, a assinatura concretiza a expectativa de profissionais que esperaram pela nomea\u00e7\u00e3o por mais de 10 anos. &#8220;Foi um avan\u00e7o ver a CEF, como maior empregador da nossa categoria, abrir a possibilidade do di\u00e1logo e refor\u00e7ar o seu papel social, uma vez que esses profissionais atuar\u00e3o contribuindo para a melhoria da moradia social&#8221;, resumiu.<\/p>\n<p style=\"text-align: justify;\">\n<p style=\"text-align: justify;\"><strong>Compromisso<\/strong><\/p>\n<p style=\"text-align: justify;\">\n<p style=\"text-align: justify;\">Al\u00e9m da convoca\u00e7\u00e3o dos aprovados, a Caixa dever\u00e1 pagar, a t\u00edtulo de indeniza\u00e7\u00e3o por danos morais coletivos, a quantia de R\uff04 1,4 milh\u00e3o.<\/p>\n<p style=\"text-align: justify;\">Outra previs\u00e3o \u00e9 que, para os pr\u00f3ximos concursos a serem realizados pela institui\u00e7\u00e3o, n\u00e3o ser\u00e3o oferecidas vagas para cadastro de reserva.<\/p>\n<p style=\"text-align: justify;\">\n<strong>Processos encerrados<\/strong><\/p>\n<p style=\"text-align: justify;\">\n<p style=\"text-align: justify;\">As a\u00e7\u00f5es civis p\u00fablicas impetradas pelo Minist\u00e9rio P\u00fablico do Trabalho se referem aos seguintes processos:\n<\/p>\n<p style=\"text-align: justify;\">AIRR-0000762-88.2014.5.10.0012<br \/>\nRR-0001102-97.2012.5.10.0013<br \/>\nRR-0000178-77.2010.5.06.0010<br \/>\nRR-0081500-48.2012.5.17.0009<br \/>\nRR-0069600-67.2011.5.21.0017<br \/>\nARR-0000429-65\u070220125.10.0802<\/p>\n<p>Fonte TST<\/p>\n","protected":false},"excerpt":{"rendered":"<p>Concilia\u00e7\u00e3o entre Caixa, MPT e Federa\u00e7\u00e3o Nacional dos Arquitetos e Urbanistas foi conduzida pelo TST. Acordo encerra seis a\u00e7\u00f5es civis p\u00fablicas. Dezembro, 2023 &#8211; Uma concilia\u00e7\u00e3o realizada no Tribunal Superior do Trabalho resultou, nesta ter\u00e7a-feira (19), na assinatura de acordo entre a Caixa Econ\u00f4mica Federal, o Minist\u00e9rio P\u00fablico do Trabalho (MPT) e a Federa\u00e7\u00e3o Nacional [&hellip;]<\/p>\n","protected":false},"author":1,"featured_media":22983,"comment_status":"open","ping_status":"open","sticky":false,"template":"","format":"standard","meta":{"_uag_custom_page_level_css":"","footnotes":""},"categories":[27],"tags":[1569,1675,26059,7941,26058],"class_list":["post-22982","post","type-post","status-publish","format-standard","has-post-thumbnail","hentry","category-acontece","tag-brasilia","tag-caixa","tag-concurso-arquitetos-e-urbanistas","tag-mpt","tag-tst"],"blocksy_meta":[],"spectra_blocks_featured_image_url":{"thumbnail":{"url":"https:\/\/construcaocivil.siriusmarketingedesign.com.br\/wp-content\/uploads\/2023\/12\/handler-32-150x150.jpg","width":150,"height":150},"medium":{"url":"https:\/\/construcaocivil.siriusmarketingedesign.com.br\/wp-content\/uploads\/2023\/12\/handler-32-300x200.jpg","width":300,"height":200},"medium_large":{"url":"https:\/\/construcaocivil.siriusmarketingedesign.com.br\/wp-content\/uploads\/2023\/12\/handler-32-768x512.jpg","width":768,"height":512},"large":{"url":"https:\/\/construcaocivil.siriusmarketingedesign.com.br\/wp-content\/uploads\/2023\/12\/handler-32-1024x683.jpg","width":1024,"height":683},"full":{"url":"https:\/\/construcaocivil.siriusmarketingedesign.com.br\/wp-content\/uploads\/2023\/12\/handler-32-scaled.jpg","width":2560,"height":1707}},"spectra_blocks_author_info":{"display_name":"Jornal da Constru\u00e7\u00e3o Civil","avatar_url":"https:\/\/secure.gravatar.com\/avatar\/973c9774fd44ddaceb026973c4962faa70fc512bc4c9da68e8ebb40fecee6540?s=96&d=mm&r=g","author_link":"https:\/\/construcaocivil.siriusmarketingedesign.com.br\/?author=1","description":"Desde de 2013, levando muitas informa\u00e7\u00f5es, lan\u00e7amentos e produtos de qualidade para toda cadeia produtiva da constru\u00e7\u00e3o. O Futuro da constru\u00e7\u00e3o passa por aqui,"},"uagb_featured_image_src":{"full":["https:\/\/construcaocivil.siriusmarketingedesign.com.br\/wp-content\/uploads\/2023\/12\/handler-32-scaled.jpg",2560,1707,false],"thumbnail":["https:\/\/construcaocivil.siriusmarketingedesign.com.br\/wp-content\/uploads\/2023\/12\/handler-32-150x150.jpg",150,150,true],"medium":["https:\/\/construcaocivil.siriusmarketingedesign.com.br\/wp-content\/uploads\/2023\/12\/handler-32-300x200.jpg",300,200,true],"medium_large":["https:\/\/construcaocivil.siriusmarketingedesign.com.br\/wp-content\/uploads\/2023\/12\/handler-32-768x512.jpg",768,512,true],"large":["https:\/\/construcaocivil.siriusmarketingedesign.com.br\/wp-content\/uploads\/2023\/12\/handler-32-1024x683.jpg",1024,683,true],"1536x1536":["https:\/\/construcaocivil.siriusmarketingedesign.com.br\/wp-content\/uploads\/2023\/12\/handler-32-1536x1024.jpg",1536,1024,true],"2048x2048":["https:\/\/construcaocivil.siriusmarketingedesign.com.br\/wp-content\/uploads\/2023\/12\/handler-32-2048x1365.jpg",2048,1365,true]},"uagb_author_info":{"display_name":"Jornal da Constru\u00e7\u00e3o Civil","author_link":"https:\/\/construcaocivil.siriusmarketingedesign.com.br\/?author=1"},"uagb_comment_info":0,"uagb_excerpt":"Concilia\u00e7\u00e3o entre Caixa, MPT e Federa\u00e7\u00e3o Nacional dos Arquitetos e Urbanistas foi conduzida pelo TST. Acordo encerra seis a\u00e7\u00f5es civis p\u00fablicas. Dezembro, 2023 &#8211; Uma concilia\u00e7\u00e3o realizada no Tribunal Superior do Trabalho resultou, nesta ter\u00e7a-feira (19), na assinatura de acordo entre a Caixa Econ\u00f4mica Federal, o Minist\u00e9rio P\u00fablico do Trabalho (MPT) e a Federa\u00e7\u00e3o Nacional&hellip;","_links":{"self":[{"href":"https:\/\/construcaocivil.siriusmarketingedesign.com.br\/index.php?rest_route=\/wp\/v2\/posts\/22982","targetHints":{"allow":["GET"]}}],"collection":[{"href":"https:\/\/construcaocivil.siriusmarketingedesign.com.br\/index.php?rest_route=\/wp\/v2\/posts"}],"about":[{"href":"https:\/\/construcaocivil.siriusmarketingedesign.com.br\/index.php?rest_route=\/wp\/v2\/types\/post"}],"author":[{"embeddable":true,"href":"https:\/\/construcaocivil.siriusmarketingedesign.com.br\/index.php?rest_route=\/wp\/v2\/users\/1"}],"replies":[{"embeddable":true,"href":"https:\/\/construcaocivil.siriusmarketingedesign.com.br\/index.php?rest_route=%2Fwp%2Fv2%2Fcomments&post=22982"}],"version-history":[{"count":0,"href":"https:\/\/construcaocivil.siriusmarketingedesign.com.br\/index.php?rest_route=\/wp\/v2\/posts\/22982\/revisions"}],"wp:featuredmedia":[{"embeddable":true,"href":"https:\/\/construcaocivil.siriusmarketingedesign.com.br\/index.php?rest_route=\/wp\/v2\/media\/22983"}],"wp:attachment":[{"href":"https:\/\/construcaocivil.siriusmarketingedesign.com.br\/index.php?rest_route=%2Fwp%2Fv2%2Fmedia&parent=22982"}],"wp:term":[{"taxonomy":"category","embeddable":true,"href":"https:\/\/construcaocivil.siriusmarketingedesign.com.br\/index.php?rest_route=%2Fwp%2Fv2%2Fcategories&post=22982"},{"taxonomy":"post_tag","embeddable":true,"href":"https:\/\/construcaocivil.siriusmarketingedesign.com.br\/index.php?rest_route=%2Fwp%2Fv2%2Ftags&post=22982"}],"curies":[{"name":"wp","href":"https:\/\/api.w.org\/{rel}","templated":true}]}}