{"id":22990,"date":"2023-12-29T14:29:29","date_gmt":"2023-12-29T17:29:29","guid":{"rendered":"https:\/\/www.jornaldaconstrucaocivil.com.br\/?p=22990"},"modified":"2023-12-29T14:29:29","modified_gmt":"2023-12-29T17:29:29","slug":"encrenca-industria-da-construcao-alerta-para-prejuizos-da-mp-da-reoneracao","status":"publish","type":"post","link":"https:\/\/construcaocivil.siriusmarketingedesign.com.br\/?p=22990","title":{"rendered":"Encrenca: Ind\u00fastria da constru\u00e7\u00e3o alerta para preju\u00edzos da MP da reonera\u00e7\u00e3o"},"content":{"rendered":"<p style=\"text-align: justify;\"><strong><i>Medida deveria ser imediatamente devolvida ao Executivo, defende o setor<\/i><\/strong><\/p>\n<div>\n<div>\n<div>\n<p style=\"text-align: justify;\">A ind\u00fastria da constru\u00e7\u00e3o manifesta-se veementemente contra a Medida\u00a0Provis\u00f3ria de reonera\u00e7\u00e3o da folha de pagamentos. O simples an\u00fancio da MP no\u00a0mesmo dia da promulga\u00e7\u00e3o da lei que estendeu at\u00e9 2027 a desonera\u00e7\u00e3o\u00a0desrespeitou o Legislativo e trouxe inseguran\u00e7a aos investimentos.<\/p>\n<p style=\"text-align: justify;\">\nDurante todo o ano de 2023, a ind\u00fastria da constru\u00e7\u00e3o, que necessita de\u00a0previsibilidade para se planejar e investir a longo prazo, ficou na expectativa da\u00a0extens\u00e3o da desonera\u00e7\u00e3o da folha. Aprovada pelo Legislativo, vetada pelo Executivo\u00a0e finalmente restabelecida por ampla maioria pelo Congresso, a desonera\u00e7\u00e3o\u00a0assegura a continuidade do crescimento do emprego formal neste setor.<\/p>\n<p style=\"text-align: justify;\">\nEste crescimento do emprego agora volta a ser amea\u00e7ado com a edi\u00e7\u00e3o da MP.\u00a0Seu efeito imediato sobre os custos da constru\u00e7\u00e3o nos pr\u00f3ximos 120 dias levar\u00e1\u00a0inapelavelmente \u00e0 eleva\u00e7\u00e3o dos pre\u00e7os das obras em andamento. A ind\u00fastria da\u00a0constru\u00e7\u00e3o, seus contratantes e consumidores ser\u00e3o prejudicados.<\/p>\n<p style=\"text-align: justify;\">\nEntre estes, figura o pr\u00f3prio governo federal, que precisar\u00e1 pagar mais por obras\u00a0habitacionais e de infraestrutura, contratadas dentro de programas como o Minha\u00a0Casa, Minha Vida e o de Acelera\u00e7\u00e3o do Crescimento. Desequil\u00edbrios econ\u00f4micofinanceiros dos contratos em vigor poder\u00e3o levar \u00e0 paralisa\u00e7\u00e3o de obras e\u00a0demiss\u00f5es.\u00a0Ou seja, boa parte do almejado esfor\u00e7o por um equil\u00edbrio fiscal pretendido pela MP\u00a0ter\u00e1 sido em v\u00e3o.<\/p>\n<p style=\"text-align: justify;\">\nOutro efeito da edi\u00e7\u00e3o da medida ser\u00e1 uma revis\u00e3o dos projetos de novos\u00a0contratos e de lan\u00e7amentos imobili\u00e1rios, at\u00e9 que haja clareza sobre o destino da\u00a0MP. Isto implicar\u00e1 adiamento de contrata\u00e7\u00f5es futuras de m\u00e3o de obra, queda na\u00a0oferta de moradias e diminui\u00e7\u00e3o da arrecada\u00e7\u00e3o prevista, prejudicando mais uma\u00a0vez o pr\u00f3prio governo.<\/p>\n<p style=\"text-align: justify;\">\nGovernar por medidas provis\u00f3rias sem que haja justificativa de urg\u00eancia para sua\u00a0edi\u00e7\u00e3o \u00e9 um enorme retrocesso para a governabilidade necess\u00e1ria \u00e0 estabilidade pol\u00edtica e econ\u00f4mica e \u00e0 melhora do ambiente de neg\u00f3cios.<\/p>\n<p style=\"text-align: justify;\">\nN\u00e3o havendo qualquer justificativa de urg\u00eancia para que o governo trate da\u00a0desonera\u00e7\u00e3o por meio de uma MP, ela deveria ser imediatamente devolvida pelo\u00a0Legislativo ao Executivo. Este deveria se debru\u00e7ar sobre novas medidas que\u00a0incentivem o emprego formal, uma vez que mais de 40% dos ocupados na\u00a0ind\u00fastria da constru\u00e7\u00e3o ainda operam na informalidade, sem qualquer prote\u00e7\u00e3o\u00a0aos seus direitos trabalhistas.<\/p>\n<\/div>\n<\/div>\n<\/div>\n","protected":false},"excerpt":{"rendered":"<p>Medida deveria ser imediatamente devolvida ao Executivo, defende o setor A ind\u00fastria da constru\u00e7\u00e3o manifesta-se veementemente contra a Medida\u00a0Provis\u00f3ria de reonera\u00e7\u00e3o da folha de pagamentos. O simples an\u00fancio da MP no\u00a0mesmo dia da promulga\u00e7\u00e3o da lei que estendeu at\u00e9 2027 a desonera\u00e7\u00e3o\u00a0desrespeitou o Legislativo e trouxe inseguran\u00e7a aos investimentos. Durante todo o ano de 2023, [&hellip;]<\/p>\n","protected":false},"author":1,"featured_media":22991,"comment_status":"open","ping_status":"open","sticky":false,"template":"","format":"standard","meta":{"_uag_custom_page_level_css":"","footnotes":""},"categories":[33],"tags":[24757,26027,14985,26065,11168],"class_list":["post-22990","post","type-post","status-publish","format-standard","has-post-thumbnail","hentry","category-mercado","tag-servicosdeengenharia","tag-empregos-e-investimentos","tag-ministerio-da-economia","tag-mp-da-reoneracao","tag-sinduscon-sp"],"blocksy_meta":[],"spectra_blocks_featured_image_url":{"thumbnail":{"url":"https:\/\/construcaocivil.siriusmarketingedesign.com.br\/wp-content\/uploads\/2023\/12\/CUB-II-150x150.jpg","width":150,"height":150},"medium":{"url":"https:\/\/construcaocivil.siriusmarketingedesign.com.br\/wp-content\/uploads\/2023\/12\/CUB-II-294x300.jpg","width":294,"height":300},"medium_large":{"url":"https:\/\/construcaocivil.siriusmarketingedesign.com.br\/wp-content\/uploads\/2023\/12\/CUB-II-768x783.jpg","width":768,"height":783},"large":{"url":"https:\/\/construcaocivil.siriusmarketingedesign.com.br\/wp-content\/uploads\/2023\/12\/CUB-II-1005x1024.jpg","width":1005,"height":1024},"full":{"url":"https:\/\/construcaocivil.siriusmarketingedesign.com.br\/wp-content\/uploads\/2023\/12\/CUB-II-scaled.jpg","width":2512,"height":2560}},"spectra_blocks_author_info":{"display_name":"Jornal da Constru\u00e7\u00e3o Civil","avatar_url":"https:\/\/secure.gravatar.com\/avatar\/973c9774fd44ddaceb026973c4962faa70fc512bc4c9da68e8ebb40fecee6540?s=96&d=mm&r=g","author_link":"https:\/\/construcaocivil.siriusmarketingedesign.com.br\/?author=1","description":"Desde de 2013, levando muitas informa\u00e7\u00f5es, lan\u00e7amentos e produtos de qualidade para toda cadeia produtiva da constru\u00e7\u00e3o. O Futuro da constru\u00e7\u00e3o passa por aqui,"},"uagb_featured_image_src":{"full":["https:\/\/construcaocivil.siriusmarketingedesign.com.br\/wp-content\/uploads\/2023\/12\/CUB-II-scaled.jpg",2512,2560,false],"thumbnail":["https:\/\/construcaocivil.siriusmarketingedesign.com.br\/wp-content\/uploads\/2023\/12\/CUB-II-150x150.jpg",150,150,true],"medium":["https:\/\/construcaocivil.siriusmarketingedesign.com.br\/wp-content\/uploads\/2023\/12\/CUB-II-294x300.jpg",294,300,true],"medium_large":["https:\/\/construcaocivil.siriusmarketingedesign.com.br\/wp-content\/uploads\/2023\/12\/CUB-II-768x783.jpg",768,783,true],"large":["https:\/\/construcaocivil.siriusmarketingedesign.com.br\/wp-content\/uploads\/2023\/12\/CUB-II-1005x1024.jpg",1005,1024,true],"1536x1536":["https:\/\/construcaocivil.siriusmarketingedesign.com.br\/wp-content\/uploads\/2023\/12\/CUB-II-1507x1536.jpg",1507,1536,true],"2048x2048":["https:\/\/construcaocivil.siriusmarketingedesign.com.br\/wp-content\/uploads\/2023\/12\/CUB-II-2010x2048.jpg",2010,2048,true]},"uagb_author_info":{"display_name":"Jornal da Constru\u00e7\u00e3o Civil","author_link":"https:\/\/construcaocivil.siriusmarketingedesign.com.br\/?author=1"},"uagb_comment_info":0,"uagb_excerpt":"Medida deveria ser imediatamente devolvida ao Executivo, defende o setor A ind\u00fastria da constru\u00e7\u00e3o manifesta-se veementemente contra a Medida\u00a0Provis\u00f3ria de reonera\u00e7\u00e3o da folha de pagamentos. O simples an\u00fancio da MP no\u00a0mesmo dia da promulga\u00e7\u00e3o da lei que estendeu at\u00e9 2027 a desonera\u00e7\u00e3o\u00a0desrespeitou o Legislativo e trouxe inseguran\u00e7a aos investimentos. Durante todo o ano de 2023,&hellip;","_links":{"self":[{"href":"https:\/\/construcaocivil.siriusmarketingedesign.com.br\/index.php?rest_route=\/wp\/v2\/posts\/22990","targetHints":{"allow":["GET"]}}],"collection":[{"href":"https:\/\/construcaocivil.siriusmarketingedesign.com.br\/index.php?rest_route=\/wp\/v2\/posts"}],"about":[{"href":"https:\/\/construcaocivil.siriusmarketingedesign.com.br\/index.php?rest_route=\/wp\/v2\/types\/post"}],"author":[{"embeddable":true,"href":"https:\/\/construcaocivil.siriusmarketingedesign.com.br\/index.php?rest_route=\/wp\/v2\/users\/1"}],"replies":[{"embeddable":true,"href":"https:\/\/construcaocivil.siriusmarketingedesign.com.br\/index.php?rest_route=%2Fwp%2Fv2%2Fcomments&post=22990"}],"version-history":[{"count":0,"href":"https:\/\/construcaocivil.siriusmarketingedesign.com.br\/index.php?rest_route=\/wp\/v2\/posts\/22990\/revisions"}],"wp:featuredmedia":[{"embeddable":true,"href":"https:\/\/construcaocivil.siriusmarketingedesign.com.br\/index.php?rest_route=\/wp\/v2\/media\/22991"}],"wp:attachment":[{"href":"https:\/\/construcaocivil.siriusmarketingedesign.com.br\/index.php?rest_route=%2Fwp%2Fv2%2Fmedia&parent=22990"}],"wp:term":[{"taxonomy":"category","embeddable":true,"href":"https:\/\/construcaocivil.siriusmarketingedesign.com.br\/index.php?rest_route=%2Fwp%2Fv2%2Fcategories&post=22990"},{"taxonomy":"post_tag","embeddable":true,"href":"https:\/\/construcaocivil.siriusmarketingedesign.com.br\/index.php?rest_route=%2Fwp%2Fv2%2Ftags&post=22990"}],"curies":[{"name":"wp","href":"https:\/\/api.w.org\/{rel}","templated":true}]}}