{"id":23009,"date":"2024-01-04T09:16:07","date_gmt":"2024-01-04T12:16:07","guid":{"rendered":"https:\/\/www.jornaldaconstrucaocivil.com.br\/?p=23009"},"modified":"2024-01-04T09:16:07","modified_gmt":"2024-01-04T12:16:07","slug":"industria-da-construcao-alerta-para-prejuizos-da-mp-da-reoneracao","status":"publish","type":"post","link":"https:\/\/construcaocivil.siriusmarketingedesign.com.br\/?p=23009","title":{"rendered":"Ind\u00fastria da constru\u00e7\u00e3o alerta para preju\u00edzos da MP da reonera\u00e7\u00e3o"},"content":{"rendered":"<p style=\"text-align: justify;\"><em><strong>Medida deveria ser imediatamente devolvida ao Executivo, defende o setor<\/strong><\/em><\/p>\n<p style=\"text-align: justify;\">\n<p style=\"text-align: justify;\">A ind\u00fastria da constru\u00e7\u00e3o manifesta-se veementemente contra a Medida Provis\u00f3ria de reonera\u00e7\u00e3o da folha de pagamentos. O simples an\u00fancio da MP no mesmo dia da promulga\u00e7\u00e3o da lei que estendeu at\u00e9 2027 a desonera\u00e7\u00e3o desrespeitou o Legislativo e trouxe inseguran\u00e7a aos investimentos.<\/p>\n<p style=\"text-align: justify;\">\n<p style=\"text-align: justify;\">Durante todo o ano de 2023, a ind\u00fastria da constru\u00e7\u00e3o, que necessita de previsibilidade para se planejar e investir a longo prazo, ficou na expectativa da extens\u00e3o da desonera\u00e7\u00e3o da folha. Aprovada pelo Legislativo, vetada pelo Executivo e finalmente restabelecida por ampla maioria pelo Congresso, a desonera\u00e7\u00e3o assegura a continuidade do crescimento do emprego formal neste setor.<\/p>\n<p style=\"text-align: justify;\">\n<p style=\"text-align: justify;\">Este crescimento do emprego agora volta a ser amea\u00e7ado com a edi\u00e7\u00e3o da MP. Seu efeito imediato sobre os custos da constru\u00e7\u00e3o nos pr\u00f3ximos 120 dias levar\u00e1 inapelavelmente \u00e0 eleva\u00e7\u00e3o dos pre\u00e7os das obras em andamento. A ind\u00fastria da constru\u00e7\u00e3o, seus contratantes e consumidores ser\u00e3o prejudicados.<\/p>\n<p style=\"text-align: justify;\">\n<p style=\"text-align: justify;\">Entre estes, figura o pr\u00f3prio governo federal, que precisar\u00e1 pagar mais por obras habitacionais e de infraestrutura, contratadas dentro de programas como o Minha Casa, Minha Vida e o de Acelera\u00e7\u00e3o do Crescimento. Desequil\u00edbrios econ\u00f4mico-financeiros dos contratos em vigor poder\u00e3o levar \u00e0 paralisa\u00e7\u00e3o de obras e demiss\u00f5es.<\/p>\n<p style=\"text-align: justify;\">\n<p style=\"text-align: justify;\">Ou seja, boa parte do almejado esfor\u00e7o por um equil\u00edbrio fiscal pretendido pela MP ter\u00e1 sido em v\u00e3o.<\/p>\n<p style=\"text-align: justify;\">\n<p style=\"text-align: justify;\">Outro efeito da edi\u00e7\u00e3o da medida ser\u00e1 uma revis\u00e3o dos projetos de novos contratos e de lan\u00e7amentos imobili\u00e1rios, at\u00e9 que haja clareza sobre o destino da MP. Isto implicar\u00e1 adiamento de contrata\u00e7\u00f5es futuras de m\u00e3o de obra, queda na oferta de moradias e diminui\u00e7\u00e3o da arrecada\u00e7\u00e3o prevista, prejudicando mais uma vez o pr\u00f3prio governo.<\/p>\n<p style=\"text-align: justify;\">\n<p style=\"text-align: justify;\">Governar por medidas provis\u00f3rias sem que haja justificativa de urg\u00eancia para sua edi\u00e7\u00e3o \u00e9 um enorme retrocesso para a governabilidade necess\u00e1ria \u00e0 estabilidade pol\u00edtica e econ\u00f4mica e \u00e0 melhora do ambiente de neg\u00f3cios.<\/p>\n<p style=\"text-align: justify;\">\n<p style=\"text-align: justify;\">N\u00e3o havendo qualquer justificativa de urg\u00eancia para que o governo trate da desonera\u00e7\u00e3o por meio de uma MP, ela deveria ser imediatamente devolvida pelo Legislativo ao Executivo. Este deveria se debru\u00e7ar sobre novas medidas que incentivem o emprego formal.<\/p>\n<p style=\"text-align: justify;\">\n<p style=\"text-align: justify;\">Confira a \u00edntegra do manifesto com as 138 entidades participantes\u00a0<a role=\"link\" href=\"https:\/\/sindusconsp.com.br\/wp-content\/uploads\/2024\/01\/Manifesto-Reoneracao-final.pdf\" data-type=\"link\" data-id=\"https:\/\/sindusconsp.com.br\/wp-content\/uploads\/2024\/01\/Manifesto-Reoneracao-final.pdf\">aqui<\/a>.<\/p>\n","protected":false},"excerpt":{"rendered":"<p>Medida deveria ser imediatamente devolvida ao Executivo, defende o setor A ind\u00fastria da constru\u00e7\u00e3o manifesta-se veementemente contra a Medida Provis\u00f3ria de reonera\u00e7\u00e3o da folha de pagamentos. O simples an\u00fancio da MP no mesmo dia da promulga\u00e7\u00e3o da lei que estendeu at\u00e9 2027 a desonera\u00e7\u00e3o desrespeitou o Legislativo e trouxe inseguran\u00e7a aos investimentos. Durante todo o [&hellip;]<\/p>\n","protected":false},"author":1,"featured_media":23010,"comment_status":"open","ping_status":"open","sticky":false,"template":"","format":"standard","meta":{"_uag_custom_page_level_css":"","footnotes":""},"categories":[33],"tags":[25630,24757,2826,3430,26027,7401,24729,11168],"class_list":["post-23009","post","type-post","status-publish","format-standard","has-post-thumbnail","hentry","category-mercado","tag-novopac","tag-servicosdeengenharia","tag-construcao-civil","tag-demissao-com-politica-desoneracao-da-folha-de-pagamento","tag-empregos-e-investimentos","tag-mcmv","tag-ministerio-da-fazenda","tag-sinduscon-sp"],"blocksy_meta":[],"spectra_blocks_featured_image_url":{"thumbnail":{"url":"https:\/\/construcaocivil.siriusmarketingedesign.com.br\/wp-content\/uploads\/2024\/01\/Manifesto-1-150x150.png","width":150,"height":150},"medium":{"url":"https:\/\/construcaocivil.siriusmarketingedesign.com.br\/wp-content\/uploads\/2024\/01\/Manifesto-1-300x169.png","width":300,"height":169},"medium_large":{"url":"https:\/\/construcaocivil.siriusmarketingedesign.com.br\/wp-content\/uploads\/2024\/01\/Manifesto-1-768x432.png","width":768,"height":432},"large":{"url":"https:\/\/construcaocivil.siriusmarketingedesign.com.br\/wp-content\/uploads\/2024\/01\/Manifesto-1-1024x576.png","width":1024,"height":576},"full":{"url":"https:\/\/construcaocivil.siriusmarketingedesign.com.br\/wp-content\/uploads\/2024\/01\/Manifesto-1.png","width":1600,"height":900}},"spectra_blocks_author_info":{"display_name":"Jornal da Constru\u00e7\u00e3o Civil","avatar_url":"https:\/\/secure.gravatar.com\/avatar\/973c9774fd44ddaceb026973c4962faa70fc512bc4c9da68e8ebb40fecee6540?s=96&d=mm&r=g","author_link":"https:\/\/construcaocivil.siriusmarketingedesign.com.br\/?author=1","description":"Desde de 2013, levando muitas informa\u00e7\u00f5es, lan\u00e7amentos e produtos de qualidade para toda cadeia produtiva da constru\u00e7\u00e3o. O Futuro da constru\u00e7\u00e3o passa por aqui,"},"uagb_featured_image_src":{"full":["https:\/\/construcaocivil.siriusmarketingedesign.com.br\/wp-content\/uploads\/2024\/01\/Manifesto-1.png",1600,900,false],"thumbnail":["https:\/\/construcaocivil.siriusmarketingedesign.com.br\/wp-content\/uploads\/2024\/01\/Manifesto-1-150x150.png",150,150,true],"medium":["https:\/\/construcaocivil.siriusmarketingedesign.com.br\/wp-content\/uploads\/2024\/01\/Manifesto-1-300x169.png",300,169,true],"medium_large":["https:\/\/construcaocivil.siriusmarketingedesign.com.br\/wp-content\/uploads\/2024\/01\/Manifesto-1-768x432.png",768,432,true],"large":["https:\/\/construcaocivil.siriusmarketingedesign.com.br\/wp-content\/uploads\/2024\/01\/Manifesto-1-1024x576.png",1024,576,true],"1536x1536":["https:\/\/construcaocivil.siriusmarketingedesign.com.br\/wp-content\/uploads\/2024\/01\/Manifesto-1-1536x864.png",1536,864,true],"2048x2048":["https:\/\/construcaocivil.siriusmarketingedesign.com.br\/wp-content\/uploads\/2024\/01\/Manifesto-1.png",1600,900,false]},"uagb_author_info":{"display_name":"Jornal da Constru\u00e7\u00e3o Civil","author_link":"https:\/\/construcaocivil.siriusmarketingedesign.com.br\/?author=1"},"uagb_comment_info":0,"uagb_excerpt":"Medida deveria ser imediatamente devolvida ao Executivo, defende o setor A ind\u00fastria da constru\u00e7\u00e3o manifesta-se veementemente contra a Medida Provis\u00f3ria de reonera\u00e7\u00e3o da folha de pagamentos. O simples an\u00fancio da MP no mesmo dia da promulga\u00e7\u00e3o da lei que estendeu at\u00e9 2027 a desonera\u00e7\u00e3o desrespeitou o Legislativo e trouxe inseguran\u00e7a aos investimentos. Durante todo o&hellip;","_links":{"self":[{"href":"https:\/\/construcaocivil.siriusmarketingedesign.com.br\/index.php?rest_route=\/wp\/v2\/posts\/23009","targetHints":{"allow":["GET"]}}],"collection":[{"href":"https:\/\/construcaocivil.siriusmarketingedesign.com.br\/index.php?rest_route=\/wp\/v2\/posts"}],"about":[{"href":"https:\/\/construcaocivil.siriusmarketingedesign.com.br\/index.php?rest_route=\/wp\/v2\/types\/post"}],"author":[{"embeddable":true,"href":"https:\/\/construcaocivil.siriusmarketingedesign.com.br\/index.php?rest_route=\/wp\/v2\/users\/1"}],"replies":[{"embeddable":true,"href":"https:\/\/construcaocivil.siriusmarketingedesign.com.br\/index.php?rest_route=%2Fwp%2Fv2%2Fcomments&post=23009"}],"version-history":[{"count":0,"href":"https:\/\/construcaocivil.siriusmarketingedesign.com.br\/index.php?rest_route=\/wp\/v2\/posts\/23009\/revisions"}],"wp:featuredmedia":[{"embeddable":true,"href":"https:\/\/construcaocivil.siriusmarketingedesign.com.br\/index.php?rest_route=\/wp\/v2\/media\/23010"}],"wp:attachment":[{"href":"https:\/\/construcaocivil.siriusmarketingedesign.com.br\/index.php?rest_route=%2Fwp%2Fv2%2Fmedia&parent=23009"}],"wp:term":[{"taxonomy":"category","embeddable":true,"href":"https:\/\/construcaocivil.siriusmarketingedesign.com.br\/index.php?rest_route=%2Fwp%2Fv2%2Fcategories&post=23009"},{"taxonomy":"post_tag","embeddable":true,"href":"https:\/\/construcaocivil.siriusmarketingedesign.com.br\/index.php?rest_route=%2Fwp%2Fv2%2Ftags&post=23009"}],"curies":[{"name":"wp","href":"https:\/\/api.w.org\/{rel}","templated":true}]}}