{"id":2301,"date":"2016-06-27T21:40:06","date_gmt":"2016-06-27T21:40:06","guid":{"rendered":"http:\/\/www.jornaldaconstrucaocivil.com.br\/?p=2301"},"modified":"2016-06-27T21:40:06","modified_gmt":"2016-06-27T21:40:06","slug":"perfiminas-inaugura-fabrica-em-juiz-de-fora","status":"publish","type":"post","link":"https:\/\/construcaocivil.siriusmarketingedesign.com.br\/?p=2301","title":{"rendered":"Perfiminas inaugura f\u00e1brica em Juiz de Fora"},"content":{"rendered":"<figure id=\"attachment_2302\" aria-describedby=\"caption-attachment-2302\" style=\"width: 300px\" class=\"wp-caption alignleft\"><a href=\"http:\/\/www.jornaldaconstrucaocivil.com.br\/wp-content\/uploads\/2016\/06\/188-PERFIMINAS.JPG-Mariana.jpg-OK.jpg\"><img loading=\"lazy\" decoding=\"async\" class=\"wp-image-2302 size-medium\" src=\"http:\/\/www.jornaldaconstrucaocivil.com.br\/wp-content\/uploads\/2016\/06\/188-PERFIMINAS.JPG-Mariana.jpg-OK-300x199.jpg\" alt=\"(188) PERFIMINAS.JPG - Mariana.jpg OK\" width=\"300\" height=\"199\" \/><\/a><figcaption id=\"caption-attachment-2302\" class=\"wp-caption-text\"><span style=\"color: #993300;\">Inaugura\u00e7\u00e3o da f\u00e1brica da Perfiminas aconteceu na quinta-feira (23), em Juiz de Fora, com uma cerim\u00f4nia para parceiros, empres\u00e1rios e autoridades.<span style=\"color: #0000ff;\">\u00a0Cr\u00e9dito: W\u00f3lmer Monteiro<\/span><\/span><\/figcaption><\/figure>\n<p><span style=\"color: #000000;\"><strong>Junho, 2016 &#8211;<\/strong> A Perfiminas Ind\u00fastria Metal\u00fargica, foi inaugurada na quinta-feira (23), em Juiz de Fora, com uma cerim\u00f4nia para parceiros, empres\u00e1rios e autoridades. Instalada em um terreno com 104 mil m2 e com uma \u00e1rea constru\u00edda de 22 mil m2, a f\u00e1brica \u00e9 o mais novo Centro de Servi\u00e7os para fornecimento de perfis soldados e laminados, corte, fura\u00e7\u00e3o e recortes em perfis e em tubos, bem como de chapas que podem ser fornecidas cortadas, furadas e dobradas.<\/span><\/p>\n<p><span style=\"color: #000000;\">Equipada com a melhor e mais avan\u00e7ada tecnologia dispon\u00edvel internacionalmente, a empresa tamb\u00e9m oferece jateamento e pintura, galvaniza\u00e7\u00e3o a fogo e metaliza\u00e7\u00e3o com zinco ou alum\u00ednio. \u201cA Perfiminas est\u00e1 preparada para proporcionar as melhores solu\u00e7\u00f5es de centro de servi\u00e7os do mercado, garantindo efici\u00eancia, qualidade e custos competitivos\u201d, afirma o diretor presidente da empresa, Marino Garofani, que acrescenta que o novo empreendimento resultar\u00e1 na gera\u00e7\u00e3o de 380 empregos diretos e 120 indiretos.<\/span><\/p>\n<figure id=\"attachment_2303\" aria-describedby=\"caption-attachment-2303\" style=\"width: 300px\" class=\"wp-caption alignright\"><a href=\"http:\/\/www.jornaldaconstrucaocivil.com.br\/wp-content\/uploads\/2016\/06\/113-PERFIMINAS.jpg-II.jpg-III.jpg\"><img loading=\"lazy\" decoding=\"async\" class=\"wp-image-2303 size-medium\" src=\"http:\/\/www.jornaldaconstrucaocivil.com.br\/wp-content\/uploads\/2016\/06\/113-PERFIMINAS.jpg-II.jpg-III-300x199.jpg\" alt=\"(113) PERFIMINAS.jpg II.jpg III\" width=\"300\" height=\"199\" \/><\/a><figcaption id=\"caption-attachment-2303\" class=\"wp-caption-text\"><span style=\"color: #993300;\">Com a f\u00e1brica, ser\u00e3o criados 380 empregos diretos e 120 indiretos.<span style=\"color: #0000ff;\">Cr\u00e9dito: W\u00f3lmer Monteiro<\/span><\/span><\/figcaption><\/figure>\n<p><span style=\"color: #000000;\">A unidade ser\u00e1 uma fornecedora para os fabricantes de estruturas met\u00e1licas, construtoras, estaleiros e fabricantes de m\u00e1quinas que queiram adquirir pe\u00e7as prontas para uso no mercado de constru\u00e7\u00e3o. A planta disp\u00f5e de equipamentos automatizados e comandados por computador, o que garante efici\u00eancia e qualidade na produ\u00e7\u00e3o dos componentes met\u00e1licos.<\/span><\/p>\n<p><span style=\"color: #000000;\">Ao atingir a sua plena capacidade a planta da Perfiminas processar\u00e1 cerca de 30 mil toneladas de a\u00e7o por ano.<\/span><\/p>\n<p>Fonte: Assessoria de Imprensa Perfiminas<\/p>\n","protected":false},"excerpt":{"rendered":"<p>Junho, 2016 &#8211; A Perfiminas Ind\u00fastria Metal\u00fargica, foi inaugurada na quinta-feira (23), em Juiz de Fora, com uma cerim\u00f4nia para parceiros, empres\u00e1rios e autoridades. Instalada em um terreno com 104 mil m2 e com uma \u00e1rea constru\u00edda de 22 mil m2, a f\u00e1brica \u00e9 o mais novo Centro de Servi\u00e7os para fornecimento de perfis soldados [&hellip;]<\/p>\n","protected":false},"author":1,"featured_media":2302,"comment_status":"open","ping_status":"open","sticky":false,"template":"","format":"standard","meta":{"_uag_custom_page_level_css":"","footnotes":""},"categories":[12591],"tags":[399,1535,3517,4153,6588,7302,8810],"class_list":["post-2301","post","type-post","status-publish","format-standard","has-post-thumbnail","hentry","category-produtos","tag-aco","tag-brasil","tag-desenvolvimento","tag-empregos","tag-juiz-de-foramg","tag-marino-garofani","tag-perfiminas"],"blocksy_meta":[],"spectra_blocks_featured_image_url":[],"spectra_blocks_author_info":{"display_name":"Jornal da Constru\u00e7\u00e3o Civil","avatar_url":"https:\/\/secure.gravatar.com\/avatar\/973c9774fd44ddaceb026973c4962faa70fc512bc4c9da68e8ebb40fecee6540?s=96&d=mm&r=g","author_link":"https:\/\/construcaocivil.siriusmarketingedesign.com.br\/?author=1","description":"Desde de 2013, levando muitas informa\u00e7\u00f5es, lan\u00e7amentos e produtos de qualidade para toda cadeia produtiva da constru\u00e7\u00e3o. O Futuro da constru\u00e7\u00e3o passa por aqui,"},"uagb_featured_image_src":{"full":false,"thumbnail":false,"medium":false,"medium_large":false,"large":false,"1536x1536":false,"2048x2048":false},"uagb_author_info":{"display_name":"Jornal da Constru\u00e7\u00e3o Civil","author_link":"https:\/\/construcaocivil.siriusmarketingedesign.com.br\/?author=1"},"uagb_comment_info":0,"uagb_excerpt":"Junho, 2016 &#8211; A Perfiminas Ind\u00fastria Metal\u00fargica, foi inaugurada na quinta-feira (23), em Juiz de Fora, com uma cerim\u00f4nia para parceiros, empres\u00e1rios e autoridades. Instalada em um terreno com 104 mil m2 e com uma \u00e1rea constru\u00edda de 22 mil m2, a f\u00e1brica \u00e9 o mais novo Centro de Servi\u00e7os para fornecimento de perfis soldados&hellip;","_links":{"self":[{"href":"https:\/\/construcaocivil.siriusmarketingedesign.com.br\/index.php?rest_route=\/wp\/v2\/posts\/2301","targetHints":{"allow":["GET"]}}],"collection":[{"href":"https:\/\/construcaocivil.siriusmarketingedesign.com.br\/index.php?rest_route=\/wp\/v2\/posts"}],"about":[{"href":"https:\/\/construcaocivil.siriusmarketingedesign.com.br\/index.php?rest_route=\/wp\/v2\/types\/post"}],"author":[{"embeddable":true,"href":"https:\/\/construcaocivil.siriusmarketingedesign.com.br\/index.php?rest_route=\/wp\/v2\/users\/1"}],"replies":[{"embeddable":true,"href":"https:\/\/construcaocivil.siriusmarketingedesign.com.br\/index.php?rest_route=%2Fwp%2Fv2%2Fcomments&post=2301"}],"version-history":[{"count":0,"href":"https:\/\/construcaocivil.siriusmarketingedesign.com.br\/index.php?rest_route=\/wp\/v2\/posts\/2301\/revisions"}],"wp:attachment":[{"href":"https:\/\/construcaocivil.siriusmarketingedesign.com.br\/index.php?rest_route=%2Fwp%2Fv2%2Fmedia&parent=2301"}],"wp:term":[{"taxonomy":"category","embeddable":true,"href":"https:\/\/construcaocivil.siriusmarketingedesign.com.br\/index.php?rest_route=%2Fwp%2Fv2%2Fcategories&post=2301"},{"taxonomy":"post_tag","embeddable":true,"href":"https:\/\/construcaocivil.siriusmarketingedesign.com.br\/index.php?rest_route=%2Fwp%2Fv2%2Ftags&post=2301"}],"curies":[{"name":"wp","href":"https:\/\/api.w.org\/{rel}","templated":true}]}}