{"id":23022,"date":"2024-01-05T22:38:49","date_gmt":"2024-01-06T01:38:49","guid":{"rendered":"https:\/\/www.jornaldaconstrucaocivil.com.br\/?p=23022"},"modified":"2024-01-13T13:42:12","modified_gmt":"2024-01-13T16:42:12","slug":"carnaval-2024-tangua-tera-ala-especial-no-desfile-da-serie-ouro-das-escolas-de-samba-da-capital-fluminense","status":"publish","type":"post","link":"https:\/\/construcaocivil.siriusmarketingedesign.com.br\/?p=23022","title":{"rendered":"Carnaval 2024: Tangu\u00e1 ter\u00e1 ala especial no desfile da s\u00e9rie Ouro das Escolas de Samba da capital fluminense"},"content":{"rendered":"<p style=\"text-align: justify;\"><span style=\"color: #993300;\"><em><strong>\u201cCh\u00e3o de devo\u00e7\u00e3o: Orgulho ancestral\u201d, foi o enredo escolhido pela Est\u00e1cio de S\u00e1, primeira escola de samba fundada no Brasil, para se apresentar na Sapuca\u00ed em 2024<\/strong><\/em><\/span><\/p>\n<p style=\"text-align: justify;\"><span class=\"il\">Tangu\u00e1<\/span>-RJ &#8211; A cidade de\u00a0<span class=\"il\">Tangu\u00e1<\/span>\u00a0est\u00e1 prestes a vivenciar um momento \u00fanico no cen\u00e1rio carnavalesco carioca, com a participa\u00e7\u00e3o especial no desfile do G.R.E.S Est\u00e1cio de S\u00e1 no Carnaval de 2024.<\/p>\n<p style=\"text-align: justify;\">Sob o enredo &#8220;Ch\u00e3o de devo\u00e7\u00e3o: Orgulho ancestral&#8221;, a Est\u00e1cio de S\u00e1, pioneira entre as escolas de samba do Brasil, escolheu\u00a0<span class=\"il\">Tangu\u00e1<\/span>\u00a0como protagonista de uma de suas alas, composta por 70 integrantes, sendo 30 deles residentes locais. Al\u00e9m disso, cerca de mais 200 participantes da cidade abrilhantar\u00e3o diversas alas ao longo do desfile.<\/p>\n<figure id=\"attachment_23026\" aria-describedby=\"caption-attachment-23026\" style=\"width: 300px\" class=\"wp-caption alignleft\"><img loading=\"lazy\" decoding=\"async\" class=\"size-medium wp-image-23026\" src=\"https:\/\/www.jornaldaconstrucaocivil.com.br\/wp-content\/uploads\/2024\/01\/Escola-de-Samba-2-300x200.jpeg\" alt=\"\" width=\"300\" height=\"200\" srcset=\"https:\/\/construcaocivil.siriusmarketingedesign.com.br\/wp-content\/uploads\/2024\/01\/Escola-de-Samba-2-300x200.jpeg 300w, https:\/\/construcaocivil.siriusmarketingedesign.com.br\/wp-content\/uploads\/2024\/01\/Escola-de-Samba-2-1024x682.jpeg 1024w, https:\/\/construcaocivil.siriusmarketingedesign.com.br\/wp-content\/uploads\/2024\/01\/Escola-de-Samba-2-768x512.jpeg 768w, https:\/\/construcaocivil.siriusmarketingedesign.com.br\/wp-content\/uploads\/2024\/01\/Escola-de-Samba-2-1536x1024.jpeg 1536w, https:\/\/construcaocivil.siriusmarketingedesign.com.br\/wp-content\/uploads\/2024\/01\/Escola-de-Samba-2-2048x1365.jpeg 2048w, https:\/\/construcaocivil.siriusmarketingedesign.com.br\/wp-content\/uploads\/2024\/01\/Escola-de-Samba-2-200x133.jpeg 200w\" sizes=\"auto, (max-width: 300px) 100vw, 300px\" \/><figcaption id=\"caption-attachment-23026\" class=\"wp-caption-text\">Divulga\u00e7\u00e3o<\/figcaption><\/figure>\n<p style=\"text-align: justify;\">A ala, batizada de &#8220;Heran\u00e7a Quilombola: O Doce Gosto da Liberdade&#8221;, prestar\u00e1 uma rever\u00eancia especial a Maria Conga, fundadora do Quilombo, uma destemida l\u00edder que dedicou sua vida ao leste metropolitano, possivelmente incluindo\u00a0<span class=\"il\">Tangu\u00e1<\/span>, bem como as matas de Mag\u00e9 e Guapimirim.<\/p>\n<p style=\"text-align: justify;\">\u201cMaria Conga, reconhecida como Hero\u00edna de Mag\u00e9 desde 1988, deixou um legado marcante, e a cidade de\u00a0<span class=\"il\">Tangu\u00e1<\/span>\u00a0se orgulha de representar sua hist\u00f3ria e contribui\u00e7\u00e3o no desfile da Est\u00e1cio de S\u00e1\u201d \u2014 disse o secret\u00e1rio municipal de Cultura e Turismo, Reginaldo Garcia Serrano.<\/p>\n<p style=\"text-align: justify;\">Ap\u00f3s enfrentar diversas dificuldades para conseguir colocar o desfile de 2023 na rua, a vermelha e branca aposta no enredo do carnavalesco Marcus Paulo, para novamente voltar aos bons tempos.<\/p>\n<p style=\"text-align: justify;\">A Est\u00e1cio de S\u00e1 ir\u00e1 se apresentar na sexta-feira de Carnaval (09\/02), primeiro dia de desfiles da S\u00e9rie Ouro. O chamado \u201cBer\u00e7o do Samba\u201d ser\u00e1 a quinta agremia\u00e7\u00e3o a cruzar a Marqu\u00eas de Sapuca\u00ed, na ocasi\u00e3o.<\/p>\n<p style=\"text-align: justify;\">Descendente da Deixa Falar, a Est\u00e1cio de S\u00e1 teve origem no Morro de S\u00e3o Carlos, tendo sido fundada em 27 de fevereiro de 1955 como a primeira escola de samba do Brasil.<\/p>\n<p><span style=\"color: #0000ff;\"><a style=\"color: #0000ff;\" href=\"https:\/\/www.instagram.com\/ligarjcarnaval\/\">Liga RJ (@ligarjcarnaval) \u2022 Fotos e v\u00eddeos do Instagram<\/a><\/span><\/p>\n<p><span style=\"color: #0000ff;\"><a style=\"color: #0000ff;\" href=\"https:\/\/ligarj.com.br\/\">Liga RJ<\/a><\/span><\/p>\n<div class=\"yj6qo\" style=\"text-align: justify;\"><span style=\"color: #0000ff;\"><a style=\"color: #0000ff;\" href=\"https:\/\/gresestaciodesa.com.br\/\">GRES EST\u00c1CIO DE S\u00c1 (gresestaciodesa.com.br)<\/a><\/span><\/div>\n","protected":false},"excerpt":{"rendered":"<p>\u201cCh\u00e3o de devo\u00e7\u00e3o: Orgulho ancestral\u201d, foi o enredo escolhido pela Est\u00e1cio de S\u00e1, primeira escola de samba fundada no Brasil, para se apresentar na Sapuca\u00ed em 2024 Tangu\u00e1-RJ &#8211; A cidade de\u00a0Tangu\u00e1\u00a0est\u00e1 prestes a vivenciar um momento \u00fanico no cen\u00e1rio carnavalesco carioca, com a participa\u00e7\u00e3o especial no desfile do G.R.E.S Est\u00e1cio de S\u00e1 no Carnaval [&hellip;]<\/p>\n","protected":false},"author":1,"featured_media":23023,"comment_status":"open","ping_status":"open","sticky":false,"template":"","format":"standard","meta":{"_uag_custom_page_level_css":"","footnotes":""},"categories":[27],"tags":[26088,26087,26125,10375,24687],"class_list":["post-23022","post","type-post","status-publish","format-standard","has-post-thumbnail","hentry","category-acontece","tag-carnaval2024","tag-gres-estacio-de-sa","tag-ingressos-carnaval-2024","tag-rio-de-janeiro","tag-tangua-rj"],"blocksy_meta":[],"spectra_blocks_featured_image_url":{"thumbnail":{"url":"https:\/\/construcaocivil.siriusmarketingedesign.com.br\/wp-content\/uploads\/2024\/01\/Escola-de-Samba-1-150x150.jpeg","width":150,"height":150},"medium":{"url":"https:\/\/construcaocivil.siriusmarketingedesign.com.br\/wp-content\/uploads\/2024\/01\/Escola-de-Samba-1-300x200.jpeg","width":300,"height":200},"medium_large":{"url":"https:\/\/construcaocivil.siriusmarketingedesign.com.br\/wp-content\/uploads\/2024\/01\/Escola-de-Samba-1-768x512.jpeg","width":768,"height":512},"large":{"url":"https:\/\/construcaocivil.siriusmarketingedesign.com.br\/wp-content\/uploads\/2024\/01\/Escola-de-Samba-1-1024x682.jpeg","width":1024,"height":682},"full":{"url":"https:\/\/construcaocivil.siriusmarketingedesign.com.br\/wp-content\/uploads\/2024\/01\/Escola-de-Samba-1.jpeg","width":2560,"height":1706}},"spectra_blocks_author_info":{"display_name":"Jornal da Constru\u00e7\u00e3o Civil","avatar_url":"https:\/\/secure.gravatar.com\/avatar\/973c9774fd44ddaceb026973c4962faa70fc512bc4c9da68e8ebb40fecee6540?s=96&d=mm&r=g","author_link":"https:\/\/construcaocivil.siriusmarketingedesign.com.br\/?author=1","description":"Desde de 2013, levando muitas informa\u00e7\u00f5es, lan\u00e7amentos e produtos de qualidade para toda cadeia produtiva da constru\u00e7\u00e3o. O Futuro da constru\u00e7\u00e3o passa por aqui,"},"uagb_featured_image_src":{"full":["https:\/\/construcaocivil.siriusmarketingedesign.com.br\/wp-content\/uploads\/2024\/01\/Escola-de-Samba-1.jpeg",2560,1706,false],"thumbnail":["https:\/\/construcaocivil.siriusmarketingedesign.com.br\/wp-content\/uploads\/2024\/01\/Escola-de-Samba-1-150x150.jpeg",150,150,true],"medium":["https:\/\/construcaocivil.siriusmarketingedesign.com.br\/wp-content\/uploads\/2024\/01\/Escola-de-Samba-1-300x200.jpeg",300,200,true],"medium_large":["https:\/\/construcaocivil.siriusmarketingedesign.com.br\/wp-content\/uploads\/2024\/01\/Escola-de-Samba-1-768x512.jpeg",768,512,true],"large":["https:\/\/construcaocivil.siriusmarketingedesign.com.br\/wp-content\/uploads\/2024\/01\/Escola-de-Samba-1-1024x682.jpeg",1024,682,true],"1536x1536":["https:\/\/construcaocivil.siriusmarketingedesign.com.br\/wp-content\/uploads\/2024\/01\/Escola-de-Samba-1-1536x1024.jpeg",1536,1024,true],"2048x2048":["https:\/\/construcaocivil.siriusmarketingedesign.com.br\/wp-content\/uploads\/2024\/01\/Escola-de-Samba-1-2048x1365.jpeg",2048,1365,true]},"uagb_author_info":{"display_name":"Jornal da Constru\u00e7\u00e3o Civil","author_link":"https:\/\/construcaocivil.siriusmarketingedesign.com.br\/?author=1"},"uagb_comment_info":0,"uagb_excerpt":"\u201cCh\u00e3o de devo\u00e7\u00e3o: Orgulho ancestral\u201d, foi o enredo escolhido pela Est\u00e1cio de S\u00e1, primeira escola de samba fundada no Brasil, para se apresentar na Sapuca\u00ed em 2024 Tangu\u00e1-RJ &#8211; A cidade de\u00a0Tangu\u00e1\u00a0est\u00e1 prestes a vivenciar um momento \u00fanico no cen\u00e1rio carnavalesco carioca, com a participa\u00e7\u00e3o especial no desfile do G.R.E.S Est\u00e1cio de S\u00e1 no Carnaval&hellip;","_links":{"self":[{"href":"https:\/\/construcaocivil.siriusmarketingedesign.com.br\/index.php?rest_route=\/wp\/v2\/posts\/23022","targetHints":{"allow":["GET"]}}],"collection":[{"href":"https:\/\/construcaocivil.siriusmarketingedesign.com.br\/index.php?rest_route=\/wp\/v2\/posts"}],"about":[{"href":"https:\/\/construcaocivil.siriusmarketingedesign.com.br\/index.php?rest_route=\/wp\/v2\/types\/post"}],"author":[{"embeddable":true,"href":"https:\/\/construcaocivil.siriusmarketingedesign.com.br\/index.php?rest_route=\/wp\/v2\/users\/1"}],"replies":[{"embeddable":true,"href":"https:\/\/construcaocivil.siriusmarketingedesign.com.br\/index.php?rest_route=%2Fwp%2Fv2%2Fcomments&post=23022"}],"version-history":[{"count":0,"href":"https:\/\/construcaocivil.siriusmarketingedesign.com.br\/index.php?rest_route=\/wp\/v2\/posts\/23022\/revisions"}],"wp:featuredmedia":[{"embeddable":true,"href":"https:\/\/construcaocivil.siriusmarketingedesign.com.br\/index.php?rest_route=\/wp\/v2\/media\/23023"}],"wp:attachment":[{"href":"https:\/\/construcaocivil.siriusmarketingedesign.com.br\/index.php?rest_route=%2Fwp%2Fv2%2Fmedia&parent=23022"}],"wp:term":[{"taxonomy":"category","embeddable":true,"href":"https:\/\/construcaocivil.siriusmarketingedesign.com.br\/index.php?rest_route=%2Fwp%2Fv2%2Fcategories&post=23022"},{"taxonomy":"post_tag","embeddable":true,"href":"https:\/\/construcaocivil.siriusmarketingedesign.com.br\/index.php?rest_route=%2Fwp%2Fv2%2Ftags&post=23022"}],"curies":[{"name":"wp","href":"https:\/\/api.w.org\/{rel}","templated":true}]}}