{"id":23038,"date":"2024-01-08T10:54:41","date_gmt":"2024-01-08T13:54:41","guid":{"rendered":"https:\/\/www.jornaldaconstrucaocivil.com.br\/?p=23038"},"modified":"2024-01-08T10:54:41","modified_gmt":"2024-01-08T13:54:41","slug":"esg-distante-nas-empresas-consumidor-exige-mas-empresas-derrapam-para-implantar-governanca","status":"publish","type":"post","link":"https:\/\/construcaocivil.siriusmarketingedesign.com.br\/?p=23038","title":{"rendered":"ESG distante nas empresas: consumidor exige, mas empresas derrapam para implantar governan\u00e7a"},"content":{"rendered":"<p style=\"text-align: justify;\"><strong><span style=\"color: #993300;\"><i>Segundo especialista, muitas a\u00e7\u00f5es anunciadas s\u00e3o superficiais e n\u00e3o resultam em uma cultura de conformidade e compliance<\/i><\/span><\/strong><\/p>\n<div>\n<p style=\"text-align: justify;\">Janeiro, 2024 &#8211; Pesquisas recentes apontam uma preocupa\u00e7\u00e3o cada vez maior do consumidor brasileiro com quest\u00f5es ambientais, sociais e de governan\u00e7a (ESG). Segundo o \u00cdndice do Setor de Sustentabilidade 2023 da Kantar, 56% dos entrevistados deixaram de consumir produtos de uma marca que n\u00e3o investe em sustentabilidade ou que adote pr\u00e1ticas nocivas ao meio ambiente e \u00e0 sociedade.<\/p>\n<figure id=\"attachment_23040\" aria-describedby=\"caption-attachment-23040\" style=\"width: 200px\" class=\"wp-caption alignleft\"><img loading=\"lazy\" decoding=\"async\" class=\"size-medium wp-image-23040\" src=\"https:\/\/www.jornaldaconstrucaocivil.com.br\/wp-content\/uploads\/2024\/01\/IMG-9293.jpeg-200x300.jpg\" alt=\"\" width=\"200\" height=\"300\" srcset=\"https:\/\/construcaocivil.siriusmarketingedesign.com.br\/wp-content\/uploads\/2024\/01\/IMG-9293.jpeg-200x300.jpg 200w, https:\/\/construcaocivil.siriusmarketingedesign.com.br\/wp-content\/uploads\/2024\/01\/IMG-9293.jpeg-683x1024.jpg 683w, https:\/\/construcaocivil.siriusmarketingedesign.com.br\/wp-content\/uploads\/2024\/01\/IMG-9293.jpeg-768x1152.jpg 768w, https:\/\/construcaocivil.siriusmarketingedesign.com.br\/wp-content\/uploads\/2024\/01\/IMG-9293.jpeg-1024x1536.jpg 1024w, https:\/\/construcaocivil.siriusmarketingedesign.com.br\/wp-content\/uploads\/2024\/01\/IMG-9293.jpeg-1365x2048.jpg 1365w, https:\/\/construcaocivil.siriusmarketingedesign.com.br\/wp-content\/uploads\/2024\/01\/IMG-9293.jpeg-scaled.jpg 1707w\" sizes=\"auto, (max-width: 200px) 100vw, 200px\" \/><figcaption id=\"caption-attachment-23040\" class=\"wp-caption-text\">Advogada Maria Helo\u00edsa Chiaverini de Melo, especialista em Compliance, Governan\u00e7a e Direito Digital<\/figcaption><\/figure>\n<p style=\"text-align: justify;\">Ao mesmo tempo, a pesquisa mostrou que os brasileiros desconfiam da divulga\u00e7\u00e3o de a\u00e7\u00f5es de ESG pelas empresas.\u00a0<strong>\u201cAs a\u00e7\u00f5es em ESG norteiam investimentos e definem prefer\u00eancias de consumo, ent\u00e3o as empresas passaram a dar publicidade a medidas que, muitas vezes, n\u00e3o se encaixam no conceito ESG. \u00c9 um engano pensar que o p\u00fablico n\u00e3o enxerga o chamado greenwashing, uma esp\u00e9cie de propaganda enganosa de companhias que se dizem sustent\u00e1veis, mas n\u00e3o s\u00e3o\u201d<\/strong>, comenta\u00a0<strong>Marcelo Pereira, diretor comercial e marketing da BrevenLaw<\/strong>, startup de compliance jur\u00eddico que auxilia as empresas na constru\u00e7\u00e3o e gest\u00e3o de governan\u00e7a.<\/p>\n<p style=\"text-align: justify;\">A\u00a0<strong>advogada Maria Helo\u00edsa Chiaverini de Melo, mestre em Ci\u00eancias Sociais, especialista em Compliance, Governan\u00e7a e Direito Digital,<\/strong>\u00a0explica que, quando o assunto \u00e9 governan\u00e7a, muita gente faz s\u00f3 a ponta do iceberg, como documentos de pol\u00edticas de privacidade, de brindes ou contra ass\u00e9dio, e d\u00e3o um treinamento espor\u00e1dico para colaborador.\u00a0<strong>\u201c\u00c9 preciso um trabalho cont\u00ednuo de treinamentos, de aperfei\u00e7oamento das normas e, sobretudo, \u00e9 necess\u00e1rio engajamento dos l\u00edderes para criar, efetivamente, uma cultura de conformidade nas empresas. Isso vai muito al\u00e9m de estabelecer cotas de vagas para PCD ou fazer gest\u00e3o de res\u00edduos, por exemplo\u201d<\/strong>.<\/p>\n<p style=\"text-align: justify;\"><strong>Identifica\u00e7\u00e3o de riscos<\/strong><br \/>\nMaria Helo\u00edsa explica que, para ter uma governan\u00e7a efetiva, as empresas precisam gerenciar riscos n\u00e3o s\u00f3 para os funcion\u00e1rios, mas tamb\u00e9m para fornecedores, parceiros e prestadores de servi\u00e7o.\u00a0<strong>\u201cO problema \u00e9 que, geralmente, \u00e9 feito um documento geral para todos assinarem, sem considerar as especificidades de cada atividade, e n\u00e3o h\u00e1 uma fiscaliza\u00e7\u00e3o efetiva que comprove que os parceiros est\u00e3o cumprindo a legisla\u00e7\u00e3o, que est\u00e3o em dia com a Lei Geral de Prote\u00e7\u00e3o de Dados e com as pol\u00edticas de Preven\u00e7\u00e3o \u00e0 Lavagem de Dinheiro, por exemplo<\/strong>\u201d.<\/p>\n<p style=\"text-align: justify;\"><strong>Envolvimento dos l\u00edderes<\/strong><br \/>\nA especialista destaca que a falta de engajamento pela alta dire\u00e7\u00e3o das empresas \u00e9 um dos graves problemas de governan\u00e7a.\u00a0<strong>\u201cUma empresa s\u00f3 ter\u00e1 uma cultura s\u00f3lida se a dire\u00e7\u00e3o estiver envolvida e se ela engajar os colaboradores no processo. Por isso os treinamentos frequentes e as atualiza\u00e7\u00f5es constantes s\u00e3o indispens\u00e1veis \u00e0 governan\u00e7a\u201d<\/strong>, completa<\/p>\n<\/div>\n","protected":false},"excerpt":{"rendered":"<p>Segundo especialista, muitas a\u00e7\u00f5es anunciadas s\u00e3o superficiais e n\u00e3o resultam em uma cultura de conformidade e compliance Janeiro, 2024 &#8211; Pesquisas recentes apontam uma preocupa\u00e7\u00e3o cada vez maior do consumidor brasileiro com quest\u00f5es ambientais, sociais e de governan\u00e7a (ESG). Segundo o \u00cdndice do Setor de Sustentabilidade 2023 da Kantar, 56% dos entrevistados deixaram de consumir [&hellip;]<\/p>\n","protected":false},"author":1,"featured_media":23039,"comment_status":"open","ping_status":"open","sticky":false,"template":"","format":"standard","meta":{"_uag_custom_page_level_css":"","footnotes":""},"categories":[33],"tags":[25860,26094,26095,23149],"class_list":["post-23038","post","type-post","status-publish","format-standard","has-post-thumbnail","hentry","category-mercado","tag-esg","tag-brevenlaw","tag-meritocracia-do-privilegio","tag-racismo-estrutural"],"blocksy_meta":[],"spectra_blocks_featured_image_url":{"thumbnail":{"url":"https:\/\/construcaocivil.siriusmarketingedesign.com.br\/wp-content\/uploads\/2024\/01\/empresario-com-bloco-de-madeira-na-mao-conceito-de-icone-esg-para-social-ambiental-e-governanca-em-negocios-sustentaveis-e-eticos-na-conexao-de-rede-em-fundo-verde-150x150.jpg","width":150,"height":150},"medium":{"url":"https:\/\/construcaocivil.siriusmarketingedesign.com.br\/wp-content\/uploads\/2024\/01\/empresario-com-bloco-de-madeira-na-mao-conceito-de-icone-esg-para-social-ambiental-e-governanca-em-negocios-sustentaveis-e-eticos-na-conexao-de-rede-em-fundo-verde-300x199.jpg","width":300,"height":199},"medium_large":{"url":"https:\/\/construcaocivil.siriusmarketingedesign.com.br\/wp-content\/uploads\/2024\/01\/empresario-com-bloco-de-madeira-na-mao-conceito-de-icone-esg-para-social-ambiental-e-governanca-em-negocios-sustentaveis-e-eticos-na-conexao-de-rede-em-fundo-verde-768x509.jpg","width":768,"height":509},"large":{"url":"https:\/\/construcaocivil.siriusmarketingedesign.com.br\/wp-content\/uploads\/2024\/01\/empresario-com-bloco-de-madeira-na-mao-conceito-de-icone-esg-para-social-ambiental-e-governanca-em-negocios-sustentaveis-e-eticos-na-conexao-de-rede-em-fundo-verde-1024x679.jpg","width":1024,"height":679},"full":{"url":"https:\/\/construcaocivil.siriusmarketingedesign.com.br\/wp-content\/uploads\/2024\/01\/empresario-com-bloco-de-madeira-na-mao-conceito-de-icone-esg-para-social-ambiental-e-governanca-em-negocios-sustentaveis-e-eticos-na-conexao-de-rede-em-fundo-verde.jpg","width":1500,"height":994}},"spectra_blocks_author_info":{"display_name":"Jornal da Constru\u00e7\u00e3o Civil","avatar_url":"https:\/\/secure.gravatar.com\/avatar\/973c9774fd44ddaceb026973c4962faa70fc512bc4c9da68e8ebb40fecee6540?s=96&d=mm&r=g","author_link":"https:\/\/construcaocivil.siriusmarketingedesign.com.br\/?author=1","description":"Desde de 2013, levando muitas informa\u00e7\u00f5es, lan\u00e7amentos e produtos de qualidade para toda cadeia produtiva da constru\u00e7\u00e3o. O Futuro da constru\u00e7\u00e3o passa por aqui,"},"uagb_featured_image_src":{"full":["https:\/\/construcaocivil.siriusmarketingedesign.com.br\/wp-content\/uploads\/2024\/01\/empresario-com-bloco-de-madeira-na-mao-conceito-de-icone-esg-para-social-ambiental-e-governanca-em-negocios-sustentaveis-e-eticos-na-conexao-de-rede-em-fundo-verde.jpg",1500,994,false],"thumbnail":["https:\/\/construcaocivil.siriusmarketingedesign.com.br\/wp-content\/uploads\/2024\/01\/empresario-com-bloco-de-madeira-na-mao-conceito-de-icone-esg-para-social-ambiental-e-governanca-em-negocios-sustentaveis-e-eticos-na-conexao-de-rede-em-fundo-verde-150x150.jpg",150,150,true],"medium":["https:\/\/construcaocivil.siriusmarketingedesign.com.br\/wp-content\/uploads\/2024\/01\/empresario-com-bloco-de-madeira-na-mao-conceito-de-icone-esg-para-social-ambiental-e-governanca-em-negocios-sustentaveis-e-eticos-na-conexao-de-rede-em-fundo-verde-300x199.jpg",300,199,true],"medium_large":["https:\/\/construcaocivil.siriusmarketingedesign.com.br\/wp-content\/uploads\/2024\/01\/empresario-com-bloco-de-madeira-na-mao-conceito-de-icone-esg-para-social-ambiental-e-governanca-em-negocios-sustentaveis-e-eticos-na-conexao-de-rede-em-fundo-verde-768x509.jpg",768,509,true],"large":["https:\/\/construcaocivil.siriusmarketingedesign.com.br\/wp-content\/uploads\/2024\/01\/empresario-com-bloco-de-madeira-na-mao-conceito-de-icone-esg-para-social-ambiental-e-governanca-em-negocios-sustentaveis-e-eticos-na-conexao-de-rede-em-fundo-verde-1024x679.jpg",1024,679,true],"1536x1536":["https:\/\/construcaocivil.siriusmarketingedesign.com.br\/wp-content\/uploads\/2024\/01\/empresario-com-bloco-de-madeira-na-mao-conceito-de-icone-esg-para-social-ambiental-e-governanca-em-negocios-sustentaveis-e-eticos-na-conexao-de-rede-em-fundo-verde.jpg",1500,994,false],"2048x2048":["https:\/\/construcaocivil.siriusmarketingedesign.com.br\/wp-content\/uploads\/2024\/01\/empresario-com-bloco-de-madeira-na-mao-conceito-de-icone-esg-para-social-ambiental-e-governanca-em-negocios-sustentaveis-e-eticos-na-conexao-de-rede-em-fundo-verde.jpg",1500,994,false]},"uagb_author_info":{"display_name":"Jornal da Constru\u00e7\u00e3o Civil","author_link":"https:\/\/construcaocivil.siriusmarketingedesign.com.br\/?author=1"},"uagb_comment_info":0,"uagb_excerpt":"Segundo especialista, muitas a\u00e7\u00f5es anunciadas s\u00e3o superficiais e n\u00e3o resultam em uma cultura de conformidade e compliance Janeiro, 2024 &#8211; Pesquisas recentes apontam uma preocupa\u00e7\u00e3o cada vez maior do consumidor brasileiro com quest\u00f5es ambientais, sociais e de governan\u00e7a (ESG). Segundo o \u00cdndice do Setor de Sustentabilidade 2023 da Kantar, 56% dos entrevistados deixaram de consumir&hellip;","_links":{"self":[{"href":"https:\/\/construcaocivil.siriusmarketingedesign.com.br\/index.php?rest_route=\/wp\/v2\/posts\/23038","targetHints":{"allow":["GET"]}}],"collection":[{"href":"https:\/\/construcaocivil.siriusmarketingedesign.com.br\/index.php?rest_route=\/wp\/v2\/posts"}],"about":[{"href":"https:\/\/construcaocivil.siriusmarketingedesign.com.br\/index.php?rest_route=\/wp\/v2\/types\/post"}],"author":[{"embeddable":true,"href":"https:\/\/construcaocivil.siriusmarketingedesign.com.br\/index.php?rest_route=\/wp\/v2\/users\/1"}],"replies":[{"embeddable":true,"href":"https:\/\/construcaocivil.siriusmarketingedesign.com.br\/index.php?rest_route=%2Fwp%2Fv2%2Fcomments&post=23038"}],"version-history":[{"count":0,"href":"https:\/\/construcaocivil.siriusmarketingedesign.com.br\/index.php?rest_route=\/wp\/v2\/posts\/23038\/revisions"}],"wp:featuredmedia":[{"embeddable":true,"href":"https:\/\/construcaocivil.siriusmarketingedesign.com.br\/index.php?rest_route=\/wp\/v2\/media\/23039"}],"wp:attachment":[{"href":"https:\/\/construcaocivil.siriusmarketingedesign.com.br\/index.php?rest_route=%2Fwp%2Fv2%2Fmedia&parent=23038"}],"wp:term":[{"taxonomy":"category","embeddable":true,"href":"https:\/\/construcaocivil.siriusmarketingedesign.com.br\/index.php?rest_route=%2Fwp%2Fv2%2Fcategories&post=23038"},{"taxonomy":"post_tag","embeddable":true,"href":"https:\/\/construcaocivil.siriusmarketingedesign.com.br\/index.php?rest_route=%2Fwp%2Fv2%2Ftags&post=23038"}],"curies":[{"name":"wp","href":"https:\/\/api.w.org\/{rel}","templated":true}]}}