{"id":23051,"date":"2024-01-10T12:29:29","date_gmt":"2024-01-10T15:29:29","guid":{"rendered":"https:\/\/www.jornaldaconstrucaocivil.com.br\/?p=23051"},"modified":"2024-01-10T12:29:29","modified_gmt":"2024-01-10T15:29:29","slug":"futuro-do-mercado-da-madeira-sustentavel-e-tema-de-evento-no-rio","status":"publish","type":"post","link":"https:\/\/construcaocivil.siriusmarketingedesign.com.br\/?p=23051","title":{"rendered":"Futuro do mercado da madeira sustent\u00e1vel \u00e9 tema de evento no Rio"},"content":{"rendered":"<p style=\"text-align: justify;\">O F\u00f3rum Nacional das Atividades de Base Florestal (FNBF) e o Centro das Ind\u00fastrias Produtoras e Exportadoras de Madeira de Mato Grosso (Cipem) realizam, no pr\u00f3ximo dia 15 de mar\u00e7o, a segunda edi\u00e7\u00e3o do evento &#8220;Madeira Sustent\u00e1vel: O futuro do mercado&#8221;, no Rio de Janeiro (RJ). O encontro visa unir integrantes de todas as etapas da cadeia da madeira, em especial do manejo florestal sustent\u00e1vel, para levar informa\u00e7\u00f5es sobre o setor e criar um ambiente de neg\u00f3cios melhor.<\/p>\n<p style=\"text-align: justify;\">\n<p style=\"text-align: justify;\">Para este ano, o local escolhido para a realiza\u00e7\u00e3o do evento \u00e9 o Hotel Grand Hyatt, na Barra da Tijuca. S\u00e3o esperados profissionais como varejistas, engenheiros, arquitetos, profissionais de design de interior e design de m\u00f3veis, fabricantes de carrocerias e todos aqueles interessados em conhecer os trabalhos desenvolvidos pelos produtores.<\/p>\n<p style=\"text-align: justify;\">\n<p style=\"text-align: justify;\">&#8220;Nossa ideia \u00e9 a de ir at\u00e9 os grandes mercados consumidores, unir todos os atores envolvidos na cadeia da madeira, em especial da madeira nativa, de manejo florestal sustent\u00e1vel e levar uma informa\u00e7\u00e3o de qualidade para essas pessoas, desmistificar algumas cren\u00e7as e quebrar paradigmas&#8221;, explica o presidente do FNBF, Frank Rogieri.<\/p>\n<p style=\"text-align: justify;\">\n<p style=\"text-align: justify;\">Dever\u00e3o participar dos pain\u00e9is que ser\u00e3o realizados no evento representantes da Associa\u00e7\u00e3o Brasileira de Entidades Estaduais de Meio Ambiente (Abema), do Instituto Brasileiro do Meio Ambiente (Ibama) e do servi\u00e7o florestal, al\u00e9m de outros integrantes da cadeia da madeira. &#8220;A ideia \u00e9 justamente mostrar como \u00e9 a explora\u00e7\u00e3o florestal, a sustentabilidade dela, em que p\u00e9 est\u00e1 a ind\u00fastria madeireira brasileira e buscar melhorar esse ambiente de trabalho e neg\u00f3cios&#8221;.<\/p>\n<p style=\"text-align: justify;\">\n<p style=\"text-align: justify;\">Os interessados em participar do evento dever\u00e3o encaminhar um e-mail para\u00a0<a href=\"mailto:atendimento@duaimarketing.com.br\" rel=\"noreferrer\">atendimento@duaimarketing.com.br<\/a>. Mais informa\u00e7\u00f5es podem ser obtidas pelo telefone (65) 98130-3111.<\/p>\n","protected":false},"excerpt":{"rendered":"<p>O F\u00f3rum Nacional das Atividades de Base Florestal (FNBF) e o Centro das Ind\u00fastrias Produtoras e Exportadoras de Madeira de Mato Grosso (Cipem) realizam, no pr\u00f3ximo dia 15 de mar\u00e7o, a segunda edi\u00e7\u00e3o do evento &#8220;Madeira Sustent\u00e1vel: O futuro do mercado&#8221;, no Rio de Janeiro (RJ). O encontro visa unir integrantes de todas as etapas [&hellip;]<\/p>\n","protected":false},"author":1,"featured_media":23052,"comment_status":"open","ping_status":"open","sticky":false,"template":"","format":"standard","meta":{"_uag_custom_page_level_css":"","footnotes":""},"categories":[33],"tags":[26107,26104,26105,26108,26106,7376,7438,10375],"class_list":["post-23051","post","type-post","status-publish","format-standard","has-post-thumbnail","hentry","category-mercado","tag-woodframe","tag-abema","tag-casas-de-madeira","tag-construcao-em-madeira","tag-madeira-sustentavel","tag-mato-grosso","tag-meio-ambiente","tag-rio-de-janeiro"],"blocksy_meta":[],"spectra_blocks_featured_image_url":{"thumbnail":{"url":"https:\/\/construcaocivil.siriusmarketingedesign.com.br\/wp-content\/uploads\/2024\/01\/CASA-De-MADEIRA-150x150.jpeg","width":150,"height":150},"medium":{"url":"https:\/\/construcaocivil.siriusmarketingedesign.com.br\/wp-content\/uploads\/2024\/01\/CASA-De-MADEIRA-262x300.jpeg","width":262,"height":300},"medium_large":{"url":"https:\/\/construcaocivil.siriusmarketingedesign.com.br\/wp-content\/uploads\/2024\/01\/CASA-De-MADEIRA-768x878.jpeg","width":768,"height":878},"large":{"url":"https:\/\/construcaocivil.siriusmarketingedesign.com.br\/wp-content\/uploads\/2024\/01\/CASA-De-MADEIRA-896x1024.jpeg","width":896,"height":1024},"full":{"url":"https:\/\/construcaocivil.siriusmarketingedesign.com.br\/wp-content\/uploads\/2024\/01\/CASA-De-MADEIRA.jpeg","width":906,"height":1036}},"spectra_blocks_author_info":{"display_name":"Jornal da Constru\u00e7\u00e3o Civil","avatar_url":"https:\/\/secure.gravatar.com\/avatar\/973c9774fd44ddaceb026973c4962faa70fc512bc4c9da68e8ebb40fecee6540?s=96&d=mm&r=g","author_link":"https:\/\/construcaocivil.siriusmarketingedesign.com.br\/?author=1","description":"Desde de 2013, levando muitas informa\u00e7\u00f5es, lan\u00e7amentos e produtos de qualidade para toda cadeia produtiva da constru\u00e7\u00e3o. O Futuro da constru\u00e7\u00e3o passa por aqui,"},"uagb_featured_image_src":{"full":["https:\/\/construcaocivil.siriusmarketingedesign.com.br\/wp-content\/uploads\/2024\/01\/CASA-De-MADEIRA.jpeg",906,1036,false],"thumbnail":["https:\/\/construcaocivil.siriusmarketingedesign.com.br\/wp-content\/uploads\/2024\/01\/CASA-De-MADEIRA-150x150.jpeg",150,150,true],"medium":["https:\/\/construcaocivil.siriusmarketingedesign.com.br\/wp-content\/uploads\/2024\/01\/CASA-De-MADEIRA-262x300.jpeg",262,300,true],"medium_large":["https:\/\/construcaocivil.siriusmarketingedesign.com.br\/wp-content\/uploads\/2024\/01\/CASA-De-MADEIRA-768x878.jpeg",768,878,true],"large":["https:\/\/construcaocivil.siriusmarketingedesign.com.br\/wp-content\/uploads\/2024\/01\/CASA-De-MADEIRA-896x1024.jpeg",896,1024,true],"1536x1536":["https:\/\/construcaocivil.siriusmarketingedesign.com.br\/wp-content\/uploads\/2024\/01\/CASA-De-MADEIRA.jpeg",906,1036,false],"2048x2048":["https:\/\/construcaocivil.siriusmarketingedesign.com.br\/wp-content\/uploads\/2024\/01\/CASA-De-MADEIRA.jpeg",906,1036,false]},"uagb_author_info":{"display_name":"Jornal da Constru\u00e7\u00e3o Civil","author_link":"https:\/\/construcaocivil.siriusmarketingedesign.com.br\/?author=1"},"uagb_comment_info":0,"uagb_excerpt":"O F\u00f3rum Nacional das Atividades de Base Florestal (FNBF) e o Centro das Ind\u00fastrias Produtoras e Exportadoras de Madeira de Mato Grosso (Cipem) realizam, no pr\u00f3ximo dia 15 de mar\u00e7o, a segunda edi\u00e7\u00e3o do evento &#8220;Madeira Sustent\u00e1vel: O futuro do mercado&#8221;, no Rio de Janeiro (RJ). O encontro visa unir integrantes de todas as etapas&hellip;","_links":{"self":[{"href":"https:\/\/construcaocivil.siriusmarketingedesign.com.br\/index.php?rest_route=\/wp\/v2\/posts\/23051","targetHints":{"allow":["GET"]}}],"collection":[{"href":"https:\/\/construcaocivil.siriusmarketingedesign.com.br\/index.php?rest_route=\/wp\/v2\/posts"}],"about":[{"href":"https:\/\/construcaocivil.siriusmarketingedesign.com.br\/index.php?rest_route=\/wp\/v2\/types\/post"}],"author":[{"embeddable":true,"href":"https:\/\/construcaocivil.siriusmarketingedesign.com.br\/index.php?rest_route=\/wp\/v2\/users\/1"}],"replies":[{"embeddable":true,"href":"https:\/\/construcaocivil.siriusmarketingedesign.com.br\/index.php?rest_route=%2Fwp%2Fv2%2Fcomments&post=23051"}],"version-history":[{"count":0,"href":"https:\/\/construcaocivil.siriusmarketingedesign.com.br\/index.php?rest_route=\/wp\/v2\/posts\/23051\/revisions"}],"wp:featuredmedia":[{"embeddable":true,"href":"https:\/\/construcaocivil.siriusmarketingedesign.com.br\/index.php?rest_route=\/wp\/v2\/media\/23052"}],"wp:attachment":[{"href":"https:\/\/construcaocivil.siriusmarketingedesign.com.br\/index.php?rest_route=%2Fwp%2Fv2%2Fmedia&parent=23051"}],"wp:term":[{"taxonomy":"category","embeddable":true,"href":"https:\/\/construcaocivil.siriusmarketingedesign.com.br\/index.php?rest_route=%2Fwp%2Fv2%2Fcategories&post=23051"},{"taxonomy":"post_tag","embeddable":true,"href":"https:\/\/construcaocivil.siriusmarketingedesign.com.br\/index.php?rest_route=%2Fwp%2Fv2%2Ftags&post=23051"}],"curies":[{"name":"wp","href":"https:\/\/api.w.org\/{rel}","templated":true}]}}