{"id":23074,"date":"2024-01-12T11:43:35","date_gmt":"2024-01-12T14:43:35","guid":{"rendered":"https:\/\/www.jornaldaconstrucaocivil.com.br\/?p=23074"},"modified":"2024-01-12T12:54:38","modified_gmt":"2024-01-12T15:54:38","slug":"casa-propria-sp-prefeitura-assina-contrato-para-compra-de-quase-11-mil-moradias-no-maior-programa-habitacional-da-historia-de-sao-paulo-que-tera-mais-de-100-mil-unidades-ate-2024","status":"publish","type":"post","link":"https:\/\/construcaocivil.siriusmarketingedesign.com.br\/?p=23074","title":{"rendered":"Casa Pr\u00f3pria SP: Prefeitura assina contrato para compra de quase 11 mil moradias no maior programa habitacional da hist\u00f3ria de S\u00e3o Paulo, que ter\u00e1 mais de 100 mil unidades at\u00e9 2024"},"content":{"rendered":"<p style=\"text-align: justify;\"><span style=\"color: #993300;\"><em><strong>Habita\u00e7\u00f5es est\u00e3o dentro do Programa Pode Entrar nas modalidades Aquisi\u00e7\u00e3o e Entidades; previs\u00e3o \u00e9 de assinar a aquisi\u00e7\u00e3o de outras 11.523 unidades em janeiro<\/strong><\/em><\/span><\/p>\n<p style=\"text-align: justify;\">O maior programa habitacional da hist\u00f3ria de S\u00e3o Paulo, em que a Prefeitura vai viabilizar 101.953 moradias at\u00e9 2024 entre entregues, em constru\u00e7\u00e3o e contratadas, recebe mais um refor\u00e7o nesta ter\u00e7a-feira (26), com a assinatura dos termos de colabora\u00e7\u00e3o do Programa Pode Entrar, que prev\u00ea a compra de 10.965 unidades habitacionais nas modalidades Aquisi\u00e7\u00e3o (<strong><span style=\"color: #0000ff;\">10.018<\/span><\/strong>) e Entidades (947). Outras 11.523 j\u00e1 est\u00e3o com previs\u00e3o de assinatura para janeiro de 2024.<\/p>\n<p style=\"text-align: justify;\">Ao participar da cerim\u00f4nia de assinatura nesta ter\u00e7a, o prefeito Ricardo Nunes refor\u00e7ou que sua meta \u00e9 garantir habita\u00e7\u00e3o de qualidade para dar dignidade \u00e0s fam\u00edlias que precisam. \u201cUma casa \u00e9 um sonho, \u00e9 a dignidade das fam\u00edlias, \u00e9 voc\u00ea poder ter a tranquilidade de ter a sua fam\u00edlia ali num local seguro, saber que voc\u00ea vai poder conduzir a sua vida e da sua fam\u00edlia de uma forma digna, com seguran\u00e7a, al\u00e9m de fazer benef\u00edcio de tudo o que a cidade tem colocado para a sociedade. Por exemplo, n\u00e3o falta vaga em creche para nenhuma crian\u00e7a, a gente est\u00e1 gerando muito emprego e renda. Chegamos a 6,7% de desemprego, \u00e9 a menor taxa de desemprego desde 2015\u201d, disse Nunes.<\/p>\n<p style=\"text-align: justify;\">O prefeito lembrou tamb\u00e9m o que j\u00e1 foi feito na \u00e1rea habitacional. \u201c\u00c9 um avan\u00e7o bastante importante para fazer frente a esse d\u00e9ficit habitacional, traz uma qualidade de vida muito grande para as pessoas. Eu j\u00e1 entreguei 9.742 chaves e hoje a gente tem em constru\u00e7\u00e3o quase 20 mil unidades. Estou muito feliz&#8221;, afirmou.<\/p>\n<p style=\"text-align: justify;\">A gest\u00e3o municipal tem inovado na pol\u00edtica habitacional com a cria\u00e7\u00e3o de instrumentos de atendimento que ampliem o acesso \u00e0 moradia, principalmente para a popula\u00e7\u00e3o com menor poder aquisitivo. Para tanto, criou o Programa Pode Entrar, maior projeto habitacional j\u00e1 lan\u00e7ado no munic\u00edpio, que conta com recursos exclusivos da Prefeitura e institui importantes ferramentas com o objetivo de combater o d\u00e9ficit de moradias na cidade.<\/p>\n<p style=\"text-align: justify;\">\u201cEssa assinatura significa um grande avan\u00e7o, a gente passa para outro patamar do ponto de vista da moradia, do direito de as pessoas morarem, da melhora da qualidade de vida. Enfim, \u00e9 um sucesso esse Programa Pode Entrar, estou bastante feliz e tenho certeza de que as pessoas que v\u00e3o ser beneficiadas tamb\u00e9m est\u00e3o muito contentes\u201d, refor\u00e7ou o prefeito.<\/p>\n<p style=\"text-align: justify;\">O Pode Entrar visa impulsionar a habita\u00e7\u00e3o com a constru\u00e7\u00e3o de empreendimentos de moradia, a requalifica\u00e7\u00e3o de im\u00f3veis e aquisi\u00e7\u00e3o de unidades da iniciativa privada. Desse modo, o munic\u00edpio ter\u00e1 menos custos, mais fam\u00edlias atendidas e redu\u00e7\u00e3o no prazo de entrega. O programa conta com quatro modalidades em andamento: Entidades\/Empresas, Aquisi\u00e7\u00f5es, Melhorias e PPP.<\/p>\n<p style=\"text-align: justify;\">Com a modalidade <span style=\"color: #0000ff;\"><strong>Pode Entrar Aquisi\u00e7\u00e3o<\/strong><\/span>, a Prefeitura pode fazer a compra de unidades habitacionais da iniciativa privada, com aquisi\u00e7\u00f5es em grande quantidade e em um curto per\u00edodo, possibilitando maior celeridade no atendimento das demandas habitacionais. A Prefeitura segue com dois editais para a compra de 45 mil unidades: um para a aquisi\u00e7\u00e3o de 5 mil unidades prontas e outro para aquisi\u00e7\u00e3o de 40 mil unidades em projetos ou com obras em andamento.<\/p>\n<p style=\"text-align: justify;\">Al\u00e9m disso, a Prefeitura tem feito a regulariza\u00e7\u00e3o fundi\u00e1ria em quantidade nunca vista em S\u00e3o Paulo. \u201cMuitas pessoas sofrem por falta de regulariza\u00e7\u00e3o fundi\u00e1ria digna, que \u00e9 o que estamos fazendo. J\u00e1 temos at\u00e9 o fim deste ano agora 109 mil procedimentos de regulariza\u00e7\u00e3o prontos. At\u00e9 o fim do ano que vem, ser\u00e3o 220 mil\u201d, explicou o secret\u00e1rio municipal da Habita\u00e7\u00e3o, Milton Vieira.<\/p>\n<p style=\"text-align: justify;\">Durante a cerim\u00f4nia de assinatura, v\u00e1rios representes de entidades que participam do programa falaram da import\u00e2ncia dessa iniciativa para a realiza\u00e7\u00e3o do sonho de ter moradia digna. \u201cAgrade\u00e7o a cada um que faz parte l\u00e1 em S\u00e3o Mateus, est\u00e1 sendo constru\u00eddo, est\u00e1 crescendo, gra\u00e7as ao Pode Entrar. Est\u00e1 aben\u00e7oando muitas vidas\u201d, destacou Maria Aparecida, do Instituto Frei.<\/p>\n<p style=\"text-align: justify;\">Luiz Armando, CEO da MA Glic\u00e9rio Empreendimentos Imobili\u00e1rios, disse que este \u00e9 um \u201cmomento hist\u00f3rico\u201d pela uni\u00e3o entre iniciativa privada e a Prefeitura com vontade de disponibilizar habita\u00e7\u00e3o para as pessoas. \u201cEstamos vivendo hoje um momento hist\u00f3rico porque o que a Prefeitura conseguiu fazer, que \u00e9 a uni\u00e3o da iniciativa privada com a vontade de disponibilizar habita\u00e7\u00e3o para todas essas pessoas. Hoje come\u00e7a uma fase para este empreendimento rua do Glic\u00e9rio, no Centro. N\u00f3s acreditamos no Centro e a revitaliza\u00e7\u00e3o do Centro veio para mudar S\u00e3o Paulo. Esse \u00e9 o primeiro projeto com 10.165 unidades, mas temos potencial de fazermos mais. Poucos programas no mundo t\u00eam a iniciativa privada trabalhando junto com a Prefeitura para disponibilizar mais unidades para voc\u00eas com qualidade.\u201d<\/p>\n<p style=\"text-align: justify;\">Veja as outras modalidades do<strong> Programa Pode Entrar:<\/strong><\/p>\n<p style=\"text-align: justify;\">Entidades\/Empresas &#8211; O munic\u00edpio \u00e9 respons\u00e1vel por arcar com os investimentos enquanto a entidade\/empresa selecionada se responsabiliza pelo licenciamento e a execu\u00e7\u00e3o do projeto. Cerca de 20 mil unidades habitacionais est\u00e3o aptas para contrata\u00e7\u00e3o nesta modalidade, das quais, mais de 4.353 novas moradias j\u00e1 est\u00e3o em constru\u00e7\u00e3o.<\/p>\n<p style=\"text-align: justify;\">Melhorias &#8211; Os im\u00f3veis s\u00e3o reformados e requalificados, diminuindo a inadequa\u00e7\u00e3o de domic\u00edlios e garantindo \u00e0s fam\u00edlias melhores condi\u00e7\u00f5es de habita\u00e7\u00e3o. As obras de melhorias em quest\u00e3o incluem a liga\u00e7\u00e3o da rede de \u00e1gua pot\u00e1vel e o esgotamento sanit\u00e1rio, impermeabiliza\u00e7\u00e3o da unidade habitacional, realiza\u00e7\u00e3o do reboco externo, reforma do telhado, piso, implanta\u00e7\u00e3o, readequa\u00e7\u00e3o das \u00e1reas de uso \u00famido da edifica\u00e7\u00e3o (banheiro e cozinha), adequa\u00e7\u00e3o de aberturas externas (incluindo caixilharia), revis\u00e3o das instala\u00e7\u00f5es el\u00e9tricas e hidr\u00e1ulicas bem como a realiza\u00e7\u00e3o de pintura interna ou externa.<\/p>\n<p style=\"text-align: justify;\">Parcerias &#8211; Al\u00e9m da constru\u00e7\u00e3o de unidades habitacionais, o Pode Entrar Parcerias possui como caracter\u00edstica proporcionar o desenvolvimento urban\u00edstico integrado da cidade aproximando moradia servi\u00e7os e emprego, com moradias pr\u00f3ximas a corredores de transporte p\u00fablico, aliadas \u00e0 implanta\u00e7\u00e3o de infraestrutura e equipamentos p\u00fablicos.<\/p>\n<p>Acesse o site do Programa &#8211; <a href=\"https:\/\/podeentrar.cohab.sp.gov.br\/\">COHAB-SP \u2014 Programa Pode Entrar<\/a><\/p>\n<p>Fonte: Prefeitura de SP<\/p>\n<p style=\"text-align: justify;\">\n","protected":false},"excerpt":{"rendered":"<p>Habita\u00e7\u00f5es est\u00e3o dentro do Programa Pode Entrar nas modalidades Aquisi\u00e7\u00e3o e Entidades; previs\u00e3o \u00e9 de assinar a aquisi\u00e7\u00e3o de outras 11.523 unidades em janeiro O maior programa habitacional da hist\u00f3ria de S\u00e3o Paulo, em que a Prefeitura vai viabilizar 101.953 moradias at\u00e9 2024 entre entregues, em constru\u00e7\u00e3o e contratadas, recebe mais um refor\u00e7o nesta ter\u00e7a-feira [&hellip;]<\/p>\n","protected":false},"author":1,"featured_media":23075,"comment_status":"open","ping_status":"open","sticky":false,"template":"","format":"standard","meta":{"_uag_custom_page_level_css":"","footnotes":""},"categories":[30],"tags":[26120,1949,26117,26121,26118,26119],"class_list":["post-23074","post","type-post","status-publish","format-standard","has-post-thumbnail","hentry","category-imoveis","tag-ricardonunes","tag-casa-propria","tag-imoveis-sp","tag-moradias-no-centro-sp","tag-prefeitura-de-sp","tag-projeto-pode-entrar-aquisicao"],"blocksy_meta":[],"spectra_blocks_featured_image_url":{"thumbnail":{"url":"https:\/\/construcaocivil.siriusmarketingedesign.com.br\/wp-content\/uploads\/2024\/01\/image-150x150.jpeg","width":150,"height":150},"medium":{"url":"https:\/\/construcaocivil.siriusmarketingedesign.com.br\/wp-content\/uploads\/2024\/01\/image-300x224.jpeg","width":300,"height":224},"medium_large":{"url":"https:\/\/construcaocivil.siriusmarketingedesign.com.br\/wp-content\/uploads\/2024\/01\/image-768x574.jpeg","width":768,"height":574},"large":{"url":"https:\/\/construcaocivil.siriusmarketingedesign.com.br\/wp-content\/uploads\/2024\/01\/image.jpeg","width":785,"height":587},"full":{"url":"https:\/\/construcaocivil.siriusmarketingedesign.com.br\/wp-content\/uploads\/2024\/01\/image.jpeg","width":785,"height":587}},"spectra_blocks_author_info":{"display_name":"Jornal da Constru\u00e7\u00e3o Civil","avatar_url":"https:\/\/secure.gravatar.com\/avatar\/973c9774fd44ddaceb026973c4962faa70fc512bc4c9da68e8ebb40fecee6540?s=96&d=mm&r=g","author_link":"https:\/\/construcaocivil.siriusmarketingedesign.com.br\/?author=1","description":"Desde de 2013, levando muitas informa\u00e7\u00f5es, lan\u00e7amentos e produtos de qualidade para toda cadeia produtiva da constru\u00e7\u00e3o. O Futuro da constru\u00e7\u00e3o passa por aqui,"},"uagb_featured_image_src":{"full":["https:\/\/construcaocivil.siriusmarketingedesign.com.br\/wp-content\/uploads\/2024\/01\/image.jpeg",785,587,false],"thumbnail":["https:\/\/construcaocivil.siriusmarketingedesign.com.br\/wp-content\/uploads\/2024\/01\/image-150x150.jpeg",150,150,true],"medium":["https:\/\/construcaocivil.siriusmarketingedesign.com.br\/wp-content\/uploads\/2024\/01\/image-300x224.jpeg",300,224,true],"medium_large":["https:\/\/construcaocivil.siriusmarketingedesign.com.br\/wp-content\/uploads\/2024\/01\/image-768x574.jpeg",768,574,true],"large":["https:\/\/construcaocivil.siriusmarketingedesign.com.br\/wp-content\/uploads\/2024\/01\/image.jpeg",785,587,false],"1536x1536":["https:\/\/construcaocivil.siriusmarketingedesign.com.br\/wp-content\/uploads\/2024\/01\/image.jpeg",785,587,false],"2048x2048":["https:\/\/construcaocivil.siriusmarketingedesign.com.br\/wp-content\/uploads\/2024\/01\/image.jpeg",785,587,false]},"uagb_author_info":{"display_name":"Jornal da Constru\u00e7\u00e3o Civil","author_link":"https:\/\/construcaocivil.siriusmarketingedesign.com.br\/?author=1"},"uagb_comment_info":0,"uagb_excerpt":"Habita\u00e7\u00f5es est\u00e3o dentro do Programa Pode Entrar nas modalidades Aquisi\u00e7\u00e3o e Entidades; previs\u00e3o \u00e9 de assinar a aquisi\u00e7\u00e3o de outras 11.523 unidades em janeiro O maior programa habitacional da hist\u00f3ria de S\u00e3o Paulo, em que a Prefeitura vai viabilizar 101.953 moradias at\u00e9 2024 entre entregues, em constru\u00e7\u00e3o e contratadas, recebe mais um refor\u00e7o nesta ter\u00e7a-feira&hellip;","_links":{"self":[{"href":"https:\/\/construcaocivil.siriusmarketingedesign.com.br\/index.php?rest_route=\/wp\/v2\/posts\/23074","targetHints":{"allow":["GET"]}}],"collection":[{"href":"https:\/\/construcaocivil.siriusmarketingedesign.com.br\/index.php?rest_route=\/wp\/v2\/posts"}],"about":[{"href":"https:\/\/construcaocivil.siriusmarketingedesign.com.br\/index.php?rest_route=\/wp\/v2\/types\/post"}],"author":[{"embeddable":true,"href":"https:\/\/construcaocivil.siriusmarketingedesign.com.br\/index.php?rest_route=\/wp\/v2\/users\/1"}],"replies":[{"embeddable":true,"href":"https:\/\/construcaocivil.siriusmarketingedesign.com.br\/index.php?rest_route=%2Fwp%2Fv2%2Fcomments&post=23074"}],"version-history":[{"count":0,"href":"https:\/\/construcaocivil.siriusmarketingedesign.com.br\/index.php?rest_route=\/wp\/v2\/posts\/23074\/revisions"}],"wp:featuredmedia":[{"embeddable":true,"href":"https:\/\/construcaocivil.siriusmarketingedesign.com.br\/index.php?rest_route=\/wp\/v2\/media\/23075"}],"wp:attachment":[{"href":"https:\/\/construcaocivil.siriusmarketingedesign.com.br\/index.php?rest_route=%2Fwp%2Fv2%2Fmedia&parent=23074"}],"wp:term":[{"taxonomy":"category","embeddable":true,"href":"https:\/\/construcaocivil.siriusmarketingedesign.com.br\/index.php?rest_route=%2Fwp%2Fv2%2Fcategories&post=23074"},{"taxonomy":"post_tag","embeddable":true,"href":"https:\/\/construcaocivil.siriusmarketingedesign.com.br\/index.php?rest_route=%2Fwp%2Fv2%2Ftags&post=23074"}],"curies":[{"name":"wp","href":"https:\/\/api.w.org\/{rel}","templated":true}]}}