{"id":23077,"date":"2024-01-12T12:40:33","date_gmt":"2024-01-12T15:40:33","guid":{"rendered":"https:\/\/www.jornaldaconstrucaocivil.com.br\/?p=23077"},"modified":"2024-01-12T12:40:33","modified_gmt":"2024-01-12T15:40:33","slug":"modec-anuncia-vagas-para-jovem-aprendiz","status":"publish","type":"post","link":"https:\/\/construcaocivil.siriusmarketingedesign.com.br\/?p=23077","title":{"rendered":"MODEC anuncia vagas para Jovem Aprendiz"},"content":{"rendered":"<p style=\"text-align: justify;\"><span style=\"color: #993300;\"><strong><i>Oportunidades s\u00e3o para atuar no Rio de Janeiro e Maca\u00e9. Inscri\u00e7\u00f5es v\u00e3o at\u00e9 o dia 22 de janeiro<\/i><\/strong><\/span><\/p>\n<p style=\"text-align: justify;\">A MODEC, l\u00edder global no segmento de constru\u00e7\u00e3o, afretamento e opera\u00e7\u00e3o de plataformas para produ\u00e7\u00e3o de \u00f3leo e g\u00e1s, anuncia vagas para Jovem Aprendiz. Com um compromisso s\u00f3lido com o desenvolvimento de pessoas, a empresa est\u00e1 em busca de jovens din\u00e2micos e talentosos para integrar sua equipe. As vagas s\u00e3o destinadas para o Rio de Janeiro e Maca\u00e9.\u00a0<strong>As inscri\u00e7\u00f5es v\u00e3o at\u00e9 o dia 22 de janeiro e podem ser feitas pelo\u00a0<\/strong><a href=\"https:\/\/lnkd.in\/dxEFmjuj\" target=\"_blank\" rel=\"noopener noreferrer\"><strong>link<\/strong><\/a><strong>.<\/strong><\/p>\n<p style=\"text-align: justify;\">\u201cO primeiro passo para uma trilha profissional pode ser um marco na carreira, ainda mais se este estiver ligado \u00e0 uma empresa que n\u00e3o s\u00f3 prioriza o desenvolvimento profissional e pessoal de nossos colaboradores, mas que tamb\u00e9m esteja solidamente comprometida em proporcionar um ambiente de trabalho saud\u00e1vel, inclusivo, rico em aprendizado e que valoriza a diversidade oferendo oportunidades para o crescimento cont\u00ednuo, afirma Henrique Toledo, Gerente de Pessoas da MODEC.<\/p>\n<p style=\"text-align: justify;\">A MODEC busca candidatos que atendam aos seguintes crit\u00e9rios:<\/p>\n<ul style=\"text-align: justify;\">\n<li>Idade entre 14 e 24 anos (para pessoas com defici\u00eancia n\u00e3o h\u00e1 idade m\u00e1xima).<\/li>\n<li>Cursando Ensino M\u00e9dio ou Superior em qualquer \u00e1rea de forma\u00e7\u00e3o.<\/li>\n<li>Conhecimento em ingl\u00eas n\u00e3o \u00e9 obrigat\u00f3rio, mas ser\u00e1 considerado um diferencial.<\/li>\n<\/ul>\n<p style=\"text-align: justify;\">Os participantes do programa Jovem Aprendiz na MODEC ter\u00e3o acesso a uma s\u00e9rie de benef\u00edcios, incluindo:<\/p>\n<ul style=\"text-align: justify;\">\n<li>Bolsa sal\u00e1rio<\/li>\n<li>Plano de sa\u00fade<\/li>\n<li>Plano dental<\/li>\n<li>Ticket alimenta\u00e7\u00e3o<\/li>\n<li>Aux\u00edlio academia<\/li>\n<li>Cart\u00e3o farm\u00e1cia<\/li>\n<li>Vale-transporte<\/li>\n<li>Seguro de vida<\/li>\n<\/ul>\n<p style=\"text-align: justify;\"><strong>As inscri\u00e7\u00f5es v\u00e3o at\u00e9 o dia 22 de janeiro e devem ser feitas exclusivamente por meio deste\u00a0<\/strong><a href=\"https:\/\/lnkd.in\/dxEFmjuj\" target=\"_blank\" rel=\"noopener noreferrer\"><strong>link<\/strong><\/a><strong>.\u00a0 N\u00e3o ser\u00e3o aceitas candidaturas por qualquer outro meio.<\/strong><\/p>\n<p style=\"text-align: justify;\">\u201cEstamos animados em receber jovens talentos que compartilham nosso compromisso com a excel\u00eancia e est\u00e3o prontos para trilhar um caminho de sucesso em suas carreiras\u201d, finaliza Toledo.<\/p>\n<div style=\"text-align: justify;\"><\/div>\n","protected":false},"excerpt":{"rendered":"<p>Oportunidades s\u00e3o para atuar no Rio de Janeiro e Maca\u00e9. Inscri\u00e7\u00f5es v\u00e3o at\u00e9 o dia 22 de janeiro A MODEC, l\u00edder global no segmento de constru\u00e7\u00e3o, afretamento e opera\u00e7\u00e3o de plataformas para produ\u00e7\u00e3o de \u00f3leo e g\u00e1s, anuncia vagas para Jovem Aprendiz. Com um compromisso s\u00f3lido com o desenvolvimento de pessoas, a empresa est\u00e1 em [&hellip;]<\/p>\n","protected":false},"author":1,"featured_media":23078,"comment_status":"open","ping_status":"open","sticky":false,"template":"","format":"standard","meta":{"_uag_custom_page_level_css":"","footnotes":""},"categories":[27],"tags":[26123,24757,16960,7112,26122,10375],"class_list":["post-23077","post","type-post","status-publish","format-standard","has-post-thumbnail","hentry","category-acontece","tag-jovemaprendiz","tag-servicosdeengenharia","tag-construcao-petroleo-e-gas","tag-macae-rj","tag-modec","tag-rio-de-janeiro"],"blocksy_meta":[],"spectra_blocks_featured_image_url":{"thumbnail":{"url":"https:\/\/construcaocivil.siriusmarketingedesign.com.br\/wp-content\/uploads\/2024\/01\/diversity_im01-150x150.jpg","width":150,"height":150},"medium":{"url":"https:\/\/construcaocivil.siriusmarketingedesign.com.br\/wp-content\/uploads\/2024\/01\/diversity_im01-300x187.jpg","width":300,"height":187},"medium_large":{"url":"https:\/\/construcaocivil.siriusmarketingedesign.com.br\/wp-content\/uploads\/2024\/01\/diversity_im01-768x479.jpg","width":768,"height":479},"large":{"url":"https:\/\/construcaocivil.siriusmarketingedesign.com.br\/wp-content\/uploads\/2024\/01\/diversity_im01.jpg","width":890,"height":555},"full":{"url":"https:\/\/construcaocivil.siriusmarketingedesign.com.br\/wp-content\/uploads\/2024\/01\/diversity_im01.jpg","width":890,"height":555}},"spectra_blocks_author_info":{"display_name":"Jornal da Constru\u00e7\u00e3o Civil","avatar_url":"https:\/\/secure.gravatar.com\/avatar\/973c9774fd44ddaceb026973c4962faa70fc512bc4c9da68e8ebb40fecee6540?s=96&d=mm&r=g","author_link":"https:\/\/construcaocivil.siriusmarketingedesign.com.br\/?author=1","description":"Desde de 2013, levando muitas informa\u00e7\u00f5es, lan\u00e7amentos e produtos de qualidade para toda cadeia produtiva da constru\u00e7\u00e3o. O Futuro da constru\u00e7\u00e3o passa por aqui,"},"uagb_featured_image_src":{"full":["https:\/\/construcaocivil.siriusmarketingedesign.com.br\/wp-content\/uploads\/2024\/01\/diversity_im01.jpg",890,555,false],"thumbnail":["https:\/\/construcaocivil.siriusmarketingedesign.com.br\/wp-content\/uploads\/2024\/01\/diversity_im01-150x150.jpg",150,150,true],"medium":["https:\/\/construcaocivil.siriusmarketingedesign.com.br\/wp-content\/uploads\/2024\/01\/diversity_im01-300x187.jpg",300,187,true],"medium_large":["https:\/\/construcaocivil.siriusmarketingedesign.com.br\/wp-content\/uploads\/2024\/01\/diversity_im01-768x479.jpg",768,479,true],"large":["https:\/\/construcaocivil.siriusmarketingedesign.com.br\/wp-content\/uploads\/2024\/01\/diversity_im01.jpg",890,555,false],"1536x1536":["https:\/\/construcaocivil.siriusmarketingedesign.com.br\/wp-content\/uploads\/2024\/01\/diversity_im01.jpg",890,555,false],"2048x2048":["https:\/\/construcaocivil.siriusmarketingedesign.com.br\/wp-content\/uploads\/2024\/01\/diversity_im01.jpg",890,555,false]},"uagb_author_info":{"display_name":"Jornal da Constru\u00e7\u00e3o Civil","author_link":"https:\/\/construcaocivil.siriusmarketingedesign.com.br\/?author=1"},"uagb_comment_info":0,"uagb_excerpt":"Oportunidades s\u00e3o para atuar no Rio de Janeiro e Maca\u00e9. Inscri\u00e7\u00f5es v\u00e3o at\u00e9 o dia 22 de janeiro A MODEC, l\u00edder global no segmento de constru\u00e7\u00e3o, afretamento e opera\u00e7\u00e3o de plataformas para produ\u00e7\u00e3o de \u00f3leo e g\u00e1s, anuncia vagas para Jovem Aprendiz. Com um compromisso s\u00f3lido com o desenvolvimento de pessoas, a empresa est\u00e1 em&hellip;","_links":{"self":[{"href":"https:\/\/construcaocivil.siriusmarketingedesign.com.br\/index.php?rest_route=\/wp\/v2\/posts\/23077","targetHints":{"allow":["GET"]}}],"collection":[{"href":"https:\/\/construcaocivil.siriusmarketingedesign.com.br\/index.php?rest_route=\/wp\/v2\/posts"}],"about":[{"href":"https:\/\/construcaocivil.siriusmarketingedesign.com.br\/index.php?rest_route=\/wp\/v2\/types\/post"}],"author":[{"embeddable":true,"href":"https:\/\/construcaocivil.siriusmarketingedesign.com.br\/index.php?rest_route=\/wp\/v2\/users\/1"}],"replies":[{"embeddable":true,"href":"https:\/\/construcaocivil.siriusmarketingedesign.com.br\/index.php?rest_route=%2Fwp%2Fv2%2Fcomments&post=23077"}],"version-history":[{"count":0,"href":"https:\/\/construcaocivil.siriusmarketingedesign.com.br\/index.php?rest_route=\/wp\/v2\/posts\/23077\/revisions"}],"wp:featuredmedia":[{"embeddable":true,"href":"https:\/\/construcaocivil.siriusmarketingedesign.com.br\/index.php?rest_route=\/wp\/v2\/media\/23078"}],"wp:attachment":[{"href":"https:\/\/construcaocivil.siriusmarketingedesign.com.br\/index.php?rest_route=%2Fwp%2Fv2%2Fmedia&parent=23077"}],"wp:term":[{"taxonomy":"category","embeddable":true,"href":"https:\/\/construcaocivil.siriusmarketingedesign.com.br\/index.php?rest_route=%2Fwp%2Fv2%2Fcategories&post=23077"},{"taxonomy":"post_tag","embeddable":true,"href":"https:\/\/construcaocivil.siriusmarketingedesign.com.br\/index.php?rest_route=%2Fwp%2Fv2%2Ftags&post=23077"}],"curies":[{"name":"wp","href":"https:\/\/api.w.org\/{rel}","templated":true}]}}