{"id":23098,"date":"2024-01-16T13:05:26","date_gmt":"2024-01-16T16:05:26","guid":{"rendered":"https:\/\/www.jornaldaconstrucaocivil.com.br\/?p=23098"},"modified":"2024-01-16T13:05:26","modified_gmt":"2024-01-16T16:05:26","slug":"armazenamento-de-energia-e-fundamental-para-transicao-energetica","status":"publish","type":"post","link":"https:\/\/construcaocivil.siriusmarketingedesign.com.br\/?p=23098","title":{"rendered":"Armazenamento de energia \u00e9 fundamental para transi\u00e7\u00e3o energ\u00e9tica"},"content":{"rendered":"<p style=\"text-align: justify;\"><span style=\"color: #993300;\"><em><strong>Sistemas de armazenamento s\u00e3o capazes de permitir o uso combinado de v\u00e1rias fontes de energia limpa, garantindo mais efic\u00e1cia e seguran\u00e7a<\/strong><\/em><\/span><\/p>\n<p style=\"text-align: justify;\">\n<p class=\"v1ql-align-justify\" style=\"text-align: justify;\">O armazenamento de energia \u00e9 um pilar fundamental para a transi\u00e7\u00e3o energ\u00e9tica e um dos maiores desafios no combate \u00e0 mudan\u00e7a clim\u00e1tica. Isso porque a gera\u00e7\u00e3o de energia limpa depende das flutua\u00e7\u00f5es causadas pelo vento, sol e \u00e1gua, necessitando de suporte para ser armazenada e oferecer mais efic\u00e1cia e seguran\u00e7a ao sistema. De acordo com relat\u00f3rio da consultoria Mckinsey, para realizar a transi\u00e7\u00e3o energ\u00e9tica e inclus\u00e3o econ\u00f4mica da popula\u00e7\u00e3o brasileira ao longo da pr\u00f3xima d\u00e9cada, seria necess\u00e1rio algo em torno de 10% do PIB nacional, cerca de 1,7 trilh\u00e3o de d\u00f3lares. No entanto, metade desse valor fica a cargo do crescimento do setor produtivo e da inova\u00e7\u00e3o.<\/p>\n<p class=\"v1ql-align-justify\" style=\"text-align: justify;\">&#8220;Garantir formas seguras de armazenamento de energia \u00e9 fundamental para assegurar um processo de transi\u00e7\u00e3o energ\u00e9tica seguro al\u00e9m permitir o uso combinado de v\u00e1rias fontes de energia renov\u00e1vel, como solar, e\u00f3lica e h\u00eddrica, por exemplo&#8221;, explica Carlos Eduardo Ribas, diretor comercial do Lactec, um dos maiores centros de pesquisa, tecnologia e inova\u00e7\u00e3o do Brasil.<\/p>\n<p class=\"v1ql-align-justify\" style=\"text-align: justify;\">Diante do cen\u00e1rio brasileiro, armazenar energia apresenta diversas vantagens, como a possibilidade de integrar e armazenar as fontes limpas na gera\u00e7\u00e3o, transmiss\u00e3o e distribui\u00e7\u00e3o de energia. &#8220;Com o armazenamento nos hor\u00e1rios de maior fluxo, a tend\u00eancia \u00e9 que ocorra tamb\u00e9m uma mudan\u00e7a no tarif\u00e1rio, resultando em energia mais barata no futuro&#8221;, opina Ribas.<\/p>\n<p class=\"v1ql-align-justify\" style=\"text-align: justify;\">Para garantir a qualidade e seguran\u00e7a do processo, \u00e9 necess\u00e1rio investir em projetos de inova\u00e7\u00e3o para desenvolvimento de novas tecnologias. Confira algumas iniciativas com\u00a0 \u00a0 \u00a0 \u00a0 \u00a0 \u00a0 \u00a0 \u00a0 \u00a0 \u00a0 \u00a0 \u00a0 \u00a0 \u00a0 \u00a0 \u00a0 \u00a0 \u00a0 aplica\u00e7\u00f5es de sistemas de armazenamento de energia:<\/p>\n<p class=\"v1ql-align-justify\" style=\"text-align: justify;\"><strong>Microrrede de gera\u00e7\u00e3o solar<\/strong><\/p>\n<p class=\"v1ql-align-justify\" style=\"text-align: justify;\">A comunidade de Xique-Xique, no munic\u00edpio de Remanso (BA), recebeu a instala\u00e7\u00e3o da primeira e maior microrrede 100% sustent\u00e1vel do Brasil. abastecida por um sistema centralizado com energia solar e armazenamento por baterias. O desenvolvimento tecnol\u00f3gico foi conduzido por pesquisadores do Lactec no projeto de P&amp;D da ANEEL\u00a0 &#8211; Ag\u00eancia Nacional de Energia El\u00e9trica, liderado pela Neoenergia (PD-00047-0083\/2018).<\/p>\n<p class=\"v1ql-align-justify\" style=\"text-align: justify;\">A gera\u00e7\u00e3o na comunidade \u00e9 exclusivamente solar, com capacidade para atender 103 unidades consumidoras, e as baterias garantem o fornecimento por 48 horas, quando n\u00e3o houver radia\u00e7\u00e3o solar suficiente para efici\u00eancia m\u00e1xima pelas placas. Al\u00e9m do ineditismo, o projeto envolve a simula\u00e7\u00e3o de microrrede para avaliar a aplica\u00e7\u00e3o de supercapacitores.<\/p>\n<p class=\"v1ql-align-justify\" style=\"text-align: justify;\"><strong>Armazenamento de energia fotovoltaica<\/strong><\/p>\n<p class=\"v1ql-align-justify\" style=\"text-align: justify;\">Fernando de Noronha (PE) recebeu um sistema de armazenamento para ampliar a gera\u00e7\u00e3o fotovoltaica e reduzir a depend\u00eancia da usina t\u00e9rmica a diesel. O projeto de P&amp;D (PD &#8211; 00043-0516\/2016) foi realizado em parceria com a Neoenergia. A implanta\u00e7\u00e3o do sistema tamb\u00e9m ajudar\u00e1 a reduzir o uso de combust\u00edvel diesel, contribuindo para a preserva\u00e7\u00e3o do meio ambiente local.<\/p>\n<p class=\"v1ql-align-justify\" style=\"text-align: justify;\">O objetivo do projeto \u00e9 encontrar solu\u00e7\u00f5es eficientes e eficazes para o armazenamento e gerenciamento da energia gerada a partir de dois sistemas solares. Anteriormente, o arquip\u00e9lago n\u00e3o possu\u00eda uma solu\u00e7\u00e3o capaz de reter o ac\u00famulo do recurso gerado durante o dia. Al\u00e9m disso, as distribuidoras ainda conseguem reduzir as intermit\u00eancias geradas pelas fontes renov\u00e1veis e auxiliar no fornecimento de energia durante os picos de demanda.<\/p>\n<p class=\"v1ql-align-justify\" style=\"text-align: justify;\"><strong>Amplia\u00e7\u00e3o de acesso \u00e0 energia renov\u00e1vel<\/strong><\/p>\n<p class=\"v1ql-align-justify\" style=\"text-align: justify;\">No projeto Ilumina Pantanal (PD-0404-1609\/2016), do Grupo Energisa, o Lactec desenvolveu uma metodologia para ampliar o acesso \u00e0 energia renov\u00e1vel. O projeto desenvolveu uma forma de fornecimento de energia por meio de sistemas individuais de gera\u00e7\u00e3o solar fotovoltaica e armazenamento excedente em baterias de l\u00edtio.<\/p>\n<p class=\"v1ql-align-justify\" style=\"text-align: justify;\">O projeto se baseou em estudos que indicaram a melhor alternativa para eletrifica\u00e7\u00e3o das regi\u00f5es isoladas do Pantanal sul-mato-grossense, considerando aspectos t\u00e9cnicos, econ\u00f4micos e ambientais. Al\u00e9m disso, foram avaliados o desempenho dos sistemas de gera\u00e7\u00e3o e armazenamento para melhorar a efici\u00eancia e prolongar a vida \u00fatil das baterias. Ao todo, o projeto alcan\u00e7ou mais de duas mil fam\u00edlias.<\/p>\n","protected":false},"excerpt":{"rendered":"<p>Sistemas de armazenamento s\u00e3o capazes de permitir o uso combinado de v\u00e1rias fontes de energia limpa, garantindo mais efic\u00e1cia e seguran\u00e7a O armazenamento de energia \u00e9 um pilar fundamental para a transi\u00e7\u00e3o energ\u00e9tica e um dos maiores desafios no combate \u00e0 mudan\u00e7a clim\u00e1tica. Isso porque a gera\u00e7\u00e3o de energia limpa depende das flutua\u00e7\u00f5es causadas pelo [&hellip;]<\/p>\n","protected":false},"author":1,"featured_media":23099,"comment_status":"open","ping_status":"open","sticky":false,"template":"","format":"standard","meta":{"_uag_custom_page_level_css":"","footnotes":""},"categories":[29],"tags":[17305,4312,26132,26131],"class_list":["post-23098","post","type-post","status-publish","format-standard","has-post-thumbnail","hentry","category-energia","tag-amazonas-am","tag-energia-renovavel","tag-microrrede-de-geracao-solar","tag-xique-xique-ba"],"blocksy_meta":[],"spectra_blocks_featured_image_url":{"thumbnail":{"url":"https:\/\/construcaocivil.siriusmarketingedesign.com.br\/wp-content\/uploads\/2024\/01\/969aa3b2-1dc2-4609-b274-ea792bcb842e-150x150.jpg","width":150,"height":150},"medium":{"url":"https:\/\/construcaocivil.siriusmarketingedesign.com.br\/wp-content\/uploads\/2024\/01\/969aa3b2-1dc2-4609-b274-ea792bcb842e-300x200.jpg","width":300,"height":200},"medium_large":{"url":"https:\/\/construcaocivil.siriusmarketingedesign.com.br\/wp-content\/uploads\/2024\/01\/969aa3b2-1dc2-4609-b274-ea792bcb842e-768x511.jpg","width":768,"height":511},"large":{"url":"https:\/\/construcaocivil.siriusmarketingedesign.com.br\/wp-content\/uploads\/2024\/01\/969aa3b2-1dc2-4609-b274-ea792bcb842e-1024x681.jpg","width":1024,"height":681},"full":{"url":"https:\/\/construcaocivil.siriusmarketingedesign.com.br\/wp-content\/uploads\/2024\/01\/969aa3b2-1dc2-4609-b274-ea792bcb842e-scaled.jpg","width":2560,"height":1703}},"spectra_blocks_author_info":{"display_name":"Jornal da Constru\u00e7\u00e3o Civil","avatar_url":"https:\/\/secure.gravatar.com\/avatar\/973c9774fd44ddaceb026973c4962faa70fc512bc4c9da68e8ebb40fecee6540?s=96&d=mm&r=g","author_link":"https:\/\/construcaocivil.siriusmarketingedesign.com.br\/?author=1","description":"Desde de 2013, levando muitas informa\u00e7\u00f5es, lan\u00e7amentos e produtos de qualidade para toda cadeia produtiva da constru\u00e7\u00e3o. O Futuro da constru\u00e7\u00e3o passa por aqui,"},"uagb_featured_image_src":{"full":["https:\/\/construcaocivil.siriusmarketingedesign.com.br\/wp-content\/uploads\/2024\/01\/969aa3b2-1dc2-4609-b274-ea792bcb842e-scaled.jpg",2560,1703,false],"thumbnail":["https:\/\/construcaocivil.siriusmarketingedesign.com.br\/wp-content\/uploads\/2024\/01\/969aa3b2-1dc2-4609-b274-ea792bcb842e-150x150.jpg",150,150,true],"medium":["https:\/\/construcaocivil.siriusmarketingedesign.com.br\/wp-content\/uploads\/2024\/01\/969aa3b2-1dc2-4609-b274-ea792bcb842e-300x200.jpg",300,200,true],"medium_large":["https:\/\/construcaocivil.siriusmarketingedesign.com.br\/wp-content\/uploads\/2024\/01\/969aa3b2-1dc2-4609-b274-ea792bcb842e-768x511.jpg",768,511,true],"large":["https:\/\/construcaocivil.siriusmarketingedesign.com.br\/wp-content\/uploads\/2024\/01\/969aa3b2-1dc2-4609-b274-ea792bcb842e-1024x681.jpg",1024,681,true],"1536x1536":["https:\/\/construcaocivil.siriusmarketingedesign.com.br\/wp-content\/uploads\/2024\/01\/969aa3b2-1dc2-4609-b274-ea792bcb842e-1536x1022.jpg",1536,1022,true],"2048x2048":["https:\/\/construcaocivil.siriusmarketingedesign.com.br\/wp-content\/uploads\/2024\/01\/969aa3b2-1dc2-4609-b274-ea792bcb842e-2048x1363.jpg",2048,1363,true]},"uagb_author_info":{"display_name":"Jornal da Constru\u00e7\u00e3o Civil","author_link":"https:\/\/construcaocivil.siriusmarketingedesign.com.br\/?author=1"},"uagb_comment_info":0,"uagb_excerpt":"Sistemas de armazenamento s\u00e3o capazes de permitir o uso combinado de v\u00e1rias fontes de energia limpa, garantindo mais efic\u00e1cia e seguran\u00e7a O armazenamento de energia \u00e9 um pilar fundamental para a transi\u00e7\u00e3o energ\u00e9tica e um dos maiores desafios no combate \u00e0 mudan\u00e7a clim\u00e1tica. Isso porque a gera\u00e7\u00e3o de energia limpa depende das flutua\u00e7\u00f5es causadas pelo&hellip;","_links":{"self":[{"href":"https:\/\/construcaocivil.siriusmarketingedesign.com.br\/index.php?rest_route=\/wp\/v2\/posts\/23098","targetHints":{"allow":["GET"]}}],"collection":[{"href":"https:\/\/construcaocivil.siriusmarketingedesign.com.br\/index.php?rest_route=\/wp\/v2\/posts"}],"about":[{"href":"https:\/\/construcaocivil.siriusmarketingedesign.com.br\/index.php?rest_route=\/wp\/v2\/types\/post"}],"author":[{"embeddable":true,"href":"https:\/\/construcaocivil.siriusmarketingedesign.com.br\/index.php?rest_route=\/wp\/v2\/users\/1"}],"replies":[{"embeddable":true,"href":"https:\/\/construcaocivil.siriusmarketingedesign.com.br\/index.php?rest_route=%2Fwp%2Fv2%2Fcomments&post=23098"}],"version-history":[{"count":0,"href":"https:\/\/construcaocivil.siriusmarketingedesign.com.br\/index.php?rest_route=\/wp\/v2\/posts\/23098\/revisions"}],"wp:featuredmedia":[{"embeddable":true,"href":"https:\/\/construcaocivil.siriusmarketingedesign.com.br\/index.php?rest_route=\/wp\/v2\/media\/23099"}],"wp:attachment":[{"href":"https:\/\/construcaocivil.siriusmarketingedesign.com.br\/index.php?rest_route=%2Fwp%2Fv2%2Fmedia&parent=23098"}],"wp:term":[{"taxonomy":"category","embeddable":true,"href":"https:\/\/construcaocivil.siriusmarketingedesign.com.br\/index.php?rest_route=%2Fwp%2Fv2%2Fcategories&post=23098"},{"taxonomy":"post_tag","embeddable":true,"href":"https:\/\/construcaocivil.siriusmarketingedesign.com.br\/index.php?rest_route=%2Fwp%2Fv2%2Ftags&post=23098"}],"curies":[{"name":"wp","href":"https:\/\/api.w.org\/{rel}","templated":true}]}}