{"id":231,"date":"2015-10-21T18:26:47","date_gmt":"2015-10-21T18:26:47","guid":{"rendered":"http:\/\/www.jornaldaconstrucaocivil.com.br\/?p=231"},"modified":"2015-10-21T18:26:47","modified_gmt":"2015-10-21T18:26:47","slug":"tecnologia-de-lampadas-em-led-para-descanso","status":"publish","type":"post","link":"https:\/\/construcaocivil.siriusmarketingedesign.com.br\/?p=231","title":{"rendered":"Tecnologia de l\u00e2mpadas em LED para descanso"},"content":{"rendered":"<p><strong><span style=\"color: #000000;\"><i>Conhecidas principalmente pela economia e durabilidade, as pe\u00e7as com essa tecnologia tamb\u00e9m contam com op\u00e7\u00f5es de luz amarela, ideais para espa\u00e7os utilizados nos momentos de descanso<\/i><\/span><\/strong><\/p>\n<p><span style=\"color: #000000;\">S\u00f3 em 2014, cerca de 25% das l\u00e2mpadas vendidas no Brasil foram de LED. A tecnologia deve crescer ainda mais no pa\u00eds nos pr\u00f3ximos anos e representar 75% do mercado at\u00e9 2023. Mas se as pe\u00e7as se consagraram pela economia e durabilidade, um outro aspecto do modelo \u00e9 pouco comentado: a temperatura de cor, que pode mudar conforme a finalidade do ambiente, podendo ter tons brancos ou amarelados.<\/span><\/p>\n<p><span style=\"color: #000000;\">Quem explica as vantagens desse segundo tom \u00e9 o diretor industrial e de com\u00e9rcio exterior da Blumenau Ilumina\u00e7\u00e3o, Renan Medeiros. A companhia conta com um mix de mais de 120 itens de LED, que podem ser combinadas com variados tipos de lumin\u00e1rias. \u201cA temperatura de cor, medida em Kelvin, \u00e9 o que faz a pe\u00e7a tornar o ambiente mais aconchegante. Para quem quer esta op\u00e7\u00e3o, o ideal \u00e9 optar por l\u00e2mpadas com 3.000K\u201d, explica.<\/span><\/p>\n<p><span style=\"color: #000000;\">Tanto nos tamanhos mais tradicionais, como nos spots e pontos de luz, o LED em cores quentes (as amareladas) d\u00e1 ao ambiente um aspecto acolhedor. \u201cIndicamos o uso dessas cores nos dormit\u00f3rios, corredores e salas de estar, por exemplo. Diferentemente dos tons claros, que auxiliam na concentra\u00e7\u00e3o, elas facilitam a desacelera\u00e7\u00e3o do c\u00e9rebro\u201d, comenta Renan.<\/span><\/p>\n<div>\n<figure id=\"attachment_232\" aria-describedby=\"caption-attachment-232\" style=\"width: 248px\" class=\"wp-caption alignleft\"><a href=\"http:\/\/www.jornaldaconstrucaocivil.com.br\/wp-content\/uploads\/2015\/10\/Blumenau.jpg\"><img loading=\"lazy\" decoding=\"async\" class=\"wp-image-232 size-medium\" src=\"http:\/\/www.jornaldaconstrucaocivil.com.br\/wp-content\/uploads\/2015\/10\/Blumenau-248x300.jpg\" alt=\"pdv-11-14.cdr\" width=\"248\" height=\"300\" \/><\/a><figcaption id=\"caption-attachment-232\" class=\"wp-caption-text\"><span style=\"color: #ff0000;\">Blumenau Ilumina\u00e7\u00e3o conta com mix variado de pe\u00e7as de LED. Imagem: Divulga\u00e7\u00e3o <\/span><\/figcaption><\/figure>\n<\/div>\n<h4><span style=\"color: #000000;\"><b>Aconchego no trabalho<\/b><\/span><\/h4>\n<p><span style=\"color: #000000;\">Quando se trata de ilumina\u00e7\u00e3o de ambiente comercial, o diretor da Blumenau explica que as cores quentes tamb\u00e9m t\u00eam espa\u00e7o. \u201c\u00c9 o caso das vitrines, por exemplo. Os spots e pontos de luz com tons amarelados proporcionam um ambiente mais acolhedor, essas lumin\u00e1rias e l\u00e2mpadas tamb\u00e9m s\u00e3o \u00f3timas op\u00e7\u00f5es para o espa\u00e7o do cafezinho ou pr\u00f3ximo aos ambientes de espera de lojas, consult\u00f3rios e demais estabelecimentos\u201d, conclui.<\/span><\/p>\n<h4><span style=\"color: #000000;\"><b>Sobre a Blumenau Ilumina\u00e7\u00e3o<\/b><\/span><\/h4>\n<p><span style=\"color: #000000;\">Criada em 1978, a companhia catarinense \u00e9 especializada na produ\u00e7\u00e3o de lumin\u00e1rias. Entre o mix, destaca-se a Linha Colonial, primeira a ser produzida e que tornou a Blumenau conhecida em todo o pa\u00eds e no exterior. Atualmente a empresa conta com um mix de 800 produtos, comercializados em mais de oito mil pontos de venda de todo o pa\u00eds, al\u00e9m da Costa Rica, Col\u00f4mbia, Paraguai, Bol\u00edvia e Uruguai.\u00a0<\/span><\/p>\n<p><span style=\"color: #000000;\">Em 2014 a Blumenau incluiu uma linha completa de pe\u00e7as em LED e firmou uma parceria com Romero Britto, passando a contar com uma linha exclusiva assinada pelo artista brasileiro.<\/span><\/p>\n<div><\/div>\n<div>\n<p>Fonte: Melz Assessoria de Imprensa<\/p>\n<\/div>\n","protected":false},"excerpt":{"rendered":"<p>Conhecidas principalmente pela economia e durabilidade, as pe\u00e7as com essa tecnologia tamb\u00e9m contam com op\u00e7\u00f5es de luz amarela, ideais para espa\u00e7os utilizados nos momentos de descanso S\u00f3 em 2014, cerca de 25% das l\u00e2mpadas vendidas no Brasil foram de LED. A tecnologia deve crescer ainda mais no pa\u00eds nos pr\u00f3ximos anos e representar 75% do [&hellip;]<\/p>\n","protected":false},"author":1,"featured_media":232,"comment_status":"open","ping_status":"open","sticky":false,"template":"","format":"standard","meta":{"_uag_custom_page_level_css":"","footnotes":""},"categories":[28],"tags":[1459,7081,7763,10493],"class_list":["post-231","post","type-post","status-publish","format-standard","has-post-thumbnail","hentry","category-arquitetura","tag-blumenau-iluminacao","tag-luminarias","tag-mix-led","tag-romero-brito"],"blocksy_meta":[],"spectra_blocks_featured_image_url":[],"spectra_blocks_author_info":{"display_name":"Jornal da Constru\u00e7\u00e3o Civil","avatar_url":"https:\/\/secure.gravatar.com\/avatar\/973c9774fd44ddaceb026973c4962faa70fc512bc4c9da68e8ebb40fecee6540?s=96&d=mm&r=g","author_link":"https:\/\/construcaocivil.siriusmarketingedesign.com.br\/?author=1","description":"Desde de 2013, levando muitas informa\u00e7\u00f5es, lan\u00e7amentos e produtos de qualidade para toda cadeia produtiva da constru\u00e7\u00e3o. O Futuro da constru\u00e7\u00e3o passa por aqui,"},"uagb_featured_image_src":{"full":false,"thumbnail":false,"medium":false,"medium_large":false,"large":false,"1536x1536":false,"2048x2048":false},"uagb_author_info":{"display_name":"Jornal da Constru\u00e7\u00e3o Civil","author_link":"https:\/\/construcaocivil.siriusmarketingedesign.com.br\/?author=1"},"uagb_comment_info":0,"uagb_excerpt":"Conhecidas principalmente pela economia e durabilidade, as pe\u00e7as com essa tecnologia tamb\u00e9m contam com op\u00e7\u00f5es de luz amarela, ideais para espa\u00e7os utilizados nos momentos de descanso S\u00f3 em 2014, cerca de 25% das l\u00e2mpadas vendidas no Brasil foram de LED. A tecnologia deve crescer ainda mais no pa\u00eds nos pr\u00f3ximos anos e representar 75% do&hellip;","_links":{"self":[{"href":"https:\/\/construcaocivil.siriusmarketingedesign.com.br\/index.php?rest_route=\/wp\/v2\/posts\/231","targetHints":{"allow":["GET"]}}],"collection":[{"href":"https:\/\/construcaocivil.siriusmarketingedesign.com.br\/index.php?rest_route=\/wp\/v2\/posts"}],"about":[{"href":"https:\/\/construcaocivil.siriusmarketingedesign.com.br\/index.php?rest_route=\/wp\/v2\/types\/post"}],"author":[{"embeddable":true,"href":"https:\/\/construcaocivil.siriusmarketingedesign.com.br\/index.php?rest_route=\/wp\/v2\/users\/1"}],"replies":[{"embeddable":true,"href":"https:\/\/construcaocivil.siriusmarketingedesign.com.br\/index.php?rest_route=%2Fwp%2Fv2%2Fcomments&post=231"}],"version-history":[{"count":0,"href":"https:\/\/construcaocivil.siriusmarketingedesign.com.br\/index.php?rest_route=\/wp\/v2\/posts\/231\/revisions"}],"wp:featuredmedia":[{"embeddable":true,"href":"https:\/\/construcaocivil.siriusmarketingedesign.com.br\/index.php?rest_route=\/wp\/v2\/posts\/232"}],"wp:attachment":[{"href":"https:\/\/construcaocivil.siriusmarketingedesign.com.br\/index.php?rest_route=%2Fwp%2Fv2%2Fmedia&parent=231"}],"wp:term":[{"taxonomy":"category","embeddable":true,"href":"https:\/\/construcaocivil.siriusmarketingedesign.com.br\/index.php?rest_route=%2Fwp%2Fv2%2Fcategories&post=231"},{"taxonomy":"post_tag","embeddable":true,"href":"https:\/\/construcaocivil.siriusmarketingedesign.com.br\/index.php?rest_route=%2Fwp%2Fv2%2Ftags&post=231"}],"curies":[{"name":"wp","href":"https:\/\/api.w.org\/{rel}","templated":true}]}}