{"id":23101,"date":"2024-01-16T13:21:38","date_gmt":"2024-01-16T16:21:38","guid":{"rendered":"https:\/\/www.jornaldaconstrucaocivil.com.br\/?p=23101"},"modified":"2024-01-16T13:21:38","modified_gmt":"2024-01-16T16:21:38","slug":"man-e-abb-e-mobility-anunciam-cooperacao-em-pd","status":"publish","type":"post","link":"https:\/\/construcaocivil.siriusmarketingedesign.com.br\/?p=23101","title":{"rendered":"MAN e ABB E-mobility anunciam coopera\u00e7\u00e3o em P&#038;D"},"content":{"rendered":"<p style=\"text-align: justify;\">A MAN Truck &amp; Bus, fabricante l\u00edder de ve\u00edculos comerciais na Europa, e a ABB E-mobility assinaram um acordo de coopera\u00e7\u00e3o exclusivo, conforme anunciado pelas empresas na Consumer Electronics Show (CES), em Las Vegas. O objetivo da parceria estrat\u00e9gica \u00e9 trabalhar em conjunto ainda mais estreitamente, especialmente na \u00e1rea de pesquisa e desenvolvimento.<\/p>\n<p style=\"text-align: justify;\">\n<p style=\"text-align: justify;\">Thomas Nickels, vice-presidente s\u00eanior de engenharia da MAN, v\u00ea a coopera\u00e7\u00e3o como uma especialidade no mercado: &#8220;A coopera\u00e7\u00e3o na \u00e1rea de pesquisa e desenvolvimento \u00e9 bastante rara em nosso setor. Juntamente com a ABB E-mobility, estamos nos esfor\u00e7ando para estabelecer uma parceria confi\u00e1vel, vinculativa e transparente. J\u00e1 estamos come\u00e7ando com o desenvolvimento de produtos e padr\u00f5es e estamos nos concentrando nos requisitos especiais da ind\u00fastria de ve\u00edculos comerciais.&#8221;<\/p>\n<p style=\"text-align: justify;\">\n<p style=\"text-align: justify;\">A import\u00e2ncia da coopera\u00e7\u00e3o entre ind\u00fastrias para todo o setor \u00e9 particularmente evidente para o sistema de carregamento de megawatts (MCS), continuou Nickels: &#8220;Na MCS, estamos trabalhando com participantes de todo o setor para possibilitar capacidades de carregamento na faixa de megawatts no futuro e, portanto, um transporte sustent\u00e1vel e econ\u00f4mico de longa dist\u00e2ncia de mercadorias pesadas e passageiros. Ao cooperar com a ABB E-mobility, podemos enfrentar os desafios da nova tecnologia em um est\u00e1gio inicial e impulsionar a padroniza\u00e7\u00e3o mais rapidamente.&#8221; Esses desafios incluem o padr\u00e3o de comunica\u00e7\u00e3o ISO15118-20 e novas formas de transmiss\u00e3o de sinais. A base do MCS \u00e9 a comunica\u00e7\u00e3o Ethernet, que est\u00e1 sendo usada pela primeira vez na eletromobilidade. Os primeiros testes de software e interoperabilidade com ve\u00edculos e esta\u00e7\u00f5es de carregamento devem ajudar a estabelecer produtos confi\u00e1veis o mais r\u00e1pido poss\u00edvel em um ambiente de mercado emergente. \u00c9 por isso que a coopera\u00e7\u00e3o, que inicialmente est\u00e1 programada para durar tr\u00eas anos, est\u00e1 se concentrando na experi\u00eancia do cliente desde o in\u00edcio, al\u00e9m do desenvolvimento interno e do desenvolvimento adicional de esta\u00e7\u00f5es de recarga, ve\u00edculos e software.<\/p>\n<p style=\"text-align: justify;\">&#8220;Alto desempenho de carregamento, tecnologia confi\u00e1vel e confian\u00e7a do cliente &#8211; esses s\u00e3o os pr\u00e9-requisitos para o sucesso da eletromobilidade no transporte de cargas pesadas e de passageiros de longa dist\u00e2ncia. Ao trabalhar em conjunto com a MAN desde a fase inicial do produto, podemos responder ainda melhor \u00e0s necessidades de nossos clientes. At\u00e9 2025, queremos trazer ao mercado um produto que atenda \u00e0s exig\u00eancias da log\u00edstica&#8221;, diz Floris van de Klashorst, vice-presidente s\u00eanior de produtos e plataformas de hardware da ABB E-mobility.<\/p>\n<p style=\"text-align: justify;\">\n<p style=\"text-align: justify;\">&#8220;O mercado precisa de um ecossistema que se interliga e funciona de forma confi\u00e1vel. \u00c9 por isso que queremos desenvolver em conjunto um conceito para a intera\u00e7\u00e3o de MCS e CCS que aborde quest\u00f5es como espa\u00e7o, fornecimento de energia e expans\u00e3o da rede. A ampla experi\u00eancia da MAN nos ajuda a desenvolver solu\u00e7\u00f5es orientadas para o cliente &#8211; tanto para uso no dep\u00f3sito quanto na pista&#8221;, diz van de Klashorst, dando uma perspectiva sobre projetos futuros.<\/p>\n<p style=\"text-align: justify;\">\n<p style=\"text-align: justify;\">A coopera\u00e7\u00e3o n\u00e3o se limita apenas \u00e0 log\u00edstica: &#8220;O MCS tamb\u00e9m ser\u00e1 usado no futuro no setor de viagens, por exemplo, para motorhomes e \u00f4nibus. Isso trar\u00e1 desafios adicionais e uma mudan\u00e7a no comportamento do usu\u00e1rio&#8221;, continua o chefe de desenvolvimento.<\/p>\n<p style=\"text-align: justify;\">\n","protected":false},"excerpt":{"rendered":"<p>A MAN Truck &amp; Bus, fabricante l\u00edder de ve\u00edculos comerciais na Europa, e a ABB E-mobility assinaram um acordo de coopera\u00e7\u00e3o exclusivo, conforme anunciado pelas empresas na Consumer Electronics Show (CES), em Las Vegas. O objetivo da parceria estrat\u00e9gica \u00e9 trabalhar em conjunto ainda mais estreitamente, especialmente na \u00e1rea de pesquisa e desenvolvimento. Thomas Nickels, [&hellip;]<\/p>\n","protected":false},"author":1,"featured_media":23102,"comment_status":"open","ping_status":"open","sticky":false,"template":"","format":"standard","meta":{"_uag_custom_page_level_css":"","footnotes":""},"categories":[32],"tags":[26133,26135,26134],"class_list":["post-23101","post","type-post","status-publish","format-standard","has-post-thumbnail","hentry","category-maquinas-e-equipamentos","tag-abb-e-mobility","tag-caminhoes-eletricos","tag-man-truck-bus"],"blocksy_meta":[],"spectra_blocks_featured_image_url":{"thumbnail":{"url":"https:\/\/construcaocivil.siriusmarketingedesign.com.br\/wp-content\/uploads\/2024\/01\/f406c551-ee62-414f-bed3-d765343e467a-150x150.jpg","width":150,"height":150},"medium":{"url":"https:\/\/construcaocivil.siriusmarketingedesign.com.br\/wp-content\/uploads\/2024\/01\/f406c551-ee62-414f-bed3-d765343e467a-300x200.jpg","width":300,"height":200},"medium_large":{"url":"https:\/\/construcaocivil.siriusmarketingedesign.com.br\/wp-content\/uploads\/2024\/01\/f406c551-ee62-414f-bed3-d765343e467a-768x512.jpg","width":768,"height":512},"large":{"url":"https:\/\/construcaocivil.siriusmarketingedesign.com.br\/wp-content\/uploads\/2024\/01\/f406c551-ee62-414f-bed3-d765343e467a-1024x682.jpg","width":1024,"height":682},"full":{"url":"https:\/\/construcaocivil.siriusmarketingedesign.com.br\/wp-content\/uploads\/2024\/01\/f406c551-ee62-414f-bed3-d765343e467a.jpg","width":1280,"height":853}},"spectra_blocks_author_info":{"display_name":"Jornal da Constru\u00e7\u00e3o Civil","avatar_url":"https:\/\/secure.gravatar.com\/avatar\/973c9774fd44ddaceb026973c4962faa70fc512bc4c9da68e8ebb40fecee6540?s=96&d=mm&r=g","author_link":"https:\/\/construcaocivil.siriusmarketingedesign.com.br\/?author=1","description":"Desde de 2013, levando muitas informa\u00e7\u00f5es, lan\u00e7amentos e produtos de qualidade para toda cadeia produtiva da constru\u00e7\u00e3o. O Futuro da constru\u00e7\u00e3o passa por aqui,"},"uagb_featured_image_src":{"full":["https:\/\/construcaocivil.siriusmarketingedesign.com.br\/wp-content\/uploads\/2024\/01\/f406c551-ee62-414f-bed3-d765343e467a.jpg",1280,853,false],"thumbnail":["https:\/\/construcaocivil.siriusmarketingedesign.com.br\/wp-content\/uploads\/2024\/01\/f406c551-ee62-414f-bed3-d765343e467a-150x150.jpg",150,150,true],"medium":["https:\/\/construcaocivil.siriusmarketingedesign.com.br\/wp-content\/uploads\/2024\/01\/f406c551-ee62-414f-bed3-d765343e467a-300x200.jpg",300,200,true],"medium_large":["https:\/\/construcaocivil.siriusmarketingedesign.com.br\/wp-content\/uploads\/2024\/01\/f406c551-ee62-414f-bed3-d765343e467a-768x512.jpg",768,512,true],"large":["https:\/\/construcaocivil.siriusmarketingedesign.com.br\/wp-content\/uploads\/2024\/01\/f406c551-ee62-414f-bed3-d765343e467a-1024x682.jpg",1024,682,true],"1536x1536":["https:\/\/construcaocivil.siriusmarketingedesign.com.br\/wp-content\/uploads\/2024\/01\/f406c551-ee62-414f-bed3-d765343e467a.jpg",1280,853,false],"2048x2048":["https:\/\/construcaocivil.siriusmarketingedesign.com.br\/wp-content\/uploads\/2024\/01\/f406c551-ee62-414f-bed3-d765343e467a.jpg",1280,853,false]},"uagb_author_info":{"display_name":"Jornal da Constru\u00e7\u00e3o Civil","author_link":"https:\/\/construcaocivil.siriusmarketingedesign.com.br\/?author=1"},"uagb_comment_info":0,"uagb_excerpt":"A MAN Truck &amp; Bus, fabricante l\u00edder de ve\u00edculos comerciais na Europa, e a ABB E-mobility assinaram um acordo de coopera\u00e7\u00e3o exclusivo, conforme anunciado pelas empresas na Consumer Electronics Show (CES), em Las Vegas. O objetivo da parceria estrat\u00e9gica \u00e9 trabalhar em conjunto ainda mais estreitamente, especialmente na \u00e1rea de pesquisa e desenvolvimento. Thomas Nickels,&hellip;","_links":{"self":[{"href":"https:\/\/construcaocivil.siriusmarketingedesign.com.br\/index.php?rest_route=\/wp\/v2\/posts\/23101","targetHints":{"allow":["GET"]}}],"collection":[{"href":"https:\/\/construcaocivil.siriusmarketingedesign.com.br\/index.php?rest_route=\/wp\/v2\/posts"}],"about":[{"href":"https:\/\/construcaocivil.siriusmarketingedesign.com.br\/index.php?rest_route=\/wp\/v2\/types\/post"}],"author":[{"embeddable":true,"href":"https:\/\/construcaocivil.siriusmarketingedesign.com.br\/index.php?rest_route=\/wp\/v2\/users\/1"}],"replies":[{"embeddable":true,"href":"https:\/\/construcaocivil.siriusmarketingedesign.com.br\/index.php?rest_route=%2Fwp%2Fv2%2Fcomments&post=23101"}],"version-history":[{"count":0,"href":"https:\/\/construcaocivil.siriusmarketingedesign.com.br\/index.php?rest_route=\/wp\/v2\/posts\/23101\/revisions"}],"wp:featuredmedia":[{"embeddable":true,"href":"https:\/\/construcaocivil.siriusmarketingedesign.com.br\/index.php?rest_route=\/wp\/v2\/media\/23102"}],"wp:attachment":[{"href":"https:\/\/construcaocivil.siriusmarketingedesign.com.br\/index.php?rest_route=%2Fwp%2Fv2%2Fmedia&parent=23101"}],"wp:term":[{"taxonomy":"category","embeddable":true,"href":"https:\/\/construcaocivil.siriusmarketingedesign.com.br\/index.php?rest_route=%2Fwp%2Fv2%2Fcategories&post=23101"},{"taxonomy":"post_tag","embeddable":true,"href":"https:\/\/construcaocivil.siriusmarketingedesign.com.br\/index.php?rest_route=%2Fwp%2Fv2%2Ftags&post=23101"}],"curies":[{"name":"wp","href":"https:\/\/api.w.org\/{rel}","templated":true}]}}