{"id":23124,"date":"2024-01-20T15:48:23","date_gmt":"2024-01-20T18:48:23","guid":{"rendered":"https:\/\/www.jornaldaconstrucaocivil.com.br\/?p=23124"},"modified":"2024-01-20T16:08:43","modified_gmt":"2024-01-20T19:08:43","slug":"privilegio-branco-persiste-no-governo-federal-concurso-publico-unificado-do-enem-recebe-mais-de-200-mil-inscritos-em-24-horas","status":"publish","type":"post","link":"https:\/\/construcaocivil.siriusmarketingedesign.com.br\/?p=23124","title":{"rendered":"Privil\u00e9gio Branco persiste no governo federal: Concurso P\u00fablico Unificado do &#8220;ENEM&#8221; recebe mais de 200 mil inscritos em 24 horas"},"content":{"rendered":"<p><span style=\"color: #993300;\"><em>Por Rosy Pires<\/em><\/span><\/p>\n<p style=\"text-align: justify;\">Nessa \u00faltima semana durante os temporais que atingiram \u00e0s regi\u00f5es mais pobres do cidade do Rio de Janeiro e da regi\u00e3o metropolitana, al\u00e9m da trag\u00e9dia das enchentes que afetaram milhares de fam\u00edlias, outro dado chamou muita aten\u00e7\u00e3o nas reportagens divulgadas em diversos ve\u00edculos de m\u00eddia; os altos \u00edndices de desempregados \u00e9 absurdo. Parece que o \u00fanico emprego \u00e9 o Bolsa Fam\u00edlia. Ainda, se for ampliar estes dados pelo restante do Brasil teremos o mesmo resultado, \u00e0 popula\u00e7\u00e3o preta ou parda est\u00e1 desempregada.<\/p>\n<p style=\"text-align: justify;\">Os dados do IBGE que mostra que o desemprego est\u00e1 caindo deve ser ser para pessoas brancas, de regi\u00f5es m\u00e9dias e ricas.<\/p>\n<p style=\"text-align: justify;\">No mundo encantado e das cirandeiras, da Ministra da Gest\u00e3o (qual gest\u00e3o? ) e da Inova\u00e7\u00e3o( Qual inova\u00e7\u00e3o?) em Servi\u00e7os P\u00fablicos, Esther Dweck o Concurso P\u00fablico do ENEM atende o anseio da sociedade, que ter\u00e1 mais oportunidades e diversidades nos \u00f3rg\u00e3os p\u00fablicos? Ministra, esse processo de empregabilidade p\u00fablica deveria est\u00e1 atendo ao caos econ\u00f4mico que o pa\u00eds ainda passa desde de 2014 e, se acelerou com a pandemia.<\/p>\n<p style=\"text-align: justify;\">Se for para privilegiar meia d\u00fazia de pessoas, o Concurso P\u00fablico Nacional Unificado j\u00e1 come\u00e7a errado.<\/p>\n<p><strong><span style=\"color: #0000ff;\">Uma pergunta: Quem est\u00e1 no Programa Bolsa Fam\u00edlia ter\u00e1 uma prova especial ?\u00a0<\/span><\/strong><\/p>\n<p>Segue o link dos detalhes do Concurso P\u00fablico Unificado :<\/p>\n<p><span style=\"color: #0000ff;\"><a style=\"color: #0000ff;\" href=\"https:\/\/www.gov.br\/gestao\/pt-br\/concursonacional\/\">Concurso P\u00fablico Nacional Unificado \u2014 Minist\u00e9rio da Gest\u00e3o e da Inova\u00e7\u00e3o em Servi\u00e7os P\u00fablicos (www.gov.br)<\/a><\/span><\/p>\n<p>&nbsp;<\/p>\n<p>&nbsp;<\/p>\n","protected":false},"excerpt":{"rendered":"<p>Por Rosy Pires Nessa \u00faltima semana durante os temporais que atingiram \u00e0s regi\u00f5es mais pobres do cidade do Rio de Janeiro e da regi\u00e3o metropolitana, al\u00e9m da trag\u00e9dia das enchentes que afetaram milhares de fam\u00edlias, outro dado chamou muita aten\u00e7\u00e3o nas reportagens divulgadas em diversos ve\u00edculos de m\u00eddia; os altos \u00edndices de desempregados \u00e9 absurdo. [&hellip;]<\/p>\n","protected":false},"author":1,"featured_media":23125,"comment_status":"open","ping_status":"open","sticky":false,"template":"","format":"standard","meta":{"_uag_custom_page_level_css":"","footnotes":""},"categories":[27],"tags":[25860,1569,26148,3202,26149,25916],"class_list":["post-23124","post","type-post","status-publish","format-standard","has-post-thumbnail","hentry","category-acontece","tag-esg","tag-brasilia","tag-concurso-publico-unificado","tag-crise-economica","tag-milhoes-de-brasileiros-desempregados","tag-privilegio-branco"],"blocksy_meta":[],"spectra_blocks_featured_image_url":{"thumbnail":{"url":"https:\/\/construcaocivil.siriusmarketingedesign.com.br\/wp-content\/uploads\/2024\/01\/525a0703-ab6d-4f0c-9e89-fca41e19e1e1-150x150.jpeg","width":150,"height":150},"medium":{"url":"https:\/\/construcaocivil.siriusmarketingedesign.com.br\/wp-content\/uploads\/2024\/01\/525a0703-ab6d-4f0c-9e89-fca41e19e1e1-300x225.jpeg","width":300,"height":225},"medium_large":{"url":"https:\/\/construcaocivil.siriusmarketingedesign.com.br\/wp-content\/uploads\/2024\/01\/525a0703-ab6d-4f0c-9e89-fca41e19e1e1.jpeg","width":768,"height":576},"large":{"url":"https:\/\/construcaocivil.siriusmarketingedesign.com.br\/wp-content\/uploads\/2024\/01\/525a0703-ab6d-4f0c-9e89-fca41e19e1e1.jpeg","width":768,"height":576},"full":{"url":"https:\/\/construcaocivil.siriusmarketingedesign.com.br\/wp-content\/uploads\/2024\/01\/525a0703-ab6d-4f0c-9e89-fca41e19e1e1.jpeg","width":768,"height":576}},"spectra_blocks_author_info":{"display_name":"Jornal da Constru\u00e7\u00e3o Civil","avatar_url":"https:\/\/secure.gravatar.com\/avatar\/973c9774fd44ddaceb026973c4962faa70fc512bc4c9da68e8ebb40fecee6540?s=96&d=mm&r=g","author_link":"https:\/\/construcaocivil.siriusmarketingedesign.com.br\/?author=1","description":"Desde de 2013, levando muitas informa\u00e7\u00f5es, lan\u00e7amentos e produtos de qualidade para toda cadeia produtiva da constru\u00e7\u00e3o. O Futuro da constru\u00e7\u00e3o passa por aqui,"},"uagb_featured_image_src":{"full":["https:\/\/construcaocivil.siriusmarketingedesign.com.br\/wp-content\/uploads\/2024\/01\/525a0703-ab6d-4f0c-9e89-fca41e19e1e1.jpeg",768,576,false],"thumbnail":["https:\/\/construcaocivil.siriusmarketingedesign.com.br\/wp-content\/uploads\/2024\/01\/525a0703-ab6d-4f0c-9e89-fca41e19e1e1-150x150.jpeg",150,150,true],"medium":["https:\/\/construcaocivil.siriusmarketingedesign.com.br\/wp-content\/uploads\/2024\/01\/525a0703-ab6d-4f0c-9e89-fca41e19e1e1-300x225.jpeg",300,225,true],"medium_large":["https:\/\/construcaocivil.siriusmarketingedesign.com.br\/wp-content\/uploads\/2024\/01\/525a0703-ab6d-4f0c-9e89-fca41e19e1e1.jpeg",768,576,false],"large":["https:\/\/construcaocivil.siriusmarketingedesign.com.br\/wp-content\/uploads\/2024\/01\/525a0703-ab6d-4f0c-9e89-fca41e19e1e1.jpeg",768,576,false],"1536x1536":["https:\/\/construcaocivil.siriusmarketingedesign.com.br\/wp-content\/uploads\/2024\/01\/525a0703-ab6d-4f0c-9e89-fca41e19e1e1.jpeg",768,576,false],"2048x2048":["https:\/\/construcaocivil.siriusmarketingedesign.com.br\/wp-content\/uploads\/2024\/01\/525a0703-ab6d-4f0c-9e89-fca41e19e1e1.jpeg",768,576,false]},"uagb_author_info":{"display_name":"Jornal da Constru\u00e7\u00e3o Civil","author_link":"https:\/\/construcaocivil.siriusmarketingedesign.com.br\/?author=1"},"uagb_comment_info":0,"uagb_excerpt":"Por Rosy Pires Nessa \u00faltima semana durante os temporais que atingiram \u00e0s regi\u00f5es mais pobres do cidade do Rio de Janeiro e da regi\u00e3o metropolitana, al\u00e9m da trag\u00e9dia das enchentes que afetaram milhares de fam\u00edlias, outro dado chamou muita aten\u00e7\u00e3o nas reportagens divulgadas em diversos ve\u00edculos de m\u00eddia; os altos \u00edndices de desempregados \u00e9 absurdo.&hellip;","_links":{"self":[{"href":"https:\/\/construcaocivil.siriusmarketingedesign.com.br\/index.php?rest_route=\/wp\/v2\/posts\/23124","targetHints":{"allow":["GET"]}}],"collection":[{"href":"https:\/\/construcaocivil.siriusmarketingedesign.com.br\/index.php?rest_route=\/wp\/v2\/posts"}],"about":[{"href":"https:\/\/construcaocivil.siriusmarketingedesign.com.br\/index.php?rest_route=\/wp\/v2\/types\/post"}],"author":[{"embeddable":true,"href":"https:\/\/construcaocivil.siriusmarketingedesign.com.br\/index.php?rest_route=\/wp\/v2\/users\/1"}],"replies":[{"embeddable":true,"href":"https:\/\/construcaocivil.siriusmarketingedesign.com.br\/index.php?rest_route=%2Fwp%2Fv2%2Fcomments&post=23124"}],"version-history":[{"count":0,"href":"https:\/\/construcaocivil.siriusmarketingedesign.com.br\/index.php?rest_route=\/wp\/v2\/posts\/23124\/revisions"}],"wp:featuredmedia":[{"embeddable":true,"href":"https:\/\/construcaocivil.siriusmarketingedesign.com.br\/index.php?rest_route=\/wp\/v2\/media\/23125"}],"wp:attachment":[{"href":"https:\/\/construcaocivil.siriusmarketingedesign.com.br\/index.php?rest_route=%2Fwp%2Fv2%2Fmedia&parent=23124"}],"wp:term":[{"taxonomy":"category","embeddable":true,"href":"https:\/\/construcaocivil.siriusmarketingedesign.com.br\/index.php?rest_route=%2Fwp%2Fv2%2Fcategories&post=23124"},{"taxonomy":"post_tag","embeddable":true,"href":"https:\/\/construcaocivil.siriusmarketingedesign.com.br\/index.php?rest_route=%2Fwp%2Fv2%2Ftags&post=23124"}],"curies":[{"name":"wp","href":"https:\/\/api.w.org\/{rel}","templated":true}]}}