{"id":23172,"date":"2024-01-27T15:01:47","date_gmt":"2024-01-27T18:01:47","guid":{"rendered":"https:\/\/www.jornaldaconstrucaocivil.com.br\/?p=23172"},"modified":"2024-01-27T15:01:47","modified_gmt":"2024-01-27T18:01:47","slug":"ultimos-dias-para-inscricoes-gratis-escola-firjan-sesi-abre-mais-de-600-vagas-gratuitas-para-ensino-fundamental","status":"publish","type":"post","link":"https:\/\/construcaocivil.siriusmarketingedesign.com.br\/?p=23172","title":{"rendered":"\u00daltimos dias para inscri\u00e7\u00f5es gr\u00e1tis: Escola Firjan SESI abre mais de 600 vagas gratuitas para Ensino Fundamental"},"content":{"rendered":"<p class=\"v1MsoNormal\" style=\"text-align: justify;\"><span style=\"color: #993300;\"><em><strong>Com inscri\u00e7\u00f5es at\u00e9 28\/01, as oportunidades s\u00e3o para o 1\u00ba ao 9\u00ba ano e est\u00e3o distribu\u00eddas em dez unidades do estado do Rio<\/strong><\/em><\/span><\/p>\n<p class=\"v1MsoNormal\" style=\"text-align: justify;\">\n<p class=\"v1MsoNormal\" style=\"text-align: justify;\">\n<p class=\"v1MsoNormal\" style=\"text-align: justify;\"><span style=\"color: #0000ff;\">Rio<\/span><b>, <\/b><span style=\"color: #0000ff;\">2024<\/span><b> &#8211; S\u00e3o 619 vagas gratuitas para o primeiro e segundo segmentos do Ensino Fundamental da Escola Firjan SESI.<\/b>\u00a0Podem se candidatar estudantes de 6 a 14 anos em uma das dez unidades com turmas do 1\u00ba ao 9\u00ba ano:\u00a0<b>Barra Mansa, Duque de Caxias, Itaperuna, Jacarepagu\u00e1, Maca\u00e9, Nova Friburgo, Nova Igua\u00e7u, Petr\u00f3polis, Resende e Volta Redonda.<\/b>\u00a0S\u00f3 na Regi\u00e3o Metropolitana s\u00e3o ofertadas 291 oportunidades. O edital completo est\u00e1 dispon\u00edvel no site da Escola Firjan SESI (<a href=\"http:\/\/www.escolafirjansesi.com.br\/vagasgratuitas\" target=\"_blank\" rel=\"noopener noreferrer\">http:\/\/www.escolafirjansesi.com.br\/vagasgratuitas<\/a>) e as inscri\u00e7\u00f5es devem ser realizadas at\u00e9 28\/01.<\/p>\n<p class=\"v1MsoNormal\" style=\"text-align: justify;\">\n<p class=\"v1MsoNormal\" style=\"text-align: justify;\"><b>Os candidatos devem ter renda familiar per capita bruta de, no m\u00e1ximo, 1,5 sal\u00e1rio m\u00ednimo,\u00a0<\/b>e ser\u00e1 exigida documenta\u00e7\u00e3o comprobat\u00f3ria desta condi\u00e7\u00e3o, conforme estabelecido no edital, em cumprimento ao Regulamento do SESI.<\/p>\n<p class=\"v1MsoNormal\" style=\"text-align: justify;\"><b>Os estudantes ser\u00e3o selecionados por meio de sorteio p\u00fablico, em 30\/01, transmitido ao vivo, \u00e0s 10h, no site da escola\u00a0<\/b><a href=\"http:\/\/www.escolafirjansesi.com.br\/vagasgratuitas\" target=\"_blank\" rel=\"noopener noreferrer\">http:\/\/www.escolafirjansesi.com.br\/vagasgratuitas<\/a>. A matr\u00edcula dos selecionados dever\u00e1<b>\u00a0<\/b>ser feita presencialmente na escola escolhida, de 31\/01 a 05\/02. O in\u00edcio das aulas est\u00e1 previsto para 06\/02.<\/p>\n<p class=\"v1MsoNormal\" style=\"text-align: justify;\">\n<p class=\"v1MsoNormal\" style=\"text-align: justify;\">\u201cA Escola Firjan SESI tem todas as condi\u00e7\u00f5es de fazer uma entrega de grande valor e impacto para a ind\u00fastria e para a sociedade. A cada ano os editais t\u00eam sido mais procurados pela sociedade. \u00c9 um reflexo da qualidade do que vem sendo ofertado. Importante se inscrever r\u00e1pido porque as inscri\u00e7\u00f5es s\u00e3o limitadas\u201d, aconselha\u00a0<b>Vin\u00edcius Mano, gerente de Educa\u00e7\u00e3o B\u00e1sica da Firjan SESI.<\/b><\/p>\n<p class=\"v1MsoNormal\" style=\"text-align: justify;\">\n<p class=\"v1MsoNormal\" style=\"text-align: justify;\"><b>Ensino Fundamental Firjan SESI<\/b><\/p>\n<p class=\"v1MsoNormal\" style=\"text-align: justify;\"><b>\u00a0<\/b><\/p>\n<p class=\"v1MsoNormal\" style=\"text-align: justify;\">A Escola Firjan SESI busca formar pessoas, numa concep\u00e7\u00e3o human\u00edstica e personalizada, de maneira a participar na sociedade como cidad\u00e3o pleno, ativo e transformador.<\/p>\n<p class=\"v1MsoNormal\" style=\"text-align: justify;\">\n<p class=\"v1MsoNormal\" style=\"text-align: justify;\"><b>No Ensino Fundamental \u2013 1\u00aa Etapa, do 1\u00ba ao 5\u00ba ano<\/b>, al\u00e9m das disciplinas do Curr\u00edculo Nacional Comum, s\u00e3o oferecidas disciplinas diversificadas, para tornar o processo educativo ainda mais completo.<\/p>\n<p class=\"v1MsoNormal\" style=\"text-align: justify;\">\n<p class=\"v1MsoNormal\" style=\"text-align: justify;\"><b>No Ensino Fundamental \u2013 2\u00aa Etapa, do 6\u00ba ao 9\u00ba ano<\/b>, al\u00e9m das disciplinas do Curr\u00edculo Nacional Comum, os estudantes recebem aulas de rob\u00f3tica e Cultura Maker. Nesta etapa, as disciplinas s\u00e3o focadas em desenvolver compet\u00eancias como a criticidade, a colabora\u00e7\u00e3o, a capacidade de resolver problemas, a l\u00f3gica de programa\u00e7\u00e3o e a criatividade, temas que ser\u00e3o fundamentais no futuro. Os alunos come\u00e7am a se preparar para a transi\u00e7\u00e3o para o Ensino M\u00e9dio com Curso T\u00e9cnico. A partir do 8\u00ba ano s\u00e3o intensificadas as aulas de l\u00edngua portuguesa e matem\u00e1tica. No 9\u00ba ano h\u00e1 um desdobramento de ci\u00eancias em f\u00edsica, qu\u00edmica e biologia.<\/p>\n<p class=\"v1MsoNormal\" style=\"text-align: justify;\">\n<p class=\"v1MsoNormal\" style=\"text-align: justify;\"><b>Mais informa\u00e7\u00f5es tamb\u00e9m podem ser obtidas no edital dispon\u00edvel em\u00a0<\/b><a href=\"http:\/\/www.escolafirjansesi.com.br\/vagasgratuitas\" target=\"_blank\" rel=\"noopener noreferrer\">http:\/\/www.escolafirjansesi.com.br\/vagasgratuitas<\/a><b>\u00a0ou atrav\u00e9s do telefone 0800 0231 231.<\/b><\/p>\n","protected":false},"excerpt":{"rendered":"<p>Com inscri\u00e7\u00f5es at\u00e9 28\/01, as oportunidades s\u00e3o para o 1\u00ba ao 9\u00ba ano e est\u00e3o distribu\u00eddas em dez unidades do estado do Rio Rio, 2024 &#8211; S\u00e3o 619 vagas gratuitas para o primeiro e segundo segmentos do Ensino Fundamental da Escola Firjan SESI.\u00a0Podem se candidatar estudantes de 6 a 14 anos em uma das dez [&hellip;]<\/p>\n","protected":false},"author":1,"featured_media":23173,"comment_status":"open","ping_status":"open","sticky":false,"template":"","format":"standard","meta":{"_uag_custom_page_level_css":"","footnotes":""},"categories":[27],"tags":[26185,3306,21871,26182,23180,26184,26183],"class_list":["post-23172","post","type-post","status-publish","format-standard","has-post-thumbnail","hentry","category-acontece","tag-barra-mansa","tag-cursos-gratuitos","tag-duque-de-caxias","tag-instalador-predial","tag-nova-iguacu","tag-senai-firjan","tag-tecnologia-e-ia"],"blocksy_meta":[],"spectra_blocks_featured_image_url":{"thumbnail":{"url":"https:\/\/construcaocivil.siriusmarketingedesign.com.br\/wp-content\/uploads\/2024\/01\/Escola-Firjan-SESI-Foto-Paula-Johas-4-150x150.jpg","width":150,"height":150},"medium":{"url":"https:\/\/construcaocivil.siriusmarketingedesign.com.br\/wp-content\/uploads\/2024\/01\/Escola-Firjan-SESI-Foto-Paula-Johas-4-300x200.jpg","width":300,"height":200},"medium_large":{"url":"https:\/\/construcaocivil.siriusmarketingedesign.com.br\/wp-content\/uploads\/2024\/01\/Escola-Firjan-SESI-Foto-Paula-Johas-4-768x512.jpg","width":768,"height":512},"large":{"url":"https:\/\/construcaocivil.siriusmarketingedesign.com.br\/wp-content\/uploads\/2024\/01\/Escola-Firjan-SESI-Foto-Paula-Johas-4-1024x683.jpg","width":1024,"height":683},"full":{"url":"https:\/\/construcaocivil.siriusmarketingedesign.com.br\/wp-content\/uploads\/2024\/01\/Escola-Firjan-SESI-Foto-Paula-Johas-4-scaled.jpg","width":2560,"height":1707}},"spectra_blocks_author_info":{"display_name":"Jornal da Constru\u00e7\u00e3o Civil","avatar_url":"https:\/\/secure.gravatar.com\/avatar\/973c9774fd44ddaceb026973c4962faa70fc512bc4c9da68e8ebb40fecee6540?s=96&d=mm&r=g","author_link":"https:\/\/construcaocivil.siriusmarketingedesign.com.br\/?author=1","description":"Desde de 2013, levando muitas informa\u00e7\u00f5es, lan\u00e7amentos e produtos de qualidade para toda cadeia produtiva da constru\u00e7\u00e3o. O Futuro da constru\u00e7\u00e3o passa por aqui,"},"uagb_featured_image_src":{"full":["https:\/\/construcaocivil.siriusmarketingedesign.com.br\/wp-content\/uploads\/2024\/01\/Escola-Firjan-SESI-Foto-Paula-Johas-4-scaled.jpg",2560,1707,false],"thumbnail":["https:\/\/construcaocivil.siriusmarketingedesign.com.br\/wp-content\/uploads\/2024\/01\/Escola-Firjan-SESI-Foto-Paula-Johas-4-150x150.jpg",150,150,true],"medium":["https:\/\/construcaocivil.siriusmarketingedesign.com.br\/wp-content\/uploads\/2024\/01\/Escola-Firjan-SESI-Foto-Paula-Johas-4-300x200.jpg",300,200,true],"medium_large":["https:\/\/construcaocivil.siriusmarketingedesign.com.br\/wp-content\/uploads\/2024\/01\/Escola-Firjan-SESI-Foto-Paula-Johas-4-768x512.jpg",768,512,true],"large":["https:\/\/construcaocivil.siriusmarketingedesign.com.br\/wp-content\/uploads\/2024\/01\/Escola-Firjan-SESI-Foto-Paula-Johas-4-1024x683.jpg",1024,683,true],"1536x1536":["https:\/\/construcaocivil.siriusmarketingedesign.com.br\/wp-content\/uploads\/2024\/01\/Escola-Firjan-SESI-Foto-Paula-Johas-4-1536x1024.jpg",1536,1024,true],"2048x2048":["https:\/\/construcaocivil.siriusmarketingedesign.com.br\/wp-content\/uploads\/2024\/01\/Escola-Firjan-SESI-Foto-Paula-Johas-4-2048x1365.jpg",2048,1365,true]},"uagb_author_info":{"display_name":"Jornal da Constru\u00e7\u00e3o Civil","author_link":"https:\/\/construcaocivil.siriusmarketingedesign.com.br\/?author=1"},"uagb_comment_info":0,"uagb_excerpt":"Com inscri\u00e7\u00f5es at\u00e9 28\/01, as oportunidades s\u00e3o para o 1\u00ba ao 9\u00ba ano e est\u00e3o distribu\u00eddas em dez unidades do estado do Rio Rio, 2024 &#8211; S\u00e3o 619 vagas gratuitas para o primeiro e segundo segmentos do Ensino Fundamental da Escola Firjan SESI.\u00a0Podem se candidatar estudantes de 6 a 14 anos em uma das dez&hellip;","_links":{"self":[{"href":"https:\/\/construcaocivil.siriusmarketingedesign.com.br\/index.php?rest_route=\/wp\/v2\/posts\/23172","targetHints":{"allow":["GET"]}}],"collection":[{"href":"https:\/\/construcaocivil.siriusmarketingedesign.com.br\/index.php?rest_route=\/wp\/v2\/posts"}],"about":[{"href":"https:\/\/construcaocivil.siriusmarketingedesign.com.br\/index.php?rest_route=\/wp\/v2\/types\/post"}],"author":[{"embeddable":true,"href":"https:\/\/construcaocivil.siriusmarketingedesign.com.br\/index.php?rest_route=\/wp\/v2\/users\/1"}],"replies":[{"embeddable":true,"href":"https:\/\/construcaocivil.siriusmarketingedesign.com.br\/index.php?rest_route=%2Fwp%2Fv2%2Fcomments&post=23172"}],"version-history":[{"count":0,"href":"https:\/\/construcaocivil.siriusmarketingedesign.com.br\/index.php?rest_route=\/wp\/v2\/posts\/23172\/revisions"}],"wp:featuredmedia":[{"embeddable":true,"href":"https:\/\/construcaocivil.siriusmarketingedesign.com.br\/index.php?rest_route=\/wp\/v2\/media\/23173"}],"wp:attachment":[{"href":"https:\/\/construcaocivil.siriusmarketingedesign.com.br\/index.php?rest_route=%2Fwp%2Fv2%2Fmedia&parent=23172"}],"wp:term":[{"taxonomy":"category","embeddable":true,"href":"https:\/\/construcaocivil.siriusmarketingedesign.com.br\/index.php?rest_route=%2Fwp%2Fv2%2Fcategories&post=23172"},{"taxonomy":"post_tag","embeddable":true,"href":"https:\/\/construcaocivil.siriusmarketingedesign.com.br\/index.php?rest_route=%2Fwp%2Fv2%2Ftags&post=23172"}],"curies":[{"name":"wp","href":"https:\/\/api.w.org\/{rel}","templated":true}]}}