{"id":23175,"date":"2024-01-29T13:50:53","date_gmt":"2024-01-29T16:50:53","guid":{"rendered":"https:\/\/www.jornaldaconstrucaocivil.com.br\/?p=23175"},"modified":"2024-01-29T13:50:53","modified_gmt":"2024-01-29T16:50:53","slug":"agencia-nacional-de-aguas-e-saneamento-basico-lanca-tema-para-celebracao-do-dia-mundial-da-agua-no-brasil-em-2024","status":"publish","type":"post","link":"https:\/\/construcaocivil.siriusmarketingedesign.com.br\/?p=23175","title":{"rendered":"Ag\u00eancia Nacional de \u00c1guas e Saneamento B\u00e1sico lan\u00e7a tema para celebra\u00e7\u00e3o do Dia Mundial da \u00c1gua no Brasil em 2024"},"content":{"rendered":"<p style=\"text-align: justify;\"><em><strong>ANA come\u00e7ar\u00e1 a Jornada da \u00c1gua 2024 em 31 de janeiro com live para revelar o tema do Dia Mundial da \u00c1gua e lan\u00e7ar publica\u00e7\u00e3o sobre o impacto da mudan\u00e7a do clima nos recursos h\u00eddricos do Brasil<\/strong><\/em><\/p>\n<p style=\"text-align: justify;\">A Ag\u00eancia Nacional de \u00c1guas e Saneamento B\u00e1sico (ANA) revelar\u00e1 o tema para o Dia Mundial da \u00c1gua 2024 no Brasil, que \u00e9 celebrado anualmente em 22 de mar\u00e7o. O lan\u00e7amento do tema marcar\u00e1 o in\u00edcio da Jornada da \u00c1gua 2024, na pr\u00f3xima quarta-feira, 31 de janeiro, \u00e0s 16h, durante transmiss\u00e3o ao vivo pelo canal da Ag\u00eancia no YouTube. Na live tamb\u00e9m ser\u00e3o lan\u00e7ados o estudo da ANA sobre o impacto da mudan\u00e7a do clima nos recursos h\u00eddricos do Brasil e o hotsite tem\u00e1tico da Jornada.<\/p>\n<p style=\"text-align: justify;\">A Jornada da \u00c1gua 2024 prev\u00ea uma s\u00e9rie de atividades, campanhas e eventos durante todo o ano. O tema do Dia Mundial da \u00c1gua que ser\u00e1 apresentado na live ser\u00e1 refer\u00eancia para as a\u00e7\u00f5es da Jornada, que foi concebida para sensibilizar a sociedade, os membros da Administra\u00e7\u00e3o P\u00fablica, os atores dos setores de recursos h\u00eddricos e saneamento b\u00e1sico, entre outros entes estrat\u00e9gicos para o cuidado com as \u00e1guas do Brasil.<\/p>\n<p style=\"text-align: justify;\">A live da pr\u00f3xima quarta-feira (31) contar\u00e1 com a presen\u00e7a da diretora-presidente interina da Ag\u00eancia, Ana Carolina Argolo; dos diretores interinos Nazareno Ara\u00fajo e Marcelo Medeiros; do ministro da Integra\u00e7\u00e3o e do Desenvolvimento Regional, Waldez G\u00f3es; al\u00e9m de outras autoridades do setor.<\/p>\n<p style=\"text-align: justify;\">Como parte da agenda permanente da ANA no tema, o estudo Impacto da Mudan\u00e7a do Clima nos Recursos H\u00eddricos do Brasil apresenta uma an\u00e1lise sobre como os recursos h\u00eddricos s\u00e3o afetados por altera\u00e7\u00f5es no clima e como podemos nos adaptar \u00e0s incertezas do futuro. A publica\u00e7\u00e3o aborda, de forma in\u00e9dita, os impactos da mudan\u00e7a do clima na disponibilidade h\u00eddrica, no planejamento e na gest\u00e3o do setor de recursos h\u00eddricos e de saneamento b\u00e1sico.<\/p>\n<p style=\"text-align: justify;\">O estudo tamb\u00e9m aponta as regi\u00f5es que tendem a passar por maior escassez h\u00eddrica, em virtude de uma tend\u00eancia na diminui\u00e7\u00e3o da disponibilidade de \u00e1gua, e regi\u00f5es em que h\u00e1 tend\u00eancia de aumento da disponibilidade h\u00eddrica e da sua variabilidade, inclusive pela ocorr\u00eancia de eventos de chuvas intensas. A publica\u00e7\u00e3o traz, ainda, poss\u00edveis cen\u00e1rios futuros com integra\u00e7\u00e3o entre as diferentes bacias hidrogr\u00e1ficas e unidades federativas, oferecendo resultados \u00fanicos e in\u00e9ditos para os \u00f3rg\u00e3os gestores estaduais, os comit\u00eas de bacias hidrogr\u00e1ficas e para qualquer usu\u00e1rio de recursos h\u00eddricos.<\/p>\n<p style=\"text-align: justify;\">\n<p style=\"text-align: justify;\">Outro lan\u00e7amento previsto para 31 de janeiro ser\u00e1 o hotsite da Jornada da \u00c1gua 2024, que apresentar\u00e1 o tema, disponibilizar\u00e1 publica\u00e7\u00f5es e materiais de comunica\u00e7\u00e3o para download e trar\u00e1 informa\u00e7\u00f5es da ANA sobre a tem\u00e1tica anunciada para este ano. Nesse espa\u00e7o ser\u00e1 divulgado o calend\u00e1rio de eventos associados ao tema da Jornada, que poder\u00e3o ser submetidos por qualquer institui\u00e7\u00e3o via formul\u00e1rio on-line.<\/p>\n<p style=\"text-align: justify;\">\n<p style=\"text-align: justify;\"><strong>Para mais informa\u00e7\u00f5es sobre o evento, envie e-mail para <span style=\"color: #0000ff;\">eventos@ana.gov.br.<\/span><\/strong><\/p>\n<p style=\"text-align: justify;\">\n<p style=\"text-align: justify;\"><strong>O Dia Mundial da \u00c1gua<\/strong><\/p>\n<p style=\"text-align: justify;\">Em 22 de mar\u00e7o de 1992, a Organiza\u00e7\u00e3o das Na\u00e7\u00f5es Unidas (ONU) criou o Dia Mundial da \u00c1gua em solo brasileiro. A data foi lan\u00e7ada durante a Confer\u00eancia das Na\u00e7\u00f5es Unidas sobre o Meio Ambiente e o Desenvolvimento, tamb\u00e9m conhecida como Eco-92, no Rio de Janeiro, como um esfor\u00e7o da comunidade internacional para colocar em pauta as quest\u00f5es essenciais que envolvem os recursos h\u00eddricos no planeta.<\/p>\n<p style=\"text-align: justify;\">\n","protected":false},"excerpt":{"rendered":"<p>ANA come\u00e7ar\u00e1 a Jornada da \u00c1gua 2024 em 31 de janeiro com live para revelar o tema do Dia Mundial da \u00c1gua e lan\u00e7ar publica\u00e7\u00e3o sobre o impacto da mudan\u00e7a do clima nos recursos h\u00eddricos do Brasil A Ag\u00eancia Nacional de \u00c1guas e Saneamento B\u00e1sico (ANA) revelar\u00e1 o tema para o Dia Mundial da \u00c1gua [&hellip;]<\/p>\n","protected":false},"author":1,"featured_media":23176,"comment_status":"open","ping_status":"open","sticky":false,"template":"","format":"standard","meta":{"_uag_custom_page_level_css":"","footnotes":""},"categories":[37],"tags":[26187,692,3618,26186],"class_list":["post-23175","post","type-post","status-publish","format-standard","has-post-thumbnail","hentry","category-sustentabilidade","tag-aguas-e-saneamento-basico","tag-ana","tag-dia-mundial-da-agua","tag-jornada-da-agua-2024"],"blocksy_meta":[],"spectra_blocks_featured_image_url":{"thumbnail":{"url":"https:\/\/construcaocivil.siriusmarketingedesign.com.br\/wp-content\/uploads\/2024\/01\/agua_potavel-980x695-1-150x150.jpg","width":150,"height":150},"medium":{"url":"https:\/\/construcaocivil.siriusmarketingedesign.com.br\/wp-content\/uploads\/2024\/01\/agua_potavel-980x695-1-300x213.jpg","width":300,"height":213},"medium_large":{"url":"https:\/\/construcaocivil.siriusmarketingedesign.com.br\/wp-content\/uploads\/2024\/01\/agua_potavel-980x695-1-768x545.jpg","width":768,"height":545},"large":{"url":"https:\/\/construcaocivil.siriusmarketingedesign.com.br\/wp-content\/uploads\/2024\/01\/agua_potavel-980x695-1.jpg","width":980,"height":695},"full":{"url":"https:\/\/construcaocivil.siriusmarketingedesign.com.br\/wp-content\/uploads\/2024\/01\/agua_potavel-980x695-1.jpg","width":980,"height":695}},"spectra_blocks_author_info":{"display_name":"Jornal da Constru\u00e7\u00e3o Civil","avatar_url":"https:\/\/secure.gravatar.com\/avatar\/973c9774fd44ddaceb026973c4962faa70fc512bc4c9da68e8ebb40fecee6540?s=96&d=mm&r=g","author_link":"https:\/\/construcaocivil.siriusmarketingedesign.com.br\/?author=1","description":"Desde de 2013, levando muitas informa\u00e7\u00f5es, lan\u00e7amentos e produtos de qualidade para toda cadeia produtiva da constru\u00e7\u00e3o. O Futuro da constru\u00e7\u00e3o passa por aqui,"},"uagb_featured_image_src":{"full":["https:\/\/construcaocivil.siriusmarketingedesign.com.br\/wp-content\/uploads\/2024\/01\/agua_potavel-980x695-1.jpg",980,695,false],"thumbnail":["https:\/\/construcaocivil.siriusmarketingedesign.com.br\/wp-content\/uploads\/2024\/01\/agua_potavel-980x695-1-150x150.jpg",150,150,true],"medium":["https:\/\/construcaocivil.siriusmarketingedesign.com.br\/wp-content\/uploads\/2024\/01\/agua_potavel-980x695-1-300x213.jpg",300,213,true],"medium_large":["https:\/\/construcaocivil.siriusmarketingedesign.com.br\/wp-content\/uploads\/2024\/01\/agua_potavel-980x695-1-768x545.jpg",768,545,true],"large":["https:\/\/construcaocivil.siriusmarketingedesign.com.br\/wp-content\/uploads\/2024\/01\/agua_potavel-980x695-1.jpg",980,695,false],"1536x1536":["https:\/\/construcaocivil.siriusmarketingedesign.com.br\/wp-content\/uploads\/2024\/01\/agua_potavel-980x695-1.jpg",980,695,false],"2048x2048":["https:\/\/construcaocivil.siriusmarketingedesign.com.br\/wp-content\/uploads\/2024\/01\/agua_potavel-980x695-1.jpg",980,695,false]},"uagb_author_info":{"display_name":"Jornal da Constru\u00e7\u00e3o Civil","author_link":"https:\/\/construcaocivil.siriusmarketingedesign.com.br\/?author=1"},"uagb_comment_info":0,"uagb_excerpt":"ANA come\u00e7ar\u00e1 a Jornada da \u00c1gua 2024 em 31 de janeiro com live para revelar o tema do Dia Mundial da \u00c1gua e lan\u00e7ar publica\u00e7\u00e3o sobre o impacto da mudan\u00e7a do clima nos recursos h\u00eddricos do Brasil A Ag\u00eancia Nacional de \u00c1guas e Saneamento B\u00e1sico (ANA) revelar\u00e1 o tema para o Dia Mundial da \u00c1gua&hellip;","_links":{"self":[{"href":"https:\/\/construcaocivil.siriusmarketingedesign.com.br\/index.php?rest_route=\/wp\/v2\/posts\/23175","targetHints":{"allow":["GET"]}}],"collection":[{"href":"https:\/\/construcaocivil.siriusmarketingedesign.com.br\/index.php?rest_route=\/wp\/v2\/posts"}],"about":[{"href":"https:\/\/construcaocivil.siriusmarketingedesign.com.br\/index.php?rest_route=\/wp\/v2\/types\/post"}],"author":[{"embeddable":true,"href":"https:\/\/construcaocivil.siriusmarketingedesign.com.br\/index.php?rest_route=\/wp\/v2\/users\/1"}],"replies":[{"embeddable":true,"href":"https:\/\/construcaocivil.siriusmarketingedesign.com.br\/index.php?rest_route=%2Fwp%2Fv2%2Fcomments&post=23175"}],"version-history":[{"count":0,"href":"https:\/\/construcaocivil.siriusmarketingedesign.com.br\/index.php?rest_route=\/wp\/v2\/posts\/23175\/revisions"}],"wp:featuredmedia":[{"embeddable":true,"href":"https:\/\/construcaocivil.siriusmarketingedesign.com.br\/index.php?rest_route=\/wp\/v2\/media\/23176"}],"wp:attachment":[{"href":"https:\/\/construcaocivil.siriusmarketingedesign.com.br\/index.php?rest_route=%2Fwp%2Fv2%2Fmedia&parent=23175"}],"wp:term":[{"taxonomy":"category","embeddable":true,"href":"https:\/\/construcaocivil.siriusmarketingedesign.com.br\/index.php?rest_route=%2Fwp%2Fv2%2Fcategories&post=23175"},{"taxonomy":"post_tag","embeddable":true,"href":"https:\/\/construcaocivil.siriusmarketingedesign.com.br\/index.php?rest_route=%2Fwp%2Fv2%2Ftags&post=23175"}],"curies":[{"name":"wp","href":"https:\/\/api.w.org\/{rel}","templated":true}]}}