{"id":23178,"date":"2024-01-29T14:15:23","date_gmt":"2024-01-29T17:15:23","guid":{"rendered":"https:\/\/www.jornaldaconstrucaocivil.com.br\/?p=23178"},"modified":"2024-01-29T14:15:23","modified_gmt":"2024-01-29T17:15:23","slug":"sem-plano-de-moradias-populares-mprj-obtem-aumento-de-multa-para-o-estado-e-o-municipio-do-rio-por-descumprirem-decisao-de-desocupacao-de-imovel","status":"publish","type":"post","link":"https:\/\/construcaocivil.siriusmarketingedesign.com.br\/?p=23178","title":{"rendered":"Sem plano de moradias populares: MPRJ obt\u00e9m aumento de multa para o Estado e o Munic\u00edpio do Rio por descumprirem decis\u00e3o de desocupa\u00e7\u00e3o de im\u00f3vel"},"content":{"rendered":"<div class=\"texto\">\n<p>O Minist\u00e9rio P\u00fablico do Estado do Rio de Janeiro (MPRJ), por meio da 1\u00aa Promotoria de Justi\u00e7a de Tutela Coletiva de Defesa da Ordem Urban\u00edstica da Capital, obteve na Justi\u00e7a o aumento do valor da multa di\u00e1ria de R$ 10 mil para R$ 50 mil, para que o Estado e o Munic\u00edpio do Rio de Janeiro cumpram uma decis\u00e3o liminar de remo\u00e7\u00e3o de dezenas de pessoas que residem nas instala\u00e7\u00f5es do antigo motel Espinha, em Bangu. O referido im\u00f3vel, ocupado irregularmente, foi condenado pela Defesa Civil.<\/p>\n<p>A a\u00e7\u00e3o foi ajuizada pelo MPRJ em dezembro de 2021. A pedido da Promotoria de Justi\u00e7a, o Ju\u00edzo da 16\u00aa Vara de Fazenda P\u00fablica da Capital vem determinando, h\u00e1 mais de dois anos, que o Estado e o Munic\u00edpio desocupem o im\u00f3vel e realizem a demoli\u00e7\u00e3o da edifica\u00e7\u00e3o condenada antes que ocorra o colapso da constru\u00e7\u00e3o e a morte das pessoas que residem atualmente naquele local.<\/p>\n<p>\u201cEssa demanda coletiva est\u00e1 completando dois anos de exist\u00eancia e se trata de uma situa\u00e7\u00e3o em que a edifica\u00e7\u00e3o ir\u00e1 colapsar e resultar na morte de dezenas de pessoas, caso n\u00e3o sejam adotadas as provid\u00eancias necess\u00e1rias para a desocupa\u00e7\u00e3o do im\u00f3vel e sua imediata demoli\u00e7\u00e3o atrav\u00e9s de atua\u00e7\u00e3o conjunta do Munic\u00edpio e do Estado&#8221;, ressaltou a Promotoria de Justi\u00e7a nos autos do processo.<br \/>\n<em><br \/>\nPor MPRJ<\/em><\/p>\n<\/div>\n<div class=\"tags\"><\/div>\n","protected":false},"excerpt":{"rendered":"<p>O Minist\u00e9rio P\u00fablico do Estado do Rio de Janeiro (MPRJ), por meio da 1\u00aa Promotoria de Justi\u00e7a de Tutela Coletiva de Defesa da Ordem Urban\u00edstica da Capital, obteve na Justi\u00e7a o aumento do valor da multa di\u00e1ria de R$ 10 mil para R$ 50 mil, para que o Estado e o Munic\u00edpio do Rio de [&hellip;]<\/p>\n","protected":false},"author":1,"featured_media":23180,"comment_status":"open","ping_status":"open","sticky":false,"template":"","format":"standard","meta":{"_uag_custom_page_level_css":"","footnotes":""},"categories":[27],"tags":[26188,1949,14511,26189,25870],"class_list":["post-23178","post","type-post","status-publish","format-standard","has-post-thumbnail","hentry","category-acontece","tag-bangu-rj","tag-casa-propria","tag-mp-rj","tag-ocupacoes","tag-predios-abandonados"],"blocksy_meta":[],"spectra_blocks_featured_image_url":{"thumbnail":{"url":"https:\/\/construcaocivil.siriusmarketingedesign.com.br\/wp-content\/uploads\/2024\/01\/at1mcmmg-150x150.png","width":150,"height":150},"medium":{"url":"https:\/\/construcaocivil.siriusmarketingedesign.com.br\/wp-content\/uploads\/2024\/01\/at1mcmmg-300x107.png","width":300,"height":107},"medium_large":{"url":"https:\/\/construcaocivil.siriusmarketingedesign.com.br\/wp-content\/uploads\/2024\/01\/at1mcmmg-768x274.png","width":768,"height":274},"large":{"url":"https:\/\/construcaocivil.siriusmarketingedesign.com.br\/wp-content\/uploads\/2024\/01\/at1mcmmg.png","width":999,"height":356},"full":{"url":"https:\/\/construcaocivil.siriusmarketingedesign.com.br\/wp-content\/uploads\/2024\/01\/at1mcmmg.png","width":999,"height":356}},"spectra_blocks_author_info":{"display_name":"Jornal da Constru\u00e7\u00e3o Civil","avatar_url":"https:\/\/secure.gravatar.com\/avatar\/973c9774fd44ddaceb026973c4962faa70fc512bc4c9da68e8ebb40fecee6540?s=96&d=mm&r=g","author_link":"https:\/\/construcaocivil.siriusmarketingedesign.com.br\/?author=1","description":"Desde de 2013, levando muitas informa\u00e7\u00f5es, lan\u00e7amentos e produtos de qualidade para toda cadeia produtiva da constru\u00e7\u00e3o. O Futuro da constru\u00e7\u00e3o passa por aqui,"},"uagb_featured_image_src":{"full":["https:\/\/construcaocivil.siriusmarketingedesign.com.br\/wp-content\/uploads\/2024\/01\/at1mcmmg.png",999,356,false],"thumbnail":["https:\/\/construcaocivil.siriusmarketingedesign.com.br\/wp-content\/uploads\/2024\/01\/at1mcmmg-150x150.png",150,150,true],"medium":["https:\/\/construcaocivil.siriusmarketingedesign.com.br\/wp-content\/uploads\/2024\/01\/at1mcmmg-300x107.png",300,107,true],"medium_large":["https:\/\/construcaocivil.siriusmarketingedesign.com.br\/wp-content\/uploads\/2024\/01\/at1mcmmg-768x274.png",768,274,true],"large":["https:\/\/construcaocivil.siriusmarketingedesign.com.br\/wp-content\/uploads\/2024\/01\/at1mcmmg.png",999,356,false],"1536x1536":["https:\/\/construcaocivil.siriusmarketingedesign.com.br\/wp-content\/uploads\/2024\/01\/at1mcmmg.png",999,356,false],"2048x2048":["https:\/\/construcaocivil.siriusmarketingedesign.com.br\/wp-content\/uploads\/2024\/01\/at1mcmmg.png",999,356,false]},"uagb_author_info":{"display_name":"Jornal da Constru\u00e7\u00e3o Civil","author_link":"https:\/\/construcaocivil.siriusmarketingedesign.com.br\/?author=1"},"uagb_comment_info":0,"uagb_excerpt":"O Minist\u00e9rio P\u00fablico do Estado do Rio de Janeiro (MPRJ), por meio da 1\u00aa Promotoria de Justi\u00e7a de Tutela Coletiva de Defesa da Ordem Urban\u00edstica da Capital, obteve na Justi\u00e7a o aumento do valor da multa di\u00e1ria de R$ 10 mil para R$ 50 mil, para que o Estado e o Munic\u00edpio do Rio de&hellip;","_links":{"self":[{"href":"https:\/\/construcaocivil.siriusmarketingedesign.com.br\/index.php?rest_route=\/wp\/v2\/posts\/23178","targetHints":{"allow":["GET"]}}],"collection":[{"href":"https:\/\/construcaocivil.siriusmarketingedesign.com.br\/index.php?rest_route=\/wp\/v2\/posts"}],"about":[{"href":"https:\/\/construcaocivil.siriusmarketingedesign.com.br\/index.php?rest_route=\/wp\/v2\/types\/post"}],"author":[{"embeddable":true,"href":"https:\/\/construcaocivil.siriusmarketingedesign.com.br\/index.php?rest_route=\/wp\/v2\/users\/1"}],"replies":[{"embeddable":true,"href":"https:\/\/construcaocivil.siriusmarketingedesign.com.br\/index.php?rest_route=%2Fwp%2Fv2%2Fcomments&post=23178"}],"version-history":[{"count":0,"href":"https:\/\/construcaocivil.siriusmarketingedesign.com.br\/index.php?rest_route=\/wp\/v2\/posts\/23178\/revisions"}],"wp:featuredmedia":[{"embeddable":true,"href":"https:\/\/construcaocivil.siriusmarketingedesign.com.br\/index.php?rest_route=\/wp\/v2\/media\/23180"}],"wp:attachment":[{"href":"https:\/\/construcaocivil.siriusmarketingedesign.com.br\/index.php?rest_route=%2Fwp%2Fv2%2Fmedia&parent=23178"}],"wp:term":[{"taxonomy":"category","embeddable":true,"href":"https:\/\/construcaocivil.siriusmarketingedesign.com.br\/index.php?rest_route=%2Fwp%2Fv2%2Fcategories&post=23178"},{"taxonomy":"post_tag","embeddable":true,"href":"https:\/\/construcaocivil.siriusmarketingedesign.com.br\/index.php?rest_route=%2Fwp%2Fv2%2Ftags&post=23178"}],"curies":[{"name":"wp","href":"https:\/\/api.w.org\/{rel}","templated":true}]}}