{"id":23188,"date":"2024-01-30T19:02:25","date_gmt":"2024-01-30T22:02:25","guid":{"rendered":"https:\/\/www.jornaldaconstrucaocivil.com.br\/?p=23188"},"modified":"2024-01-30T19:02:25","modified_gmt":"2024-01-30T22:02:25","slug":"enel-deixa-milhares-sem-luz-abrasel-leste-fluminense-rj-entra-com-acao-coletiva-contra-a-enel-na-regiao-metropolitana-e-dos-lagos","status":"publish","type":"post","link":"https:\/\/construcaocivil.siriusmarketingedesign.com.br\/?p=23188","title":{"rendered":"ENEL deixa milhares sem luz:  Abrasel Leste Fluminense RJ entra com a\u00e7\u00e3o coletiva contra a Enel na Regi\u00e3o Metropolitana e dos Lagos"},"content":{"rendered":"<p style=\"text-align: justify;\"><span style=\"color: #0000ff;\">Janeiro<\/span>, <span style=\"color: #0000ff;\">2024<\/span> &#8211; A Associa\u00e7\u00e3o Brasileira de Bares e Restaurantes (Abrasel) Leste Fluminense RJ, que representa os comerciantes desse segmento na Regi\u00e3o Metropolitana e Regi\u00e3o dos Lagos, entrou com uma a\u00e7\u00e3o coletiva de indeniza\u00e7\u00e3o contra a Enel. A a\u00e7\u00e3o acontece pelas falhas no fornecimento de energia ao longo dos \u00faltimos meses.<\/p>\n<p>De acordo com o corpo jur\u00eddico da associa\u00e7\u00e3o s\u00e3o imensur\u00e1veis os preju\u00edzos causados a diversos associados pela aus\u00eancia de energia por prazo que ultrapassou o razo\u00e1vel.<\/p>\n<figure id=\"attachment_23190\" aria-describedby=\"caption-attachment-23190\" style=\"width: 300px\" class=\"wp-caption alignleft\"><img loading=\"lazy\" decoding=\"async\" class=\"size-medium wp-image-23190\" src=\"https:\/\/www.jornaldaconstrucaocivil.com.br\/wp-content\/uploads\/2024\/01\/Sandro-Pietrobelli-Divulgacao-C-Comunicacao-300x225.jpeg\" alt=\"\" width=\"300\" height=\"225\" srcset=\"https:\/\/construcaocivil.siriusmarketingedesign.com.br\/wp-content\/uploads\/2024\/01\/Sandro-Pietrobelli-Divulgacao-C-Comunicacao-300x225.jpeg 300w, https:\/\/construcaocivil.siriusmarketingedesign.com.br\/wp-content\/uploads\/2024\/01\/Sandro-Pietrobelli-Divulgacao-C-Comunicacao-1024x768.jpeg 1024w, https:\/\/construcaocivil.siriusmarketingedesign.com.br\/wp-content\/uploads\/2024\/01\/Sandro-Pietrobelli-Divulgacao-C-Comunicacao-768x576.jpeg 768w, https:\/\/construcaocivil.siriusmarketingedesign.com.br\/wp-content\/uploads\/2024\/01\/Sandro-Pietrobelli-Divulgacao-C-Comunicacao-200x150.jpeg 200w, https:\/\/construcaocivil.siriusmarketingedesign.com.br\/wp-content\/uploads\/2024\/01\/Sandro-Pietrobelli-Divulgacao-C-Comunicacao.jpeg 1280w\" sizes=\"auto, (max-width: 300px) 100vw, 300px\" \/><figcaption id=\"caption-attachment-23190\" class=\"wp-caption-text\">Sandro Pietrobelli &#8211; Divulga\u00e7\u00e3o C Comunica\u00e7\u00e3o<\/figcaption><\/figure>\n<p style=\"text-align: justify;\">&#8220;Estamos diante de uma situa\u00e7\u00e3o inaceit\u00e1vel, onde os empres\u00e1rios do ramo de bares e restaurantes enfrentam preju\u00edzos significativos devido \u00e0 constante falta de energia. Nossa a\u00e7\u00e3o coletiva busca justi\u00e7a para os associados, exigindo repara\u00e7\u00e3o n\u00e3o apenas pelos danos materiais, mas tamb\u00e9m pela ang\u00fastia causada pela demora no restabelecimento do servi\u00e7o. Juntos, lutaremos por um ambiente prop\u00edcio aos neg\u00f3cios e pela responsabilidade das empresas prestadoras de servi\u00e7os essenciais na nossa regi\u00e3o&#8221;, comentou Sandro Pietrobelli, presidente Abrasel Leste Fluminense RJ.<\/p>\n<p>A a\u00e7\u00e3o coletiva corre na 5\u00aa Vara C\u00edvel da Comarca de Niter\u00f3i e pretende reaver os danos materiais como perda de insumos, conserto de m\u00e1quinas e afins e, tamb\u00e9m, indeniza\u00e7\u00e3o de cunho moral pela m\u00e1 presta\u00e7\u00e3o do servi\u00e7o e demora no restabelecimento da energia.<\/p>\n<div class=\"yj6qo\" style=\"text-align: justify;\"><\/div>\n<div class=\"adL\" style=\"text-align: justify;\"><\/div>\n","protected":false},"excerpt":{"rendered":"<p>Janeiro, 2024 &#8211; A Associa\u00e7\u00e3o Brasileira de Bares e Restaurantes (Abrasel) Leste Fluminense RJ, que representa os comerciantes desse segmento na Regi\u00e3o Metropolitana e Regi\u00e3o dos Lagos, entrou com uma a\u00e7\u00e3o coletiva de indeniza\u00e7\u00e3o contra a Enel. A a\u00e7\u00e3o acontece pelas falhas no fornecimento de energia ao longo dos \u00faltimos meses. De acordo com o [&hellip;]<\/p>\n","protected":false},"author":1,"featured_media":23189,"comment_status":"open","ping_status":"open","sticky":false,"template":"","format":"standard","meta":{"_uag_custom_page_level_css":"","footnotes":""},"categories":[29],"tags":[26193,26194,26195,4293,8127,10095,10107,14721],"class_list":["post-23188","post","type-post","status-publish","format-standard","has-post-thumbnail","hentry","category-energia","tag-abrasel","tag-bares-e-restaurantes","tag-enel-sem-luz","tag-energia-eletrica","tag-niteroi","tag-regiao-dos-lagos","tag-regiao-metropolitana-rj","tag-sao-goncalo"],"blocksy_meta":[],"spectra_blocks_featured_image_url":{"thumbnail":{"url":"https:\/\/construcaocivil.siriusmarketingedesign.com.br\/wp-content\/uploads\/2024\/01\/Divulgacao-C-Comunicacao-150x150.jpg","width":150,"height":150},"medium":{"url":"https:\/\/construcaocivil.siriusmarketingedesign.com.br\/wp-content\/uploads\/2024\/01\/Divulgacao-C-Comunicacao-300x225.jpg","width":300,"height":225},"medium_large":{"url":"https:\/\/construcaocivil.siriusmarketingedesign.com.br\/wp-content\/uploads\/2024\/01\/Divulgacao-C-Comunicacao-768x576.jpg","width":768,"height":576},"large":{"url":"https:\/\/construcaocivil.siriusmarketingedesign.com.br\/wp-content\/uploads\/2024\/01\/Divulgacao-C-Comunicacao.jpg","width":1024,"height":768},"full":{"url":"https:\/\/construcaocivil.siriusmarketingedesign.com.br\/wp-content\/uploads\/2024\/01\/Divulgacao-C-Comunicacao.jpg","width":1024,"height":768}},"spectra_blocks_author_info":{"display_name":"Jornal da Constru\u00e7\u00e3o Civil","avatar_url":"https:\/\/secure.gravatar.com\/avatar\/973c9774fd44ddaceb026973c4962faa70fc512bc4c9da68e8ebb40fecee6540?s=96&d=mm&r=g","author_link":"https:\/\/construcaocivil.siriusmarketingedesign.com.br\/?author=1","description":"Desde de 2013, levando muitas informa\u00e7\u00f5es, lan\u00e7amentos e produtos de qualidade para toda cadeia produtiva da constru\u00e7\u00e3o. O Futuro da constru\u00e7\u00e3o passa por aqui,"},"uagb_featured_image_src":{"full":["https:\/\/construcaocivil.siriusmarketingedesign.com.br\/wp-content\/uploads\/2024\/01\/Divulgacao-C-Comunicacao.jpg",1024,768,false],"thumbnail":["https:\/\/construcaocivil.siriusmarketingedesign.com.br\/wp-content\/uploads\/2024\/01\/Divulgacao-C-Comunicacao-150x150.jpg",150,150,true],"medium":["https:\/\/construcaocivil.siriusmarketingedesign.com.br\/wp-content\/uploads\/2024\/01\/Divulgacao-C-Comunicacao-300x225.jpg",300,225,true],"medium_large":["https:\/\/construcaocivil.siriusmarketingedesign.com.br\/wp-content\/uploads\/2024\/01\/Divulgacao-C-Comunicacao-768x576.jpg",768,576,true],"large":["https:\/\/construcaocivil.siriusmarketingedesign.com.br\/wp-content\/uploads\/2024\/01\/Divulgacao-C-Comunicacao.jpg",1024,768,false],"1536x1536":["https:\/\/construcaocivil.siriusmarketingedesign.com.br\/wp-content\/uploads\/2024\/01\/Divulgacao-C-Comunicacao.jpg",1024,768,false],"2048x2048":["https:\/\/construcaocivil.siriusmarketingedesign.com.br\/wp-content\/uploads\/2024\/01\/Divulgacao-C-Comunicacao.jpg",1024,768,false]},"uagb_author_info":{"display_name":"Jornal da Constru\u00e7\u00e3o Civil","author_link":"https:\/\/construcaocivil.siriusmarketingedesign.com.br\/?author=1"},"uagb_comment_info":0,"uagb_excerpt":"Janeiro, 2024 &#8211; A Associa\u00e7\u00e3o Brasileira de Bares e Restaurantes (Abrasel) Leste Fluminense RJ, que representa os comerciantes desse segmento na Regi\u00e3o Metropolitana e Regi\u00e3o dos Lagos, entrou com uma a\u00e7\u00e3o coletiva de indeniza\u00e7\u00e3o contra a Enel. A a\u00e7\u00e3o acontece pelas falhas no fornecimento de energia ao longo dos \u00faltimos meses. De acordo com o&hellip;","_links":{"self":[{"href":"https:\/\/construcaocivil.siriusmarketingedesign.com.br\/index.php?rest_route=\/wp\/v2\/posts\/23188","targetHints":{"allow":["GET"]}}],"collection":[{"href":"https:\/\/construcaocivil.siriusmarketingedesign.com.br\/index.php?rest_route=\/wp\/v2\/posts"}],"about":[{"href":"https:\/\/construcaocivil.siriusmarketingedesign.com.br\/index.php?rest_route=\/wp\/v2\/types\/post"}],"author":[{"embeddable":true,"href":"https:\/\/construcaocivil.siriusmarketingedesign.com.br\/index.php?rest_route=\/wp\/v2\/users\/1"}],"replies":[{"embeddable":true,"href":"https:\/\/construcaocivil.siriusmarketingedesign.com.br\/index.php?rest_route=%2Fwp%2Fv2%2Fcomments&post=23188"}],"version-history":[{"count":0,"href":"https:\/\/construcaocivil.siriusmarketingedesign.com.br\/index.php?rest_route=\/wp\/v2\/posts\/23188\/revisions"}],"wp:featuredmedia":[{"embeddable":true,"href":"https:\/\/construcaocivil.siriusmarketingedesign.com.br\/index.php?rest_route=\/wp\/v2\/media\/23189"}],"wp:attachment":[{"href":"https:\/\/construcaocivil.siriusmarketingedesign.com.br\/index.php?rest_route=%2Fwp%2Fv2%2Fmedia&parent=23188"}],"wp:term":[{"taxonomy":"category","embeddable":true,"href":"https:\/\/construcaocivil.siriusmarketingedesign.com.br\/index.php?rest_route=%2Fwp%2Fv2%2Fcategories&post=23188"},{"taxonomy":"post_tag","embeddable":true,"href":"https:\/\/construcaocivil.siriusmarketingedesign.com.br\/index.php?rest_route=%2Fwp%2Fv2%2Ftags&post=23188"}],"curies":[{"name":"wp","href":"https:\/\/api.w.org\/{rel}","templated":true}]}}