{"id":23215,"date":"2024-02-02T00:49:14","date_gmt":"2024-02-02T03:49:14","guid":{"rendered":"https:\/\/www.jornaldaconstrucaocivil.com.br\/?p=23215"},"modified":"2024-02-02T00:49:14","modified_gmt":"2024-02-02T03:49:14","slug":"juristas-refletem-sobre-prazos-processuais-preclusivos-de-contratos-fidic-em-evento-do-instituto-brasileiro-de-direito-da-construcao","status":"publish","type":"post","link":"https:\/\/construcaocivil.siriusmarketingedesign.com.br\/?p=23215","title":{"rendered":"Juristas refletem sobre prazos processuais preclusivos de contratos FIDIC em evento do Instituto Brasileiro de Direito da Constru\u00e7\u00e3o"},"content":{"rendered":"<p style=\"text-align: justify;\"><span style=\"color: #993300;\"><strong><i>Convidados debateram sobre a cl\u00e1usula de resolu\u00e7\u00e3o de disputas nos contratos de constru\u00e7\u00e3o<\/i><\/strong><\/span><\/p>\n<div>\n<p style=\"text-align: justify;\">Nesta \u00faltima quarta-feira (31), o primeiro &#8216;Caf\u00e9 da Manh\u00e3&#8217; promovido em 2024 pelo Instituto Brasileiro de Direito da Constru\u00e7\u00e3o (IBDiC), trouxe um debate sobre os procedimentos e prazos processuais preclusivos de pleitos de projetos de constru\u00e7\u00e3o.<\/p>\n<p style=\"text-align: justify;\">Durante o encontro, os palestrantes discorreram sobre as obje\u00e7\u00f5es contratuais e diverg\u00eancias interpretativas dos contratos FIDIC, considerados como padr\u00e3o internacional para a ind\u00fastria da consultoria em Engenharia, que tem como\u00a0 princ\u00edpio b\u00e1sico, o uso das Condi\u00e7\u00f5es Gerais do contrato. As cl\u00e1usulas do documento foram baseadas em milhares de projetos bem-sucedidos ao redor do mundo.<\/p>\n<p style=\"text-align: justify;\">A discuss\u00e3o girou em torno das condi\u00e7\u00f5es impostas pela cl\u00e1usula 20.1, que estipula o prazo de 28 dias para que o empreiteiro fa\u00e7a uma reivindica\u00e7\u00e3o \u00e0 contraparte que diga respeito a um pedido de extens\u00e3o de tempo ou pagamentos adicionais decorrentes de determinada obra.<\/p>\n<p style=\"text-align: justify;\">Na avalia\u00e7\u00e3o da jurista Mariana Miraglia, s\u00f3cia da banca Aroeira Salles Advogados e especialista na gest\u00e3o jur\u00eddica de projetos, a cl\u00e1usula \u00e9 muito espec\u00edfica ao definir que a aus\u00eancia de cumprimento do prazo, resulta no enfraquecimento do Direito. Entretanto, podem existir outros prazos e condi\u00e7\u00f5es acordadas no contrato. \u201cTudo depende de uma interpreta\u00e7\u00e3o do caso\u201d, afirma.<\/p>\n<p style=\"text-align: justify;\">Ela destacou a import\u00e2ncia da negocia\u00e7\u00e3o das cl\u00e1usulas na forma\u00e7\u00e3o do contrato, a fim de evitar que haja enfraquecimento do direito em caso de descumprimento. \u201cNa hora da negocia\u00e7\u00e3o da cl\u00e1usula \u00e9 importante pensar no prazo que est\u00e1 sendo definido, a forma como ele est\u00e1 sendo definido, como se d\u00e1 a contagem desse prazo e qual a consequ\u00eancia do descumprimento\u201d.<\/p>\n<p style=\"text-align: justify;\">Para Rafael Fernandez, CEO da Profitto, empresa de gest\u00e3o de contratos, assuntos que permeiam as rela\u00e7\u00f5es jur\u00eddicas devem ser entendidos como fen\u00f4menos estritamente humanos e regidos pela honestidade. \u201cQuando a gente tem cl\u00e1usulas dentro do conceito de preclus\u00e3o temporal, como no caso dos FIDIC, que estabelecem prazos para manifesta\u00e7\u00e3o sobre determinados assuntos, nada mais estamos fazendo, partes contratantes, do que colocando uma expectativa e regras de conduta para que possamos conjuntamente atingir o sucesso previsto\u201d, refor\u00e7ou.<\/p>\n<\/div>\n","protected":false},"excerpt":{"rendered":"<p>Convidados debateram sobre a cl\u00e1usula de resolu\u00e7\u00e3o de disputas nos contratos de constru\u00e7\u00e3o Nesta \u00faltima quarta-feira (31), o primeiro &#8216;Caf\u00e9 da Manh\u00e3&#8217; promovido em 2024 pelo Instituto Brasileiro de Direito da Constru\u00e7\u00e3o (IBDiC), trouxe um debate sobre os procedimentos e prazos processuais preclusivos de pleitos de projetos de constru\u00e7\u00e3o. Durante o encontro, os palestrantes discorreram [&hellip;]<\/p>\n","protected":false},"author":1,"featured_media":23216,"comment_status":"open","ping_status":"open","sticky":false,"template":"","format":"standard","meta":{"_uag_custom_page_level_css":"","footnotes":""},"categories":[27],"tags":[26210,26208,26209,6026],"class_list":["post-23215","post","type-post","status-publish","format-standard","has-post-thumbnail","hentry","category-acontece","tag-direito-imobiliario","tag-fidic","tag-ibdic","tag-industria-da-construcao"],"blocksy_meta":[],"spectra_blocks_featured_image_url":{"thumbnail":{"url":"https:\/\/construcaocivil.siriusmarketingedesign.com.br\/wp-content\/uploads\/2024\/02\/Moradias-no-Centro-150x150.jpg","width":150,"height":150},"medium":{"url":"https:\/\/construcaocivil.siriusmarketingedesign.com.br\/wp-content\/uploads\/2024\/02\/Moradias-no-Centro-300x242.jpg","width":300,"height":242},"medium_large":{"url":"https:\/\/construcaocivil.siriusmarketingedesign.com.br\/wp-content\/uploads\/2024\/02\/Moradias-no-Centro-768x619.jpg","width":768,"height":619},"large":{"url":"https:\/\/construcaocivil.siriusmarketingedesign.com.br\/wp-content\/uploads\/2024\/02\/Moradias-no-Centro-1024x825.jpg","width":1024,"height":825},"full":{"url":"https:\/\/construcaocivil.siriusmarketingedesign.com.br\/wp-content\/uploads\/2024\/02\/Moradias-no-Centro.jpg","width":1490,"height":1200}},"spectra_blocks_author_info":{"display_name":"Jornal da Constru\u00e7\u00e3o Civil","avatar_url":"https:\/\/secure.gravatar.com\/avatar\/973c9774fd44ddaceb026973c4962faa70fc512bc4c9da68e8ebb40fecee6540?s=96&d=mm&r=g","author_link":"https:\/\/construcaocivil.siriusmarketingedesign.com.br\/?author=1","description":"Desde de 2013, levando muitas informa\u00e7\u00f5es, lan\u00e7amentos e produtos de qualidade para toda cadeia produtiva da constru\u00e7\u00e3o. O Futuro da constru\u00e7\u00e3o passa por aqui,"},"uagb_featured_image_src":{"full":["https:\/\/construcaocivil.siriusmarketingedesign.com.br\/wp-content\/uploads\/2024\/02\/Moradias-no-Centro.jpg",1490,1200,false],"thumbnail":["https:\/\/construcaocivil.siriusmarketingedesign.com.br\/wp-content\/uploads\/2024\/02\/Moradias-no-Centro-150x150.jpg",150,150,true],"medium":["https:\/\/construcaocivil.siriusmarketingedesign.com.br\/wp-content\/uploads\/2024\/02\/Moradias-no-Centro-300x242.jpg",300,242,true],"medium_large":["https:\/\/construcaocivil.siriusmarketingedesign.com.br\/wp-content\/uploads\/2024\/02\/Moradias-no-Centro-768x619.jpg",768,619,true],"large":["https:\/\/construcaocivil.siriusmarketingedesign.com.br\/wp-content\/uploads\/2024\/02\/Moradias-no-Centro-1024x825.jpg",1024,825,true],"1536x1536":["https:\/\/construcaocivil.siriusmarketingedesign.com.br\/wp-content\/uploads\/2024\/02\/Moradias-no-Centro.jpg",1490,1200,false],"2048x2048":["https:\/\/construcaocivil.siriusmarketingedesign.com.br\/wp-content\/uploads\/2024\/02\/Moradias-no-Centro.jpg",1490,1200,false]},"uagb_author_info":{"display_name":"Jornal da Constru\u00e7\u00e3o Civil","author_link":"https:\/\/construcaocivil.siriusmarketingedesign.com.br\/?author=1"},"uagb_comment_info":0,"uagb_excerpt":"Convidados debateram sobre a cl\u00e1usula de resolu\u00e7\u00e3o de disputas nos contratos de constru\u00e7\u00e3o Nesta \u00faltima quarta-feira (31), o primeiro &#8216;Caf\u00e9 da Manh\u00e3&#8217; promovido em 2024 pelo Instituto Brasileiro de Direito da Constru\u00e7\u00e3o (IBDiC), trouxe um debate sobre os procedimentos e prazos processuais preclusivos de pleitos de projetos de constru\u00e7\u00e3o. Durante o encontro, os palestrantes discorreram&hellip;","_links":{"self":[{"href":"https:\/\/construcaocivil.siriusmarketingedesign.com.br\/index.php?rest_route=\/wp\/v2\/posts\/23215","targetHints":{"allow":["GET"]}}],"collection":[{"href":"https:\/\/construcaocivil.siriusmarketingedesign.com.br\/index.php?rest_route=\/wp\/v2\/posts"}],"about":[{"href":"https:\/\/construcaocivil.siriusmarketingedesign.com.br\/index.php?rest_route=\/wp\/v2\/types\/post"}],"author":[{"embeddable":true,"href":"https:\/\/construcaocivil.siriusmarketingedesign.com.br\/index.php?rest_route=\/wp\/v2\/users\/1"}],"replies":[{"embeddable":true,"href":"https:\/\/construcaocivil.siriusmarketingedesign.com.br\/index.php?rest_route=%2Fwp%2Fv2%2Fcomments&post=23215"}],"version-history":[{"count":0,"href":"https:\/\/construcaocivil.siriusmarketingedesign.com.br\/index.php?rest_route=\/wp\/v2\/posts\/23215\/revisions"}],"wp:featuredmedia":[{"embeddable":true,"href":"https:\/\/construcaocivil.siriusmarketingedesign.com.br\/index.php?rest_route=\/wp\/v2\/media\/23216"}],"wp:attachment":[{"href":"https:\/\/construcaocivil.siriusmarketingedesign.com.br\/index.php?rest_route=%2Fwp%2Fv2%2Fmedia&parent=23215"}],"wp:term":[{"taxonomy":"category","embeddable":true,"href":"https:\/\/construcaocivil.siriusmarketingedesign.com.br\/index.php?rest_route=%2Fwp%2Fv2%2Fcategories&post=23215"},{"taxonomy":"post_tag","embeddable":true,"href":"https:\/\/construcaocivil.siriusmarketingedesign.com.br\/index.php?rest_route=%2Fwp%2Fv2%2Ftags&post=23215"}],"curies":[{"name":"wp","href":"https:\/\/api.w.org\/{rel}","templated":true}]}}