{"id":2322,"date":"2016-06-27T22:58:54","date_gmt":"2016-06-27T22:58:54","guid":{"rendered":"http:\/\/www.jornaldaconstrucaocivil.com.br\/?p=2322"},"modified":"2016-06-27T22:58:54","modified_gmt":"2016-06-27T22:58:54","slug":"setorizada-e-realizada-em-novo-pavilhao-feicon-batimat-2017-ja-conta-com-mais-de-60-de-expositores-confirmados","status":"publish","type":"post","link":"https:\/\/construcaocivil.siriusmarketingedesign.com.br\/?p=2322","title":{"rendered":"Setorizada e realizada em novo pavilh\u00e3o, Feicon Batimat 2017 j\u00e1 conta com mais de 60% de expositores confirmados"},"content":{"rendered":"<p><strong><span style=\"color: #0000ff;\">Buscando constante aperfei\u00e7oamento, a Reed Exhibitions Alcantara Machado, empresa respons\u00e1vel pela promo\u00e7\u00e3o e organiza\u00e7\u00e3o da Feicon Batimat, prepara grandes novidades para os expositores e visitantes do maior sal\u00e3o da arquitetura e constru\u00e7\u00e3o civil da Am\u00e9rica Latina. <\/span><\/strong><\/p>\n<p><span style=\"color: #000000;\">A 23\u00aa edi\u00e7\u00e3o da feira ser\u00e1 realizada em um novo pavilh\u00e3o, o S\u00e3o Paulo Expo, considerado o mais moderno parque de exposi\u00e7\u00f5es do pa\u00eds. Al\u00e9m disso, a feira ter\u00e1, pela primeira vez, uma planta totalmente setorizada por segmentos. Deste modo, tanto visitantes quanto expositores ganhar\u00e3o conforto e organiza\u00e7\u00e3o para tratarem de seus neg\u00f3cios.<\/span><\/p>\n<p><span style=\"color: #000000;\">Em meio \u00e0 instabilidade econ\u00f4mica pela qual passa o pa\u00eds, a Feicon Batimat ganha ainda mais import\u00e2ncia, por ser uma alternativa rent\u00e1vel e consolidada para novos neg\u00f3cios. Desse modo, mais de 60% das empresas que participaram da \u00faltima edi\u00e7\u00e3o da Feicon Batimat j\u00e1 renovaram seus contratos para a pr\u00f3xima edi\u00e7\u00e3o.<\/span><\/p>\n<p><span style=\"color: #000000;\">Grandes players do mercado j\u00e1 confirmaram presen\u00e7a. Entre eles constam Vonder, Lorenzetti, Stam, Fortlev, Cobrecom, Sil e Taschibra. \u201c<em>Ter grandes players j\u00e1 confirmados para a pr\u00f3xima edi\u00e7\u00e3o da Feicon Batimat corrobora a import\u00e2ncia que a feira tem para o mercado. Buscamos inovar e colaborar com atrativos para que os setores da Arquitetura e Constru\u00e7\u00e3o Civil consigam manter-se aquecidos. Sabemos que muitos neg\u00f3cios s\u00e3o fechados por conta da exposi\u00e7\u00e3o na Feicon Batimat e sempre buscamos nos aperfei\u00e7oar para que estes approachs aumentem e se transformem em grandes neg\u00f3cios\u201d<\/em>, explica Alexandre Brown, diretor da Reed Exhibitions Alcantara Machado.<\/span><\/p>\n<p><span style=\"color: #000000;\">Expositora desde a primeira edi\u00e7\u00e3o da Feicon Batimat, a Lorenzetti tem presen\u00e7a confirmada. Para Alexandre Tambasco, gerente de marketing da empresa, durante a Feicon Batimat \u201c<em>a Lorenzetti consegue, de maneira muito objetiva e estrat\u00e9gica, se relacionar com seus principais clientes, visando trocar informa\u00e7\u00f5es e conhecer um pouco mais das necessidades deles, em uma a\u00e7\u00e3o de fideliza\u00e7\u00e3o. Todos os anos apresentamos na Feicon Batimat mais de 100 novidades. Em 2017, n\u00e3o ser\u00e1 diferente\u201d. <\/em><\/span><\/p>\n<p><span style=\"color: #000000;\">Paulo Alessandro Delgado, gerente de marketing da Cobrecom Fios e Cabos El\u00e9tricos, afirma que \u201c<em>a feira \u00e9 fundamental para nosso posicionamento no mercado, pois gera sempre grande visibilidade para a empresa. Al\u00e9m disso, percebemos em cada edi\u00e7\u00e3o que participamos a presen\u00e7a maci\u00e7a dos nossos clientes e parceiros e tamb\u00e9m o evento \u00e9 um grande momento para estreitarmos o relacionamento com eles e ainda prospectar novas rela\u00e7\u00f5es comerciais<\/em>\u201d.<\/span><\/p>\n<p><span style=\"color: #000000;\">A Feicon Batimat \u00e9 capaz de alavancar oportunidades que v\u00e3o al\u00e9m da concretiza\u00e7\u00e3o de neg\u00f3cios imediatos. A presen\u00e7a de grandes e importantes marcas propicia uma integra\u00e7\u00e3o capaz de agregar insights e conhecimentos valiosos \u00e0 tomada de decis\u00f5es que movimentam as estrat\u00e9gias das empresas. Al\u00e9m disso, a feira tamb\u00e9m eleva a competitividade frente ao mercado, cada vez mais exigente.\u00a0<\/span><\/p>\n<p><span style=\"color: #000000;\">Rodrigo Molli, supervisor de marketing da Sil Fios e Cabos El\u00e9tricos, afirma que o maior impacto da participa\u00e7\u00e3o na Feicon Batimat \u00e9 indiscutivelmente o aprimoramento do relacionamento. \u201c<em>A feira re\u00fane as maiores ind\u00fastrias que atuam neste segmento e atrai um grande p\u00fablico especializado, de todo o Brasil e tamb\u00e9m do exterior. Por isso, se torna tamb\u00e9m estrat\u00e9gica para todos os envolvidos neste mercado de grande potencial, contribuindo para o fortalecimento institucional das marcas e a prospec\u00e7\u00e3o de novas oportunidades de neg\u00f3cios\u201d<\/em>, afirma. Segundo ele \u201c<em>\u00e9 uma apari\u00e7\u00e3o da qual a SIL n\u00e3o abre m\u00e3o pelo alcance, pela abrang\u00eancia e pela import\u00e2ncia que o evento tem para o gigante segmento da constru\u00e7\u00e3o<\/em>\u201d.<\/span><\/p>\n<p><span style=\"color: #000000;\">A cont\u00ednua presen\u00e7a das empresas na Feicon Batimat, ao longo das edi\u00e7\u00f5es, faz crescer o n\u00famero de a\u00e7\u00f5es para atrair os visitantes, cada vez mais qualificados. Para Elis\u00e2ngela Dur\u00e3es, gerente de marketing da Vonder, \u201c<em>a participa\u00e7\u00e3o da empresa na feira cresceu pelo menos cinco vezes, considerando principalmente a \u00e1rea de exposi\u00e7\u00e3o, mas segue tamb\u00e9m para o n\u00famero de a\u00e7\u00f5es de merchandising e de outras iniciativas de intera\u00e7\u00e3o, relacionamento, lan\u00e7amentos de produtos, demonstra\u00e7\u00f5es t\u00e9cnicas e pr\u00e1ticas e demais frentes relacionadas ao fluxo de visitantes no stand e m\u00e1ximo aproveitamento de todo o investimento em cada conta do evento<\/em>\u201d, explica. Para ela, \u201c<em>esse crescimento reflete a relev\u00e2ncia da Feicon Batimat para o mercado e toda cadeia de valor n\u00e3o s\u00f3 da constru\u00e7\u00e3o civil, mas de \u00e1reas como ind\u00fastria, servi\u00e7os e tantas que permeiam a utiliza\u00e7\u00e3o de ferramentas, m\u00e1quinas e equipamentos, revestimentos, materiais de base, novas tecnologias em infraestrutura e edifica\u00e7\u00f5es<\/em>\u201d.<\/span><\/p>\n<p><span style=\"color: #993300;\"><strong><u>Servi\u00e7o:<\/u><\/strong><strong> 23\u00aa FEICON BATIMAT<\/strong><\/span><\/p>\n<p><span style=\"color: #000000;\"><strong>Data:<\/strong> entre 04 a 08 de abril de 2017<\/span><\/p>\n<p><span style=\"color: #000000;\"><strong>Hor\u00e1rio:<\/strong> ter\u00e7a a sexta das 11h \u00e0s 20h e s\u00e1bado das 9h \u00e0s 17h<\/span><\/p>\n<p><span style=\"color: #000000;\"><strong>Local:<\/strong> S\u00e3o Paulo Expo \u2013 S\u00e3o Paulo\/SP \u2013 Brasil<\/span><\/p>\n<p><span style=\"color: #000000;\"><strong>Endere\u00e7o:<\/strong> Rod. Imigrantes Km1,5 s\/n<\/span><\/p>\n<p><span style=\"color: #000000;\"><strong>Informa\u00e7\u00f5es:<\/strong><span style=\"color: #0000ff;\"> <a style=\"color: #0000ff;\" href=\"http:\/\/www.feicon.com.br\">www.feicon.com.br<\/a><\/span><\/span><\/p>\n","protected":false},"excerpt":{"rendered":"<p>Buscando constante aperfei\u00e7oamento, a Reed Exhibitions Alcantara Machado, empresa respons\u00e1vel pela promo\u00e7\u00e3o e organiza\u00e7\u00e3o da Feicon Batimat, prepara grandes novidades para os expositores e visitantes do maior sal\u00e3o da arquitetura e constru\u00e7\u00e3o civil da Am\u00e9rica Latina. A 23\u00aa edi\u00e7\u00e3o da feira ser\u00e1 realizada em um novo pavilh\u00e3o, o S\u00e3o Paulo Expo, considerado o mais moderno [&hellip;]<\/p>\n","protected":false},"author":1,"featured_media":0,"comment_status":"open","ping_status":"open","sticky":false,"template":"","format":"standard","meta":{"_uag_custom_page_level_css":"","footnotes":""},"categories":[27],"tags":[911,2387,2826,4918,7034,7138,11086,12475],"class_list":["post-2322","post","type-post","status-publish","format-standard","hentry","category-acontece","tag-arquitetura","tag-cobrecom-fios-e-cabos-eletricos","tag-construcao-civil","tag-feicon-batimat-2017","tag-lorenzetti","tag-maior-feira-da-america-latina","tag-sil-fios-e-cabos-eletricos","tag-vonder"],"blocksy_meta":[],"spectra_blocks_featured_image_url":null,"spectra_blocks_author_info":{"display_name":"Jornal da Constru\u00e7\u00e3o Civil","avatar_url":"https:\/\/secure.gravatar.com\/avatar\/973c9774fd44ddaceb026973c4962faa70fc512bc4c9da68e8ebb40fecee6540?s=96&d=mm&r=g","author_link":"https:\/\/construcaocivil.siriusmarketingedesign.com.br\/?author=1","description":"Desde de 2013, levando muitas informa\u00e7\u00f5es, lan\u00e7amentos e produtos de qualidade para toda cadeia produtiva da constru\u00e7\u00e3o. O Futuro da constru\u00e7\u00e3o passa por aqui,"},"uagb_featured_image_src":{"full":false,"thumbnail":false,"medium":false,"medium_large":false,"large":false,"1536x1536":false,"2048x2048":false},"uagb_author_info":{"display_name":"Jornal da Constru\u00e7\u00e3o Civil","author_link":"https:\/\/construcaocivil.siriusmarketingedesign.com.br\/?author=1"},"uagb_comment_info":0,"uagb_excerpt":"Buscando constante aperfei\u00e7oamento, a Reed Exhibitions Alcantara Machado, empresa respons\u00e1vel pela promo\u00e7\u00e3o e organiza\u00e7\u00e3o da Feicon Batimat, prepara grandes novidades para os expositores e visitantes do maior sal\u00e3o da arquitetura e constru\u00e7\u00e3o civil da Am\u00e9rica Latina. A 23\u00aa edi\u00e7\u00e3o da feira ser\u00e1 realizada em um novo pavilh\u00e3o, o S\u00e3o Paulo Expo, considerado o mais moderno&hellip;","_links":{"self":[{"href":"https:\/\/construcaocivil.siriusmarketingedesign.com.br\/index.php?rest_route=\/wp\/v2\/posts\/2322","targetHints":{"allow":["GET"]}}],"collection":[{"href":"https:\/\/construcaocivil.siriusmarketingedesign.com.br\/index.php?rest_route=\/wp\/v2\/posts"}],"about":[{"href":"https:\/\/construcaocivil.siriusmarketingedesign.com.br\/index.php?rest_route=\/wp\/v2\/types\/post"}],"author":[{"embeddable":true,"href":"https:\/\/construcaocivil.siriusmarketingedesign.com.br\/index.php?rest_route=\/wp\/v2\/users\/1"}],"replies":[{"embeddable":true,"href":"https:\/\/construcaocivil.siriusmarketingedesign.com.br\/index.php?rest_route=%2Fwp%2Fv2%2Fcomments&post=2322"}],"version-history":[{"count":0,"href":"https:\/\/construcaocivil.siriusmarketingedesign.com.br\/index.php?rest_route=\/wp\/v2\/posts\/2322\/revisions"}],"wp:attachment":[{"href":"https:\/\/construcaocivil.siriusmarketingedesign.com.br\/index.php?rest_route=%2Fwp%2Fv2%2Fmedia&parent=2322"}],"wp:term":[{"taxonomy":"category","embeddable":true,"href":"https:\/\/construcaocivil.siriusmarketingedesign.com.br\/index.php?rest_route=%2Fwp%2Fv2%2Fcategories&post=2322"},{"taxonomy":"post_tag","embeddable":true,"href":"https:\/\/construcaocivil.siriusmarketingedesign.com.br\/index.php?rest_route=%2Fwp%2Fv2%2Ftags&post=2322"}],"curies":[{"name":"wp","href":"https:\/\/api.w.org\/{rel}","templated":true}]}}