{"id":23228,"date":"2024-02-06T00:32:47","date_gmt":"2024-02-06T03:32:47","guid":{"rendered":"https:\/\/www.jornaldaconstrucaocivil.com.br\/?p=23228"},"modified":"2024-02-06T00:32:47","modified_gmt":"2024-02-06T03:32:47","slug":"primeiro-dia-da-12o-edicao-da-abcasa-fair-apresenta-expectativas-e-tendencias-para-este-ano","status":"publish","type":"post","link":"https:\/\/construcaocivil.siriusmarketingedesign.com.br\/?p=23228","title":{"rendered":"Primeiro dia da 12\u00ba edi\u00e7\u00e3o da ABCasa Fair apresenta expectativas e tend\u00eancias para este ano"},"content":{"rendered":"<p style=\"text-align: justify;\">O primeiro dia da 12\u00aa edi\u00e7\u00e3o da ABCasa Fair, maior feira de neg\u00f3cios B2B de decora\u00e7\u00e3o da Am\u00e9rica Latina, foi um sucesso. A cerim\u00f4nia de abertura contou com a presen\u00e7a de representantes do mercado internacional, autoridades governamentais e do setor.<\/p>\n<p style=\"text-align: justify;\">&#8220;Para n\u00f3s, \u00e9 muito empolgante reunir mais de 400 expositores e abrir as portas para mais de 50 mil visitantes para que troquem experi\u00eancias, fa\u00e7am neg\u00f3cios e recebam conte\u00fados que agreguem aos seus neg\u00f3cios&#8221;, comenta Eduardo Cincinato, presidente da ABCasa.<\/p>\n<figure id=\"attachment_23230\" aria-describedby=\"caption-attachment-23230\" style=\"width: 300px\" class=\"wp-caption alignleft\"><img loading=\"lazy\" decoding=\"async\" class=\"size-medium wp-image-23230\" src=\"https:\/\/www.jornaldaconstrucaocivil.com.br\/wp-content\/uploads\/2024\/02\/DSC02940-300x200.jpg\" alt=\"\" width=\"300\" height=\"200\" srcset=\"https:\/\/construcaocivil.siriusmarketingedesign.com.br\/wp-content\/uploads\/2024\/02\/DSC02940-300x200.jpg 300w, https:\/\/construcaocivil.siriusmarketingedesign.com.br\/wp-content\/uploads\/2024\/02\/DSC02940-1024x683.jpg 1024w, https:\/\/construcaocivil.siriusmarketingedesign.com.br\/wp-content\/uploads\/2024\/02\/DSC02940-768x512.jpg 768w, https:\/\/construcaocivil.siriusmarketingedesign.com.br\/wp-content\/uploads\/2024\/02\/DSC02940-1536x1024.jpg 1536w, https:\/\/construcaocivil.siriusmarketingedesign.com.br\/wp-content\/uploads\/2024\/02\/DSC02940-2048x1365.jpg 2048w, https:\/\/construcaocivil.siriusmarketingedesign.com.br\/wp-content\/uploads\/2024\/02\/DSC02940-200x133.jpg 200w\" sizes=\"auto, (max-width: 300px) 100vw, 300px\" \/><figcaption id=\"caption-attachment-23230\" class=\"wp-caption-text\">Divulga\u00e7\u00e3o ABCasa<\/figcaption><\/figure>\n<p style=\"text-align: justify;\">Ap\u00f3s o corte da fita, al\u00e9m de conferirem as novidades e lan\u00e7amentos do setor, os visitantes puderam acompanhar a programa\u00e7\u00e3o especial de palestras com temas variados: artesanato como fonte de renda; expans\u00e3o do mercado de organiza\u00e7\u00e3o; arquitetura social e pr\u00e1ticas sustent\u00e1veis; especifica\u00e7\u00f5es de arquitetos e designers em 2024; comunidades com conte\u00fado com influ\u00eancia digital e v\u00eddeos para se destacar no digital.<\/p>\n<p style=\"text-align: justify;\">Um dos destaques do evento \u00e9 o espa\u00e7o Casa Clube + Vitrine ABCasa, com a curadoria de Luciana Locchi, que conta com insights e talks com conte\u00fados para ajudar os neg\u00f3cios. &#8220;Uma das tend\u00eancias que trouxemos para o espa\u00e7o Casa Clube + Vitrine ABCasa foram as cores, as paletas que ser\u00e3o usadas em 2024 e 2025\u201d, compartilha Luciana. Outra novidade muito forte s\u00e3o as cortinas: \u201cuma das inova\u00e7\u00f5es deste ano s\u00e3o os modelos com filtro do calor. O que antes era uma coisa d\u00e9mod\u00e9 veio com essa novidade e a gente explorou bastante dentro dos nossos espa\u00e7os&#8221;, afirma.<\/p>\n<p style=\"text-align: justify;\">Durante todos os dias de feira, o espa\u00e7o Casa Clube + Vitrine ABCasa estar\u00e1 com rodas de conversas com pautas importantes para os neg\u00f3cios e tend\u00eancias para a casa.<\/p>\n<p style=\"text-align: justify;\">Confira a programa\u00e7\u00e3o completa das palestras que acontecer\u00e3o na ABCasa:<\/p>\n<p style=\"text-align: justify;\">\n<p style=\"text-align: justify;\"><strong>Dia 06\/02 (ter\u00e7a-feira)<\/strong><\/p>\n<p style=\"text-align: justify;\">\n<p style=\"text-align: justify;\"><strong>ESPA\u00c7O TALKS ABCASA\u00a0<\/strong><\/p>\n<p style=\"text-align: justify;\">\n<p style=\"text-align: justify;\"><strong>11h &#8211; Design It You<\/strong><\/p>\n<p style=\"text-align: justify;\">\u201cO poder do improviso na decora\u00e7\u00e3o\u201d<\/p>\n<p style=\"text-align: justify;\">Palestrante: Paulo Biancchi<\/p>\n<p style=\"text-align: justify;\"><strong>13h &#8211; Vamos falar loja<\/strong><\/p>\n<p style=\"text-align: justify;\">Palestrante: Ermelino Esp\u00edndola<\/p>\n<p><strong>14h &#8211; Organiza\u00e7\u00e3o com afeto<\/strong><\/p>\n<p style=\"text-align: justify;\">Palestrante: Ana Alarcon e convidada Maricelma Bueno<\/p>\n<p style=\"text-align: justify;\"><strong>15h &#8211; Tend\u00eancias para 2024 para um morar\u00a0mais colorido e harm\u00f4nico<\/strong><\/p>\n<p style=\"text-align: justify;\">Palestrante: Thalita Carvalho<\/p>\n<p style=\"text-align: justify;\"><strong>16h &#8211; 7 tend\u00eancias que v\u00e3o transformar o varejo em 2024<\/strong><\/p>\n<p style=\"text-align: justify;\">Palestrantes: Gabriela Pavan<\/p>\n<p style=\"text-align: justify;\"><strong>17h &#8211; Como encantar seus clientes atrav\u00e9s das flores<\/strong><\/p>\n<p style=\"text-align: justify;\">Palestrante: Carol Scaff<\/p>\n<p><strong>18h &#8211; Descubra como inovar e atrair clientes atrav\u00e9s da mesa posta<\/strong><\/p>\n<p style=\"text-align: justify;\">Palestrante: Ana Fl\u00e1via Leite<\/p>\n<p style=\"text-align: justify;\">\n<strong>CASA CLUBE<\/strong><\/p>\n<p style=\"text-align: justify;\">\n<p style=\"text-align: justify;\"><strong>13h &#8211; O poder do encantamento e posicionamento no atendimento ao cliente<\/strong><\/p>\n<p style=\"text-align: justify;\">Palestrante: Juliana Cascaes<\/p>\n<p style=\"text-align: justify;\"><strong>15h &#8211; Rodada de Varejo<\/strong><\/p>\n<p style=\"text-align: justify;\">Lu Locchi e Pedro Carib\u00e9<\/p>\n<p style=\"text-align: justify;\">\u201cInova\u00e7\u00e3o e Tecnologia\u201d convidada&#8221; Ale Valdivia<\/p>\n<p style=\"text-align: justify;\"><strong>17h &#8211; Como a psicologia das cores eleva a jornada de experi\u00eancias do cliente no PDV\u00a0<\/strong><\/p>\n<p style=\"text-align: justify;\">Palestrante: Tanara G\u00f3is<\/p>\n<p style=\"text-align: justify;\">\n<p style=\"text-align: justify;\"><strong>PREVIEW CELEBRA SHOW<\/strong><\/p>\n<p style=\"text-align: justify;\"><strong>14h &#8211; IA como recurso para implanta\u00e7\u00e3o de boas pr\u00e1ticas de gest\u00e3o<\/strong><\/p>\n<p style=\"text-align: justify;\">Palestrante: Hubert Krause<\/p>\n<p style=\"text-align: justify;\"><strong>16h &#8211; O poder da cenografia<\/strong><\/p>\n<p style=\"text-align: justify;\">Palestrante: Victor Festas<\/p>\n<p style=\"text-align: justify;\">\n<p style=\"text-align: justify;\"><strong>CASA E JARDIM<\/strong><\/p>\n<p style=\"text-align: justify;\">\n<p style=\"text-align: justify;\"><strong>16h \u2013 Casa e Jardim<\/strong><\/p>\n<p style=\"text-align: justify;\"><strong>Autenticidade na d\u00e9cor com curadoria e ressignifica\u00e7\u00e3o de produtos<\/strong><\/p>\n<p style=\"text-align: justify;\">Palestrante: Nathalia Fabro, Paloma Danemberg e Kika Mattos<\/p>\n<p style=\"text-align: justify;\"><strong>Dia 07\/02 (quarta-feira)<\/strong><\/p>\n<p style=\"text-align: justify;\">\n<p style=\"text-align: justify;\"><strong>ESPA\u00c7O TALKS ABCASA<\/strong><\/p>\n<p style=\"text-align: justify;\">\n<p style=\"text-align: justify;\"><strong>11h &#8211; Loja que vende: como usar o design de experi\u00eancia no seu neg\u00f3cio\u00a0<\/strong><\/p>\n<p style=\"text-align: justify;\">Palestrante: Juliemy Machado<\/p>\n<p style=\"text-align: justify;\"><strong>13h \u2013 Decora\u00e7\u00e3o aut\u00eantica\u00a0<\/strong><\/p>\n<p style=\"text-align: justify;\">\u201cComo fazer e porque sua casa precisa ter cara de quem mora\u201d<\/p>\n<p style=\"text-align: justify;\">Palestrante: Danny Ricci<\/p>\n<p><strong>14h &#8211; Como criar uma parceira para alavancar seu neg\u00f3cio<\/strong><\/p>\n<p style=\"text-align: justify;\">Palestrante: Aline Delavy<\/p>\n<p style=\"text-align: justify;\"><strong>15h &#8211; Escrita art\u00edstica, lucros aut\u00eanticos a influ\u00eancia do lettering na identidade vendas no varejo<\/strong><\/p>\n<p style=\"text-align: justify;\">Palestrante: Juliana Germano e Fernanda Souza<\/p>\n<p style=\"text-align: justify;\">\n<p style=\"text-align: justify;\"><strong>CASA CLUBE<\/strong><\/p>\n<p style=\"text-align: justify;\">\n<p style=\"text-align: justify;\"><strong>13h &#8211; O cl\u00e1ssico na moda e decora\u00e7\u00e3o<\/strong><\/p>\n<p style=\"text-align: justify;\">Palestrante: Maria Cabaleiro<\/p>\n<p style=\"text-align: justify;\"><strong>15h &#8211; Rodada de Varejo<\/strong><\/p>\n<p style=\"text-align: justify;\">Palestrante: Lu Locchi e Pedro Carib\u00e9 convidada Ale Valdivia<\/p>\n<p style=\"text-align: justify;\"><strong>VM e consumo<\/strong>\u00a0convidada Valeria Casttro<\/p>\n<p style=\"text-align: justify;\">\n<p style=\"text-align: justify;\"><strong>CASA E JARDIM<\/strong><\/p>\n<p style=\"text-align: justify;\">\n<p style=\"text-align: justify;\"><strong>14h &#8211; Casa e Jardim<\/strong><\/p>\n<p style=\"text-align: justify;\">&#8220;As muitas tradu\u00e7\u00f5es de natureza no lar&#8221;<\/p>\n<p style=\"text-align: justify;\">Palestrantes: Aline Melo, Bia Abreu e Renata Gaia<\/p>\n","protected":false},"excerpt":{"rendered":"<p>O primeiro dia da 12\u00aa edi\u00e7\u00e3o da ABCasa Fair, maior feira de neg\u00f3cios B2B de decora\u00e7\u00e3o da Am\u00e9rica Latina, foi um sucesso. A cerim\u00f4nia de abertura contou com a presen\u00e7a de representantes do mercado internacional, autoridades governamentais e do setor. &#8220;Para n\u00f3s, \u00e9 muito empolgante reunir mais de 400 expositores e abrir as portas para [&hellip;]<\/p>\n","protected":false},"author":1,"featured_media":23229,"comment_status":"open","ping_status":"open","sticky":false,"template":"","format":"standard","meta":{"_uag_custom_page_level_css":"","footnotes":""},"categories":[28],"tags":[26218,26219,26220,1933,7025],"class_list":["post-23228","post","type-post","status-publish","format-standard","has-post-thumbnail","hentry","category-arquitetura","tag-abcasa-fair","tag-casa-clube","tag-casa-clube-vitrine-abcasa","tag-casa-e-decoracao","tag-lojistas-e-comerciantes"],"blocksy_meta":[],"spectra_blocks_featured_image_url":{"thumbnail":{"url":"https:\/\/construcaocivil.siriusmarketingedesign.com.br\/wp-content\/uploads\/2024\/02\/DSC03397-1--150x150.jpg","width":150,"height":150},"medium":{"url":"https:\/\/construcaocivil.siriusmarketingedesign.com.br\/wp-content\/uploads\/2024\/02\/DSC03397-1--300x200.jpg","width":300,"height":200},"medium_large":{"url":"https:\/\/construcaocivil.siriusmarketingedesign.com.br\/wp-content\/uploads\/2024\/02\/DSC03397-1--768x512.jpg","width":768,"height":512},"large":{"url":"https:\/\/construcaocivil.siriusmarketingedesign.com.br\/wp-content\/uploads\/2024\/02\/DSC03397-1--1024x683.jpg","width":1024,"height":683},"full":{"url":"https:\/\/construcaocivil.siriusmarketingedesign.com.br\/wp-content\/uploads\/2024\/02\/DSC03397-1--scaled.jpg","width":2560,"height":1707}},"spectra_blocks_author_info":{"display_name":"Jornal da Constru\u00e7\u00e3o Civil","avatar_url":"https:\/\/secure.gravatar.com\/avatar\/973c9774fd44ddaceb026973c4962faa70fc512bc4c9da68e8ebb40fecee6540?s=96&d=mm&r=g","author_link":"https:\/\/construcaocivil.siriusmarketingedesign.com.br\/?author=1","description":"Desde de 2013, levando muitas informa\u00e7\u00f5es, lan\u00e7amentos e produtos de qualidade para toda cadeia produtiva da constru\u00e7\u00e3o. O Futuro da constru\u00e7\u00e3o passa por aqui,"},"uagb_featured_image_src":{"full":["https:\/\/construcaocivil.siriusmarketingedesign.com.br\/wp-content\/uploads\/2024\/02\/DSC03397-1--scaled.jpg",2560,1707,false],"thumbnail":["https:\/\/construcaocivil.siriusmarketingedesign.com.br\/wp-content\/uploads\/2024\/02\/DSC03397-1--150x150.jpg",150,150,true],"medium":["https:\/\/construcaocivil.siriusmarketingedesign.com.br\/wp-content\/uploads\/2024\/02\/DSC03397-1--300x200.jpg",300,200,true],"medium_large":["https:\/\/construcaocivil.siriusmarketingedesign.com.br\/wp-content\/uploads\/2024\/02\/DSC03397-1--768x512.jpg",768,512,true],"large":["https:\/\/construcaocivil.siriusmarketingedesign.com.br\/wp-content\/uploads\/2024\/02\/DSC03397-1--1024x683.jpg",1024,683,true],"1536x1536":["https:\/\/construcaocivil.siriusmarketingedesign.com.br\/wp-content\/uploads\/2024\/02\/DSC03397-1--1536x1024.jpg",1536,1024,true],"2048x2048":["https:\/\/construcaocivil.siriusmarketingedesign.com.br\/wp-content\/uploads\/2024\/02\/DSC03397-1--2048x1365.jpg",2048,1365,true]},"uagb_author_info":{"display_name":"Jornal da Constru\u00e7\u00e3o Civil","author_link":"https:\/\/construcaocivil.siriusmarketingedesign.com.br\/?author=1"},"uagb_comment_info":0,"uagb_excerpt":"O primeiro dia da 12\u00aa edi\u00e7\u00e3o da ABCasa Fair, maior feira de neg\u00f3cios B2B de decora\u00e7\u00e3o da Am\u00e9rica Latina, foi um sucesso. A cerim\u00f4nia de abertura contou com a presen\u00e7a de representantes do mercado internacional, autoridades governamentais e do setor. &#8220;Para n\u00f3s, \u00e9 muito empolgante reunir mais de 400 expositores e abrir as portas para&hellip;","_links":{"self":[{"href":"https:\/\/construcaocivil.siriusmarketingedesign.com.br\/index.php?rest_route=\/wp\/v2\/posts\/23228","targetHints":{"allow":["GET"]}}],"collection":[{"href":"https:\/\/construcaocivil.siriusmarketingedesign.com.br\/index.php?rest_route=\/wp\/v2\/posts"}],"about":[{"href":"https:\/\/construcaocivil.siriusmarketingedesign.com.br\/index.php?rest_route=\/wp\/v2\/types\/post"}],"author":[{"embeddable":true,"href":"https:\/\/construcaocivil.siriusmarketingedesign.com.br\/index.php?rest_route=\/wp\/v2\/users\/1"}],"replies":[{"embeddable":true,"href":"https:\/\/construcaocivil.siriusmarketingedesign.com.br\/index.php?rest_route=%2Fwp%2Fv2%2Fcomments&post=23228"}],"version-history":[{"count":0,"href":"https:\/\/construcaocivil.siriusmarketingedesign.com.br\/index.php?rest_route=\/wp\/v2\/posts\/23228\/revisions"}],"wp:featuredmedia":[{"embeddable":true,"href":"https:\/\/construcaocivil.siriusmarketingedesign.com.br\/index.php?rest_route=\/wp\/v2\/media\/23229"}],"wp:attachment":[{"href":"https:\/\/construcaocivil.siriusmarketingedesign.com.br\/index.php?rest_route=%2Fwp%2Fv2%2Fmedia&parent=23228"}],"wp:term":[{"taxonomy":"category","embeddable":true,"href":"https:\/\/construcaocivil.siriusmarketingedesign.com.br\/index.php?rest_route=%2Fwp%2Fv2%2Fcategories&post=23228"},{"taxonomy":"post_tag","embeddable":true,"href":"https:\/\/construcaocivil.siriusmarketingedesign.com.br\/index.php?rest_route=%2Fwp%2Fv2%2Ftags&post=23228"}],"curies":[{"name":"wp","href":"https:\/\/api.w.org\/{rel}","templated":true}]}}