{"id":23232,"date":"2024-02-06T00:43:19","date_gmt":"2024-02-06T03:43:19","guid":{"rendered":"https:\/\/www.jornaldaconstrucaocivil.com.br\/?p=23232"},"modified":"2024-02-06T00:43:19","modified_gmt":"2024-02-06T03:43:19","slug":"acoes-socioeducativas-beneficiam-mais-de-13-mil-criancas-e-adolescentes-ribeirinhos-na-amazonia","status":"publish","type":"post","link":"https:\/\/construcaocivil.siriusmarketingedesign.com.br\/?p=23232","title":{"rendered":"A\u00e7\u00f5es socioeducativas beneficiam mais de 13 mil crian\u00e7as e adolescentes ribeirinhos na Amaz\u00f4nia"},"content":{"rendered":"<p style=\"text-align: justify;\">Com foco no fortalecimento da rede de prote\u00e7\u00e3o \u00e0s crian\u00e7as e adolescentes de comunidades ribeirinhas e bairros perif\u00e9ricos no interior do Amazonas, a Funda\u00e7\u00e3o Amaz\u00f4nia Sustent\u00e1vel (FAS) promoveu, em 2023, uma s\u00e9rie de a\u00e7\u00f5es socioeducativas que beneficiaram\u00a0mais de 13 mil\u00a0pessoas na regi\u00e3o. As atividades visam proteger e garantir os direitos da juventude da floresta, assim como empoderar esse p\u00fablico e desenvolver habilidades e potencialidades j\u00e1 existentes.<\/p>\n<p style=\"text-align: justify;\">Ao todo, foram 108 a\u00e7\u00f5es promovidas em 302 comunidades ribeirinhas e bairros perif\u00e9ricos do estado. O projeto inclui atividades de educa\u00e7\u00e3o, cidadania, lazer e esporte, al\u00e9m de capacita\u00e7\u00f5es, oficinas e orienta\u00e7\u00f5es de enfrentamento a desafios como o consumo de \u00e1lcool e drogas, menor acesso \u00e0 educa\u00e7\u00e3o de qualidade, gravidez na adolesc\u00eancia, viol\u00eancia dom\u00e9stica, exclus\u00e3o digital e cultural, e falta de oportunidades.<\/p>\n<p style=\"text-align: justify;\">Essas a\u00e7\u00f5es fazem parte do projeto Desenvolvimento Integral de Crian\u00e7as e Adolescentes Ribeirinhas na Amaz\u00f4nia (Dicara). Em destaque est\u00e3o as Olimp\u00edadas da Floresta, que tiveram edi\u00e7\u00f5es nos munic\u00edpios de Uarini, Fonte Boa, Novo Aripuan\u00e3 e Presidente Figueiredo. Durante o evento, os participantes competem em modalidades como corrida de 100m, corrida de saco, v\u00f4lei misto, futebol misto e cabo de guerra. A programa\u00e7\u00e3o tamb\u00e9m inclui apresenta\u00e7\u00f5es culturais, promovendo um momento de lazer e intera\u00e7\u00e3o dentro das comunidades.<\/p>\n<p style=\"text-align: justify;\">Uma jovem que teve a vida transformada pelo projeto foi Ketelen Karoline de Freitas Lopes, moradora da comunidade do Boto, no munic\u00edpio de Itapiranga, interior do Amazonas. Ela conta que, gra\u00e7as ao projeto, fez amizades e melhorou a autoestima, tornando-se mais ativa e engajada em atividades al\u00e9m da escola.<\/p>\n<p style=\"text-align: justify;\">\u201cAntes de conhecer o Dicara, eu era um m\u00f3vel, eu n\u00e3o tinha opini\u00e3o. Eu morava em Manaus com o meu pai e ele n\u00e3o tinha tempo para cuidar de mim, eu n\u00e3o tinha amigos e era solit\u00e1ria. Minha vida se resumia em ir para a escola e voltar para a casa. Ent\u00e3o pedi ao meu pai para morar com a minha m\u00e3e na comunidade do Boto. L\u00e1, eu conheci o projeto Dicara, que me permitiu fazer amigos e interagir com as pessoas. Deixei de ser um m\u00f3vel. O projeto Dicara para mim \u00e9 supera\u00e7\u00e3o\u201d, diz Ketelen.<\/p>\n<p style=\"text-align: justify;\">Outro destaque do ano foi o retorno do projeto ao munic\u00edpio de Tef\u00e9, com a\u00e7\u00f5es que v\u00e3o beneficiar 28 comunidades da regi\u00e3o. No cronograma, est\u00e3o previstas capacita\u00e7\u00f5es e oficinas em educa\u00e7\u00e3o, arte e esporte, al\u00e9m da realiza\u00e7\u00e3o de eventos como Encontros de Jovens L\u00edderes e as Olimp\u00edadas da Floresta.<\/p>\n<p style=\"text-align: justify;\">\u201cO projeto \u00e9 estruturado para estimular a autonomia e a autoestima desses jovens, que t\u00eam sonhos e necessidades como qualquer um, mas que enfrentam seus pr\u00f3prios desafios enquanto cidad\u00e3os da floresta. Por meio das nossas atividades, buscamos fortalecer a rede de prote\u00e7\u00e3o a essas crian\u00e7as e adolescentes, assim como incentiv\u00e1-los e empoder\u00e1-los para que alcancem seu potencial. Isso inclui motiv\u00e1-los por meio de a\u00e7\u00f5es de educa\u00e7\u00e3o, esporte e lazer, sempre valorizando a cultura ribeirinha. Nossas atividades acabam desenvolvendo a comunidade como um todo, \u00e0 medida que pais e lideran\u00e7as comunit\u00e1rias tamb\u00e9m s\u00e3o engajados nas a\u00e7\u00f5es do projeto\u201c, afirma Fabiana Cunha, gerente do Programa de Educa\u00e7\u00e3o para Sustentabilidade (PES) da FAS.<\/p>\n","protected":false},"excerpt":{"rendered":"<p>Com foco no fortalecimento da rede de prote\u00e7\u00e3o \u00e0s crian\u00e7as e adolescentes de comunidades ribeirinhas e bairros perif\u00e9ricos no interior do Amazonas, a Funda\u00e7\u00e3o Amaz\u00f4nia Sustent\u00e1vel (FAS) promoveu, em 2023, uma s\u00e9rie de a\u00e7\u00f5es socioeducativas que beneficiaram\u00a0mais de 13 mil\u00a0pessoas na regi\u00e3o. As atividades visam proteger e garantir os direitos da juventude da floresta, assim [&hellip;]<\/p>\n","protected":false},"author":1,"featured_media":23233,"comment_status":"open","ping_status":"open","sticky":false,"template":"","format":"standard","meta":{"_uag_custom_page_level_css":"","footnotes":""},"categories":[27],"tags":[2607,16031,15467,26221,26222,24042],"class_list":["post-23232","post","type-post","status-publish","format-standard","has-post-thumbnail","hentry","category-acontece","tag-comunidades-ribeirinhas","tag-cultura-e-cidadania","tag-fas","tag-itapiranga","tag-olimpiadas-da-floresta","tag-saude-e-lazer"],"blocksy_meta":[],"spectra_blocks_featured_image_url":{"thumbnail":{"url":"https:\/\/construcaocivil.siriusmarketingedesign.com.br\/wp-content\/uploads\/2024\/02\/Divulgacao-4-150x150.jpg","width":150,"height":150},"medium":{"url":"https:\/\/construcaocivil.siriusmarketingedesign.com.br\/wp-content\/uploads\/2024\/02\/Divulgacao-4-300x200.jpg","width":300,"height":200},"medium_large":{"url":"https:\/\/construcaocivil.siriusmarketingedesign.com.br\/wp-content\/uploads\/2024\/02\/Divulgacao-4-768x512.jpg","width":768,"height":512},"large":{"url":"https:\/\/construcaocivil.siriusmarketingedesign.com.br\/wp-content\/uploads\/2024\/02\/Divulgacao-4-1024x683.jpg","width":1024,"height":683},"full":{"url":"https:\/\/construcaocivil.siriusmarketingedesign.com.br\/wp-content\/uploads\/2024\/02\/Divulgacao-4-scaled.jpg","width":2560,"height":1707}},"spectra_blocks_author_info":{"display_name":"Jornal da Constru\u00e7\u00e3o Civil","avatar_url":"https:\/\/secure.gravatar.com\/avatar\/973c9774fd44ddaceb026973c4962faa70fc512bc4c9da68e8ebb40fecee6540?s=96&d=mm&r=g","author_link":"https:\/\/construcaocivil.siriusmarketingedesign.com.br\/?author=1","description":"Desde de 2013, levando muitas informa\u00e7\u00f5es, lan\u00e7amentos e produtos de qualidade para toda cadeia produtiva da constru\u00e7\u00e3o. O Futuro da constru\u00e7\u00e3o passa por aqui,"},"uagb_featured_image_src":{"full":["https:\/\/construcaocivil.siriusmarketingedesign.com.br\/wp-content\/uploads\/2024\/02\/Divulgacao-4-scaled.jpg",2560,1707,false],"thumbnail":["https:\/\/construcaocivil.siriusmarketingedesign.com.br\/wp-content\/uploads\/2024\/02\/Divulgacao-4-150x150.jpg",150,150,true],"medium":["https:\/\/construcaocivil.siriusmarketingedesign.com.br\/wp-content\/uploads\/2024\/02\/Divulgacao-4-300x200.jpg",300,200,true],"medium_large":["https:\/\/construcaocivil.siriusmarketingedesign.com.br\/wp-content\/uploads\/2024\/02\/Divulgacao-4-768x512.jpg",768,512,true],"large":["https:\/\/construcaocivil.siriusmarketingedesign.com.br\/wp-content\/uploads\/2024\/02\/Divulgacao-4-1024x683.jpg",1024,683,true],"1536x1536":["https:\/\/construcaocivil.siriusmarketingedesign.com.br\/wp-content\/uploads\/2024\/02\/Divulgacao-4-1536x1024.jpg",1536,1024,true],"2048x2048":["https:\/\/construcaocivil.siriusmarketingedesign.com.br\/wp-content\/uploads\/2024\/02\/Divulgacao-4-2048x1365.jpg",2048,1365,true]},"uagb_author_info":{"display_name":"Jornal da Constru\u00e7\u00e3o Civil","author_link":"https:\/\/construcaocivil.siriusmarketingedesign.com.br\/?author=1"},"uagb_comment_info":0,"uagb_excerpt":"Com foco no fortalecimento da rede de prote\u00e7\u00e3o \u00e0s crian\u00e7as e adolescentes de comunidades ribeirinhas e bairros perif\u00e9ricos no interior do Amazonas, a Funda\u00e7\u00e3o Amaz\u00f4nia Sustent\u00e1vel (FAS) promoveu, em 2023, uma s\u00e9rie de a\u00e7\u00f5es socioeducativas que beneficiaram\u00a0mais de 13 mil\u00a0pessoas na regi\u00e3o. As atividades visam proteger e garantir os direitos da juventude da floresta, assim&hellip;","_links":{"self":[{"href":"https:\/\/construcaocivil.siriusmarketingedesign.com.br\/index.php?rest_route=\/wp\/v2\/posts\/23232","targetHints":{"allow":["GET"]}}],"collection":[{"href":"https:\/\/construcaocivil.siriusmarketingedesign.com.br\/index.php?rest_route=\/wp\/v2\/posts"}],"about":[{"href":"https:\/\/construcaocivil.siriusmarketingedesign.com.br\/index.php?rest_route=\/wp\/v2\/types\/post"}],"author":[{"embeddable":true,"href":"https:\/\/construcaocivil.siriusmarketingedesign.com.br\/index.php?rest_route=\/wp\/v2\/users\/1"}],"replies":[{"embeddable":true,"href":"https:\/\/construcaocivil.siriusmarketingedesign.com.br\/index.php?rest_route=%2Fwp%2Fv2%2Fcomments&post=23232"}],"version-history":[{"count":0,"href":"https:\/\/construcaocivil.siriusmarketingedesign.com.br\/index.php?rest_route=\/wp\/v2\/posts\/23232\/revisions"}],"wp:featuredmedia":[{"embeddable":true,"href":"https:\/\/construcaocivil.siriusmarketingedesign.com.br\/index.php?rest_route=\/wp\/v2\/media\/23233"}],"wp:attachment":[{"href":"https:\/\/construcaocivil.siriusmarketingedesign.com.br\/index.php?rest_route=%2Fwp%2Fv2%2Fmedia&parent=23232"}],"wp:term":[{"taxonomy":"category","embeddable":true,"href":"https:\/\/construcaocivil.siriusmarketingedesign.com.br\/index.php?rest_route=%2Fwp%2Fv2%2Fcategories&post=23232"},{"taxonomy":"post_tag","embeddable":true,"href":"https:\/\/construcaocivil.siriusmarketingedesign.com.br\/index.php?rest_route=%2Fwp%2Fv2%2Ftags&post=23232"}],"curies":[{"name":"wp","href":"https:\/\/api.w.org\/{rel}","templated":true}]}}