{"id":23253,"date":"2024-02-11T11:17:17","date_gmt":"2024-02-11T14:17:17","guid":{"rendered":"https:\/\/www.jornaldaconstrucaocivil.com.br\/?p=23253"},"modified":"2024-02-11T11:17:17","modified_gmt":"2024-02-11T14:17:17","slug":"de-olho-no-carnaval-2024-crea-rj-notifica-engenheiros-da-escola-de-samba-que-teve-carro-alegorico-incendiado","status":"publish","type":"post","link":"https:\/\/construcaocivil.siriusmarketingedesign.com.br\/?p=23253","title":{"rendered":"DE OLHO NO CARNAVAL 2024: CREA-RJ NOTIFICA ENGENHEIROS DA ESCOLA DE SAMBA QUE TEVE CARRO ALEG\u00d3RICO INCENDIADO"},"content":{"rendered":"<p style=\"text-align: justify;\">Ap\u00f3s o princ\u00edpio de inc\u00eandio que atingiu um carro aleg\u00f3rico da escola de samba Imp\u00e9rio da Tijuca, no Samb\u00f3dromo, na noite de sexta-feira, dia 9, o CREA-RJ (Conselho Regional de Engenharia e Agronomia), com o objetivo de apurar o fato, j\u00e1 identificou e vai notificar os dois engenheiros respons\u00e1veis pelos trabalhos da escola. Esta semana o CREA instalou no Samb\u00f3dromo uma base operacional para a fiscaliza\u00e7\u00e3o do exerc\u00edcio profissional de 138 engenheiros de 54 empresas registradas para a realiza\u00e7\u00e3o do megaevento.<\/p>\n<p>Autarquia federal cuja miss\u00e3o principal \u00e9 fiscalizar o exerc\u00edcio profissional e de empresas do setor, o CREA-RJ completa em junho 90 anos de atividades. A entidade est\u00e1 atuando na fiscaliza\u00e7\u00e3o das atividades de engenheiros no Samb\u00f3dromo antes, durante e depois dos desfiles das escolas de samba do Rio, quando os engenheiros atuam na desmontagem de estruturas e equipamentos.<\/p>\n<p>\u2013 O CREA est\u00e1 atento, presente, e vai continuar acompanhando todo o carnaval 2024 com o objetivo de se verificar os respons\u00e1veis por problemas e suas consequ\u00eancias, assim como evitar que fatos como esse ocorram novamente \u2013 afirmou o presidente do CREA-RJ, engenheiro Miguel Fern\u00e1ndez.<\/p>\n<p>At\u00e9 o dia 09\/02\/2024, a equipe da Fiscaliza\u00e7\u00e3o do CREA-RJ do samb\u00f3dromo, analisou documentos fornecidos pela Riotur e pela LIESA e solicitou, por meio de of\u00edcio, a rela\u00e7\u00e3o das empresas e profissionais respons\u00e1veis pelos servi\u00e7os t\u00e9cnicos em execu\u00e7\u00e3o nos grandes camarotes em montagem. Tamb\u00e9m foram oficiados alguns dos camarotes menores que est\u00e3o localizados nos setores 4 e 6 do samb\u00f3dromo. Foi realizado tamb\u00e9m o levantamento das ARTs (Anota\u00e7\u00e3o de Registro T\u00e9cnico) no sistema corporativo do CREA-RJ para atualiza\u00e7\u00e3o da planilha onde \u00e9 acompanhada a evolu\u00e7\u00e3o das atividades cadastradas pelos profissionais.<\/p>\n<p>O princ\u00edpio de inc\u00eandio atingiu o \u00faltimo carro aleg\u00f3rico do Imp\u00e9rio da Tijuca, assustando os componentes da escola. A fuma\u00e7a come\u00e7ou quando o carro passava pelo meio da Avenida Marqu\u00eas de Sapuca\u00ed. Os bombeiros, que acompanhavam o desfile, agiram rapidamente e conseguiram conter as chamas. Os componentes tiveram que descer do carro e somente o destaque foi at\u00e9 a dispers\u00e3o. Com o enredo &#8220;Sou Lia de Itamarac\u00e1, cirandando a vida na beira do mar&#8217;, a Imp\u00e9rio da Tijuca foi a segunda escola a desfilar pela s\u00e9rie Ouro.<\/p>\n","protected":false},"excerpt":{"rendered":"<p>Ap\u00f3s o princ\u00edpio de inc\u00eandio que atingiu um carro aleg\u00f3rico da escola de samba Imp\u00e9rio da Tijuca, no Samb\u00f3dromo, na noite de sexta-feira, dia 9, o CREA-RJ (Conselho Regional de Engenharia e Agronomia), com o objetivo de apurar o fato, j\u00e1 identificou e vai notificar os dois engenheiros respons\u00e1veis pelos trabalhos da escola. Esta semana [&hellip;]<\/p>\n","protected":false},"author":1,"featured_media":23254,"comment_status":"open","ping_status":"open","sticky":false,"template":"","format":"standard","meta":{"_uag_custom_page_level_css":"","footnotes":""},"categories":[27],"tags":[26215,3143,26231,26232],"class_list":["post-23253","post","type-post","status-publish","format-standard","has-post-thumbnail","hentry","category-acontece","tag-carnaval-rio-2024","tag-crea-rj","tag-incendio-em-carro","tag-seguranca-em-carros-alegoricos"],"blocksy_meta":[],"spectra_blocks_featured_image_url":{"thumbnail":{"url":"https:\/\/construcaocivil.siriusmarketingedesign.com.br\/wp-content\/uploads\/2024\/02\/CREA-CARNAVAL-2024-150x150.jpg","width":150,"height":150},"medium":{"url":"https:\/\/construcaocivil.siriusmarketingedesign.com.br\/wp-content\/uploads\/2024\/02\/CREA-CARNAVAL-2024-300x221.jpg","width":300,"height":221},"medium_large":{"url":"https:\/\/construcaocivil.siriusmarketingedesign.com.br\/wp-content\/uploads\/2024\/02\/CREA-CARNAVAL-2024-768x565.jpg","width":768,"height":565},"large":{"url":"https:\/\/construcaocivil.siriusmarketingedesign.com.br\/wp-content\/uploads\/2024\/02\/CREA-CARNAVAL-2024-1024x753.jpg","width":1024,"height":753},"full":{"url":"https:\/\/construcaocivil.siriusmarketingedesign.com.br\/wp-content\/uploads\/2024\/02\/CREA-CARNAVAL-2024.jpg","width":1200,"height":883}},"spectra_blocks_author_info":{"display_name":"Jornal da Constru\u00e7\u00e3o Civil","avatar_url":"https:\/\/secure.gravatar.com\/avatar\/973c9774fd44ddaceb026973c4962faa70fc512bc4c9da68e8ebb40fecee6540?s=96&d=mm&r=g","author_link":"https:\/\/construcaocivil.siriusmarketingedesign.com.br\/?author=1","description":"Desde de 2013, levando muitas informa\u00e7\u00f5es, lan\u00e7amentos e produtos de qualidade para toda cadeia produtiva da constru\u00e7\u00e3o. O Futuro da constru\u00e7\u00e3o passa por aqui,"},"uagb_featured_image_src":{"full":["https:\/\/construcaocivil.siriusmarketingedesign.com.br\/wp-content\/uploads\/2024\/02\/CREA-CARNAVAL-2024.jpg",1200,883,false],"thumbnail":["https:\/\/construcaocivil.siriusmarketingedesign.com.br\/wp-content\/uploads\/2024\/02\/CREA-CARNAVAL-2024-150x150.jpg",150,150,true],"medium":["https:\/\/construcaocivil.siriusmarketingedesign.com.br\/wp-content\/uploads\/2024\/02\/CREA-CARNAVAL-2024-300x221.jpg",300,221,true],"medium_large":["https:\/\/construcaocivil.siriusmarketingedesign.com.br\/wp-content\/uploads\/2024\/02\/CREA-CARNAVAL-2024-768x565.jpg",768,565,true],"large":["https:\/\/construcaocivil.siriusmarketingedesign.com.br\/wp-content\/uploads\/2024\/02\/CREA-CARNAVAL-2024-1024x753.jpg",1024,753,true],"1536x1536":["https:\/\/construcaocivil.siriusmarketingedesign.com.br\/wp-content\/uploads\/2024\/02\/CREA-CARNAVAL-2024.jpg",1200,883,false],"2048x2048":["https:\/\/construcaocivil.siriusmarketingedesign.com.br\/wp-content\/uploads\/2024\/02\/CREA-CARNAVAL-2024.jpg",1200,883,false]},"uagb_author_info":{"display_name":"Jornal da Constru\u00e7\u00e3o Civil","author_link":"https:\/\/construcaocivil.siriusmarketingedesign.com.br\/?author=1"},"uagb_comment_info":0,"uagb_excerpt":"Ap\u00f3s o princ\u00edpio de inc\u00eandio que atingiu um carro aleg\u00f3rico da escola de samba Imp\u00e9rio da Tijuca, no Samb\u00f3dromo, na noite de sexta-feira, dia 9, o CREA-RJ (Conselho Regional de Engenharia e Agronomia), com o objetivo de apurar o fato, j\u00e1 identificou e vai notificar os dois engenheiros respons\u00e1veis pelos trabalhos da escola. Esta semana&hellip;","_links":{"self":[{"href":"https:\/\/construcaocivil.siriusmarketingedesign.com.br\/index.php?rest_route=\/wp\/v2\/posts\/23253","targetHints":{"allow":["GET"]}}],"collection":[{"href":"https:\/\/construcaocivil.siriusmarketingedesign.com.br\/index.php?rest_route=\/wp\/v2\/posts"}],"about":[{"href":"https:\/\/construcaocivil.siriusmarketingedesign.com.br\/index.php?rest_route=\/wp\/v2\/types\/post"}],"author":[{"embeddable":true,"href":"https:\/\/construcaocivil.siriusmarketingedesign.com.br\/index.php?rest_route=\/wp\/v2\/users\/1"}],"replies":[{"embeddable":true,"href":"https:\/\/construcaocivil.siriusmarketingedesign.com.br\/index.php?rest_route=%2Fwp%2Fv2%2Fcomments&post=23253"}],"version-history":[{"count":0,"href":"https:\/\/construcaocivil.siriusmarketingedesign.com.br\/index.php?rest_route=\/wp\/v2\/posts\/23253\/revisions"}],"wp:featuredmedia":[{"embeddable":true,"href":"https:\/\/construcaocivil.siriusmarketingedesign.com.br\/index.php?rest_route=\/wp\/v2\/media\/23254"}],"wp:attachment":[{"href":"https:\/\/construcaocivil.siriusmarketingedesign.com.br\/index.php?rest_route=%2Fwp%2Fv2%2Fmedia&parent=23253"}],"wp:term":[{"taxonomy":"category","embeddable":true,"href":"https:\/\/construcaocivil.siriusmarketingedesign.com.br\/index.php?rest_route=%2Fwp%2Fv2%2Fcategories&post=23253"},{"taxonomy":"post_tag","embeddable":true,"href":"https:\/\/construcaocivil.siriusmarketingedesign.com.br\/index.php?rest_route=%2Fwp%2Fv2%2Ftags&post=23253"}],"curies":[{"name":"wp","href":"https:\/\/api.w.org\/{rel}","templated":true}]}}