{"id":23260,"date":"2024-02-14T11:49:42","date_gmt":"2024-02-14T14:49:42","guid":{"rendered":"https:\/\/www.jornaldaconstrucaocivil.com.br\/?p=23260"},"modified":"2024-02-14T11:49:42","modified_gmt":"2024-02-14T14:49:42","slug":"locadora-de-maquinas-pesadas-abre-nova-sede-no-nordeste","status":"publish","type":"post","link":"https:\/\/construcaocivil.siriusmarketingedesign.com.br\/?p=23260","title":{"rendered":"Locadora de m\u00e1quinas pesadas abre nova sede no Nordeste"},"content":{"rendered":"<p style=\"text-align: justify;\"><strong><i>Empresa de loca\u00e7\u00f5es e log\u00edstica vai inaugurar nova sede em Feira de Santana (BA) e prev\u00ea faturamento superior a R$ 150 milh\u00f5es ainda este ano; empresa come\u00e7a a funcionar em abril<\/i><\/strong><\/p>\n<p style=\"text-align: justify;\"><span style=\"color: #0000ff;\">Fevereiro de 2024<\/span> A WPX Loca\u00e7\u00f5es e Log\u00edstica inaugura, em abril, a primeira sede no Nordeste, situada em Feira de Santana (BA). A novidade pretende gerar 25 postos de trabalho diretos e mais 60 indiretos na cidade, que representa uma localiza\u00e7\u00e3o estrat\u00e9gica para a expans\u00e3o da empresa.<\/p>\n<p style=\"text-align: justify;\">Segundo o CEO Alexandre Petkow, a escolha se deve \u00e0 necessidade imediata de se adequar \u00e0 localiza\u00e7\u00e3o das m\u00e1quinas da empresa &#8211; a cada dez, sete est\u00e3o na regi\u00e3o. <em><span style=\"color: #993300;\"><strong>\u201cAcreditamos que o Nordeste ser\u00e1 o motor da infraestrutura nos pr\u00f3ximos dez anos. Queremos acompanhar, de perto, o crescimento do setor. J\u00e1 nos sentimos bem recebidos\u201d,<\/strong><\/span><\/em> destaca.<\/p>\n<p style=\"text-align: justify;\">A empresa investiu mais de R$ 1 milh\u00e3o no pr\u00f3ximo passo para incrementar sua cadeia de fornecedores e expandir a marca pelo pa\u00eds. Com os investimentos previstos para este ano, a WPX pretende faturar mais de R$ 150 milh\u00f5es a partir da aquisi\u00e7\u00e3o de novas m\u00e1quinas e equipamentos &#8211; o valor \u00e9 57% maior que o faturamento do ano passado.<\/p>\n<p style=\"text-align: justify;\">\u201cEstamos otimistas com as oportunidades do mercado e chegou a hora de investirmos ainda mais para liderar esse mercado, que \u00e9 novo, mas muito promissor. Estamos apostando muito nas \u00e1reas de energia e infraestrutura rodovi\u00e1ria\u201d, declara Alexandre.<\/p>\n<p style=\"text-align: justify;\">Nos \u00faltimos tr\u00eas anos, a frota aumentou de 200 para 496 m\u00e1quinas e equipamentos, todos modernos e adaptados para atender aos setores de energia, minera\u00e7\u00e3o e constru\u00e7\u00e3o pesada. Ao longo de 2023, os segmentos de energia e de infraestrutura pesada, em especial obras rodovi\u00e1rias e ferrovi\u00e1rias, foram os mais relevantes para a WPX.<\/p>\n<p style=\"text-align: justify;\">Mais informa\u00e7\u00f5es em\u00a0<a href=\"https:\/\/www.wpxlocacao.com.br\/\" target=\"_blank\" rel=\"noopener noreferrer\">https:\/\/www.wpxlocacao.com.br<\/a>.<\/p>\n<div style=\"text-align: justify;\"><\/div>\n","protected":false},"excerpt":{"rendered":"<p>Empresa de loca\u00e7\u00f5es e log\u00edstica vai inaugurar nova sede em Feira de Santana (BA) e prev\u00ea faturamento superior a R$ 150 milh\u00f5es ainda este ano; empresa come\u00e7a a funcionar em abril Fevereiro de 2024 A WPX Loca\u00e7\u00f5es e Log\u00edstica inaugura, em abril, a primeira sede no Nordeste, situada em Feira de Santana (BA). A novidade [&hellip;]<\/p>\n","protected":false},"author":1,"featured_media":23261,"comment_status":"open","ping_status":"open","sticky":false,"template":"","format":"standard","meta":{"_uag_custom_page_level_css":"","footnotes":""},"categories":[32],"tags":[24757,2897,4288,20795,26235,7232,7680,26236],"class_list":["post-23260","post","type-post","status-publish","format-standard","has-post-thumbnail","hentry","category-maquinas-e-equipamentos","tag-servicosdeengenharia","tag-construcao-pesada","tag-energia","tag-feira-de-santana-ba","tag-locadoras-de-equipamentos","tag-maquinas-pesadas","tag-mineracao","tag-wpx-locacao-de-equipamentos"],"blocksy_meta":[],"spectra_blocks_featured_image_url":{"thumbnail":{"url":"https:\/\/construcaocivil.siriusmarketingedesign.com.br\/wp-content\/uploads\/2024\/02\/53407997653-968fb3273e-o-150x150.jpg","width":150,"height":150},"medium":{"url":"https:\/\/construcaocivil.siriusmarketingedesign.com.br\/wp-content\/uploads\/2024\/02\/53407997653-968fb3273e-o-300x200.jpg","width":300,"height":200},"medium_large":{"url":"https:\/\/construcaocivil.siriusmarketingedesign.com.br\/wp-content\/uploads\/2024\/02\/53407997653-968fb3273e-o-768x512.jpg","width":768,"height":512},"large":{"url":"https:\/\/construcaocivil.siriusmarketingedesign.com.br\/wp-content\/uploads\/2024\/02\/53407997653-968fb3273e-o-1024x682.jpg","width":1024,"height":682},"full":{"url":"https:\/\/construcaocivil.siriusmarketingedesign.com.br\/wp-content\/uploads\/2024\/02\/53407997653-968fb3273e-o.jpg","width":1280,"height":853}},"spectra_blocks_author_info":{"display_name":"Jornal da Constru\u00e7\u00e3o Civil","avatar_url":"https:\/\/secure.gravatar.com\/avatar\/973c9774fd44ddaceb026973c4962faa70fc512bc4c9da68e8ebb40fecee6540?s=96&d=mm&r=g","author_link":"https:\/\/construcaocivil.siriusmarketingedesign.com.br\/?author=1","description":"Desde de 2013, levando muitas informa\u00e7\u00f5es, lan\u00e7amentos e produtos de qualidade para toda cadeia produtiva da constru\u00e7\u00e3o. O Futuro da constru\u00e7\u00e3o passa por aqui,"},"uagb_featured_image_src":{"full":["https:\/\/construcaocivil.siriusmarketingedesign.com.br\/wp-content\/uploads\/2024\/02\/53407997653-968fb3273e-o.jpg",1280,853,false],"thumbnail":["https:\/\/construcaocivil.siriusmarketingedesign.com.br\/wp-content\/uploads\/2024\/02\/53407997653-968fb3273e-o-150x150.jpg",150,150,true],"medium":["https:\/\/construcaocivil.siriusmarketingedesign.com.br\/wp-content\/uploads\/2024\/02\/53407997653-968fb3273e-o-300x200.jpg",300,200,true],"medium_large":["https:\/\/construcaocivil.siriusmarketingedesign.com.br\/wp-content\/uploads\/2024\/02\/53407997653-968fb3273e-o-768x512.jpg",768,512,true],"large":["https:\/\/construcaocivil.siriusmarketingedesign.com.br\/wp-content\/uploads\/2024\/02\/53407997653-968fb3273e-o-1024x682.jpg",1024,682,true],"1536x1536":["https:\/\/construcaocivil.siriusmarketingedesign.com.br\/wp-content\/uploads\/2024\/02\/53407997653-968fb3273e-o.jpg",1280,853,false],"2048x2048":["https:\/\/construcaocivil.siriusmarketingedesign.com.br\/wp-content\/uploads\/2024\/02\/53407997653-968fb3273e-o.jpg",1280,853,false]},"uagb_author_info":{"display_name":"Jornal da Constru\u00e7\u00e3o Civil","author_link":"https:\/\/construcaocivil.siriusmarketingedesign.com.br\/?author=1"},"uagb_comment_info":0,"uagb_excerpt":"Empresa de loca\u00e7\u00f5es e log\u00edstica vai inaugurar nova sede em Feira de Santana (BA) e prev\u00ea faturamento superior a R$ 150 milh\u00f5es ainda este ano; empresa come\u00e7a a funcionar em abril Fevereiro de 2024 A WPX Loca\u00e7\u00f5es e Log\u00edstica inaugura, em abril, a primeira sede no Nordeste, situada em Feira de Santana (BA). A novidade&hellip;","_links":{"self":[{"href":"https:\/\/construcaocivil.siriusmarketingedesign.com.br\/index.php?rest_route=\/wp\/v2\/posts\/23260","targetHints":{"allow":["GET"]}}],"collection":[{"href":"https:\/\/construcaocivil.siriusmarketingedesign.com.br\/index.php?rest_route=\/wp\/v2\/posts"}],"about":[{"href":"https:\/\/construcaocivil.siriusmarketingedesign.com.br\/index.php?rest_route=\/wp\/v2\/types\/post"}],"author":[{"embeddable":true,"href":"https:\/\/construcaocivil.siriusmarketingedesign.com.br\/index.php?rest_route=\/wp\/v2\/users\/1"}],"replies":[{"embeddable":true,"href":"https:\/\/construcaocivil.siriusmarketingedesign.com.br\/index.php?rest_route=%2Fwp%2Fv2%2Fcomments&post=23260"}],"version-history":[{"count":0,"href":"https:\/\/construcaocivil.siriusmarketingedesign.com.br\/index.php?rest_route=\/wp\/v2\/posts\/23260\/revisions"}],"wp:featuredmedia":[{"embeddable":true,"href":"https:\/\/construcaocivil.siriusmarketingedesign.com.br\/index.php?rest_route=\/wp\/v2\/media\/23261"}],"wp:attachment":[{"href":"https:\/\/construcaocivil.siriusmarketingedesign.com.br\/index.php?rest_route=%2Fwp%2Fv2%2Fmedia&parent=23260"}],"wp:term":[{"taxonomy":"category","embeddable":true,"href":"https:\/\/construcaocivil.siriusmarketingedesign.com.br\/index.php?rest_route=%2Fwp%2Fv2%2Fcategories&post=23260"},{"taxonomy":"post_tag","embeddable":true,"href":"https:\/\/construcaocivil.siriusmarketingedesign.com.br\/index.php?rest_route=%2Fwp%2Fv2%2Ftags&post=23260"}],"curies":[{"name":"wp","href":"https:\/\/api.w.org\/{rel}","templated":true}]}}