{"id":23276,"date":"2024-02-15T16:44:34","date_gmt":"2024-02-15T19:44:34","guid":{"rendered":"https:\/\/www.jornaldaconstrucaocivil.com.br\/?p=23276"},"modified":"2024-02-15T19:01:47","modified_gmt":"2024-02-15T22:01:47","slug":"aco-nacional-ou-aco-importado-tarifa-de-importacao-do-vergalhao-de-aco-retorna-a-12","status":"publish","type":"post","link":"https:\/\/construcaocivil.siriusmarketingedesign.com.br\/?p=23276","title":{"rendered":"A\u00e7o nacional ou a\u00e7o importado na obra: Tarifa de importa\u00e7\u00e3o do vergalh\u00e3o de a\u00e7o retorna a 12%"},"content":{"rendered":"<p><strong><em>Nota da ABRAINC<\/em><\/strong><\/p>\n<p style=\"text-align: justify;\"><span style=\"color: #993300;\">Fevereiro<\/span>, <span style=\"color: #993300;\">2024<\/span> &#8211; O Comit\u00ea Executivo de Gest\u00e3o da C\u00e2mara de Com\u00e9rcio Exterior (Gecex-Camex) aprovou na \u00faltima quinta-feira (08\/02) recomposi\u00e7\u00e3o da al\u00edquota de importa\u00e7\u00e3o do vergalh\u00e3o de a\u00e7o, que passou de 10,8% para 12%. Al\u00e9m de elevar os custos da habita\u00e7\u00e3o e reduzir o acesso \u00e0 moradia da popula\u00e7\u00e3o de baixa renda, a medida gera preocupa\u00e7\u00e3o tamb\u00e9m em fun\u00e7\u00e3o de um poss\u00edvel aumento futuro para 25%, que est\u00e1 sob an\u00e1lise, e que traria efeitos danosos para toda a cadeia da ind\u00fastria da constru\u00e7\u00e3o civil e imobili\u00e1ria.<\/p>\n<p style=\"text-align: justify;\">Em maio de 2022, atendendo \u00e0 solicita\u00e7\u00e3o da ABRAINC e CBIC (C\u00e2mara Brasileira da Ind\u00fastria da Constru\u00e7\u00e3o), a tarifa de importa\u00e7\u00e3o do a\u00e7o foi temporariamente reduzida para 4%, v\u00e1lida at\u00e9 dezembro de 2022. Este movimento teve grande import\u00e2ncia no setor ao conter uma eleva\u00e7\u00e3o de quase 100% no pre\u00e7o do vergalh\u00e3o ao longo dos dois anos anteriores. Os impactos dos aumentos de pre\u00e7os registrados em 2021 e 2022 foram especialmente severos para a habita\u00e7\u00e3o de baixa renda, resultando na inviabilidade de diversos projetos e reduzindo a produ\u00e7\u00e3o de moradias do programa Casa Verde e Amarela (atual MCMV) em mais de 20%.<\/p>\n<p style=\"text-align: justify;\">O aumento atual na tarifa teria como justificativa uma prote\u00e7\u00e3o ao a\u00e7o brasileiro. Entretanto, para o mercado de vergalh\u00e3o, que \u00e9 o a\u00e7o utilizado na constru\u00e7\u00e3o civil brasileira, isso n\u00e3o se faz necess\u00e1rio, pois, apenas 4% do consumo aparente de vergalh\u00e3o no Brasil tem origem importada. Al\u00e9m disso, a importa\u00e7\u00e3o de vergalh\u00e3o representa somente 3% do volume total de a\u00e7o importado no Brasil, o que n\u00e3o necessitaria de ado\u00e7\u00e3o de medidas protetivas para esse produto.<\/p>\n<p style=\"text-align: justify;\">Por outro lado, a majora\u00e7\u00e3o na al\u00edquota para 25% tem um efeito direto na forma\u00e7\u00e3o do pre\u00e7o do a\u00e7o comprado pelas construtoras brasileiras, o que acarretaria em um grande aumento de custos de produ\u00e7\u00e3o.<\/p>\n<p style=\"text-align: justify;\">Para Luiz Fran\u00e7a, presidente da ABRAINC, o setor n\u00e3o tem capacidade de absorver novos aumentos. <span style=\"color: #993300;\"><em>&#8220;A eleva\u00e7\u00e3o para 12% foi ruim, mas se tivesse sido de 25% teria sido desastrosa para o setor. A medida em vigor j\u00e1 acarretar\u00e1 em impactos no custo das moradias, prejudicando principalmente o acesso \u00e0 habita\u00e7\u00e3o para a popula\u00e7\u00e3o de menor renda, que possui menor capacidade para absorver parcelas mais elevadas. Al\u00e9m disso, a decis\u00e3o pode desestimular n\u00e3o apenas a constru\u00e7\u00e3o de habita\u00e7\u00e3o popular, mas tamb\u00e9m a cria\u00e7\u00e3o de novos empregos&#8221;,<\/em><\/span> afirma o executivo.<\/p>\n","protected":false},"excerpt":{"rendered":"<p>Nota da ABRAINC Fevereiro, 2024 &#8211; O Comit\u00ea Executivo de Gest\u00e3o da C\u00e2mara de Com\u00e9rcio Exterior (Gecex-Camex) aprovou na \u00faltima quinta-feira (08\/02) recomposi\u00e7\u00e3o da al\u00edquota de importa\u00e7\u00e3o do vergalh\u00e3o de a\u00e7o, que passou de 10,8% para 12%. Al\u00e9m de elevar os custos da habita\u00e7\u00e3o e reduzir o acesso \u00e0 moradia da popula\u00e7\u00e3o de baixa renda, [&hellip;]<\/p>\n","protected":false},"author":1,"featured_media":23277,"comment_status":"open","ping_status":"open","sticky":false,"template":"","format":"standard","meta":{"_uag_custom_page_level_css":"","footnotes":""},"categories":[33],"tags":[19531,21111,26243,26244,26245,26226],"class_list":["post-23276","post","type-post","status-publish","format-standard","has-post-thumbnail","hentry","category-mercado","tag-abrainc","tag-aco-importado","tag-aco-nacional","tag-construtoras-preco-do-vergalhao","tag-taxacao-do-aco-importado","tag-vergalhao-de-aco"],"blocksy_meta":[],"spectra_blocks_featured_image_url":{"thumbnail":{"url":"https:\/\/construcaocivil.siriusmarketingedesign.com.br\/wp-content\/uploads\/2024\/02\/AA-Aco-150x150.jpg","width":150,"height":150},"medium":{"url":"https:\/\/construcaocivil.siriusmarketingedesign.com.br\/wp-content\/uploads\/2024\/02\/AA-Aco-300x204.jpg","width":300,"height":204},"medium_large":{"url":"https:\/\/construcaocivil.siriusmarketingedesign.com.br\/wp-content\/uploads\/2024\/02\/AA-Aco.jpg","width":758,"height":516},"large":{"url":"https:\/\/construcaocivil.siriusmarketingedesign.com.br\/wp-content\/uploads\/2024\/02\/AA-Aco.jpg","width":758,"height":516},"full":{"url":"https:\/\/construcaocivil.siriusmarketingedesign.com.br\/wp-content\/uploads\/2024\/02\/AA-Aco.jpg","width":758,"height":516}},"spectra_blocks_author_info":{"display_name":"Jornal da Constru\u00e7\u00e3o Civil","avatar_url":"https:\/\/secure.gravatar.com\/avatar\/973c9774fd44ddaceb026973c4962faa70fc512bc4c9da68e8ebb40fecee6540?s=96&d=mm&r=g","author_link":"https:\/\/construcaocivil.siriusmarketingedesign.com.br\/?author=1","description":"Desde de 2013, levando muitas informa\u00e7\u00f5es, lan\u00e7amentos e produtos de qualidade para toda cadeia produtiva da constru\u00e7\u00e3o. O Futuro da constru\u00e7\u00e3o passa por aqui,"},"uagb_featured_image_src":{"full":["https:\/\/construcaocivil.siriusmarketingedesign.com.br\/wp-content\/uploads\/2024\/02\/AA-Aco.jpg",758,516,false],"thumbnail":["https:\/\/construcaocivil.siriusmarketingedesign.com.br\/wp-content\/uploads\/2024\/02\/AA-Aco-150x150.jpg",150,150,true],"medium":["https:\/\/construcaocivil.siriusmarketingedesign.com.br\/wp-content\/uploads\/2024\/02\/AA-Aco-300x204.jpg",300,204,true],"medium_large":["https:\/\/construcaocivil.siriusmarketingedesign.com.br\/wp-content\/uploads\/2024\/02\/AA-Aco.jpg",758,516,false],"large":["https:\/\/construcaocivil.siriusmarketingedesign.com.br\/wp-content\/uploads\/2024\/02\/AA-Aco.jpg",758,516,false],"1536x1536":["https:\/\/construcaocivil.siriusmarketingedesign.com.br\/wp-content\/uploads\/2024\/02\/AA-Aco.jpg",758,516,false],"2048x2048":["https:\/\/construcaocivil.siriusmarketingedesign.com.br\/wp-content\/uploads\/2024\/02\/AA-Aco.jpg",758,516,false]},"uagb_author_info":{"display_name":"Jornal da Constru\u00e7\u00e3o Civil","author_link":"https:\/\/construcaocivil.siriusmarketingedesign.com.br\/?author=1"},"uagb_comment_info":0,"uagb_excerpt":"Nota da ABRAINC Fevereiro, 2024 &#8211; O Comit\u00ea Executivo de Gest\u00e3o da C\u00e2mara de Com\u00e9rcio Exterior (Gecex-Camex) aprovou na \u00faltima quinta-feira (08\/02) recomposi\u00e7\u00e3o da al\u00edquota de importa\u00e7\u00e3o do vergalh\u00e3o de a\u00e7o, que passou de 10,8% para 12%. Al\u00e9m de elevar os custos da habita\u00e7\u00e3o e reduzir o acesso \u00e0 moradia da popula\u00e7\u00e3o de baixa renda,&hellip;","_links":{"self":[{"href":"https:\/\/construcaocivil.siriusmarketingedesign.com.br\/index.php?rest_route=\/wp\/v2\/posts\/23276","targetHints":{"allow":["GET"]}}],"collection":[{"href":"https:\/\/construcaocivil.siriusmarketingedesign.com.br\/index.php?rest_route=\/wp\/v2\/posts"}],"about":[{"href":"https:\/\/construcaocivil.siriusmarketingedesign.com.br\/index.php?rest_route=\/wp\/v2\/types\/post"}],"author":[{"embeddable":true,"href":"https:\/\/construcaocivil.siriusmarketingedesign.com.br\/index.php?rest_route=\/wp\/v2\/users\/1"}],"replies":[{"embeddable":true,"href":"https:\/\/construcaocivil.siriusmarketingedesign.com.br\/index.php?rest_route=%2Fwp%2Fv2%2Fcomments&post=23276"}],"version-history":[{"count":0,"href":"https:\/\/construcaocivil.siriusmarketingedesign.com.br\/index.php?rest_route=\/wp\/v2\/posts\/23276\/revisions"}],"wp:featuredmedia":[{"embeddable":true,"href":"https:\/\/construcaocivil.siriusmarketingedesign.com.br\/index.php?rest_route=\/wp\/v2\/media\/23277"}],"wp:attachment":[{"href":"https:\/\/construcaocivil.siriusmarketingedesign.com.br\/index.php?rest_route=%2Fwp%2Fv2%2Fmedia&parent=23276"}],"wp:term":[{"taxonomy":"category","embeddable":true,"href":"https:\/\/construcaocivil.siriusmarketingedesign.com.br\/index.php?rest_route=%2Fwp%2Fv2%2Fcategories&post=23276"},{"taxonomy":"post_tag","embeddable":true,"href":"https:\/\/construcaocivil.siriusmarketingedesign.com.br\/index.php?rest_route=%2Fwp%2Fv2%2Ftags&post=23276"}],"curies":[{"name":"wp","href":"https:\/\/api.w.org\/{rel}","templated":true}]}}