{"id":2332,"date":"2016-06-27T23:34:39","date_gmt":"2016-06-27T23:34:39","guid":{"rendered":"http:\/\/www.jornaldaconstrucaocivil.com.br\/?p=2332"},"modified":"2016-06-27T23:34:39","modified_gmt":"2016-06-27T23:34:39","slug":"ipea-divulgou-nesta-segunda-feira-novos-indicadores-de-atividade-economica","status":"publish","type":"post","link":"https:\/\/construcaocivil.siriusmarketingedesign.com.br\/?p=2332","title":{"rendered":"Ipea divulgou nesta segunda-feira novos indicadores de atividade econ\u00f4mica"},"content":{"rendered":"<p><strong><span style=\"color: #000000;\">Queda da atividade persiste, mas crise na economia come\u00e7a a perder f\u00f4lego<\/span><\/strong><\/p>\n<p><span style=\"color: #000000;\"><span style=\"color: #993300;\">Rio, 27 de Junho &#8211;<\/span> O desempenho recente de alguns indicadores de atividade econ\u00f4mica sugere que a crise passou a perder f\u00f4lego. Os primeiros sinais deste poss\u00edvel in\u00edcio de recupera\u00e7\u00e3o c\u00edclica t\u00eam se concentrado na ind\u00fastria. O ajuste proveniente do setor externo come\u00e7a a gerar efeitos positivos, notadamente nos setores industriais mais voltados para o com\u00e9rcio exterior, como, por exemplo, t\u00eaxteis, cal\u00e7ados e madeira. Al\u00e9m do aumento na competitividade, nota-se tamb\u00e9m que a desvaloriza\u00e7\u00e3o da moeda pode estar estimulando alguma substitui\u00e7\u00e3o de importa\u00e7\u00f5es, principalmente na produ\u00e7\u00e3o de bens intermedi\u00e1rios.<\/span><\/p>\n<p><span style=\"color: #000000;\">Por sua vez, a contra\u00e7\u00e3o da demanda dom\u00e9stica segue provocando um forte ajuste de estoques, o que pode representar mais uma fonte de est\u00edmulo para a recupera\u00e7\u00e3o da produ\u00e7\u00e3o. Refletindo, em parte, essa melhora no cen\u00e1rio, os n\u00edveis de confian\u00e7a dos empres\u00e1rios v\u00eam registrando altas nos \u00faltimos meses \u2013 embora se mantenham em patamares muito pr\u00f3ximos dos m\u00ednimos hist\u00f3ricos. O desempenho da produ\u00e7\u00e3o da ind\u00fastria ainda apresenta-se vol\u00e1til, mesmo com resultados positivos se tornando mais frequentes. Apesar disso, ap\u00f3s duas altas consecutivas, o indicador de produ\u00e7\u00e3o industrial do Ipea aponta uma queda de 1,6% da produ\u00e7\u00e3o industrial f\u00edsica na passagem entre abril e maio, no comparativo com ajuste sazonal, o equivalente a uma queda de 6,5% sobre o mesmo per\u00edodo de 2015.<\/span><\/p>\n<p><span style=\"color: #000000;\">Enquanto o setor industrial d\u00e1 ind\u00edcios de melhora, pelo lado da demanda espera-se uma recupera\u00e7\u00e3o mais lenta do consumo de bens e servi\u00e7os, cujo desempenho est\u00e1 fortemente associado \u00e0 din\u00e2mica do mercado de trabalho. Al\u00e9m disso, a queda continuada na demanda dom\u00e9stica gerou uma forte redu\u00e7\u00e3o no grau de utiliza\u00e7\u00e3o da capacidade na ind\u00fastria, o que poder\u00e1 retardar a recupera\u00e7\u00e3o dos investimentos.<\/span><\/p>\n<p><span style=\"color: #000000;\">Outro fator negativo para o crescimento do consumo aparente de bens de capital \u00e9 a desvaloriza\u00e7\u00e3o do real frente ao d\u00f3lar, que encarece a importa\u00e7\u00e3o de m\u00e1quinas e equipamentos. Ainda assim, de acordo com estimativas pr\u00f3prias do Ipea, o bom desempenho dos indicadores da constru\u00e7\u00e3o civil e do consumo aparente de m\u00e1quinas e equipamentos no m\u00eas de abril indica que os investimentos tiveram um bom in\u00edcio de segundo trimestre, com alta de 2,8% em abril, na compara\u00e7\u00e3o com ajuste sazonal.<\/span><\/p>\n<p>Fonte: Assessoria de Imprensa IPEA<\/p>\n","protected":false},"excerpt":{"rendered":"<p>Queda da atividade persiste, mas crise na economia come\u00e7a a perder f\u00f4lego Rio, 27 de Junho &#8211; O desempenho recente de alguns indicadores de atividade econ\u00f4mica sugere que a crise passou a perder f\u00f4lego. Os primeiros sinais deste poss\u00edvel in\u00edcio de recupera\u00e7\u00e3o c\u00edclica t\u00eam se concentrado na ind\u00fastria. O ajuste proveniente do setor externo come\u00e7a [&hellip;]<\/p>\n","protected":false},"author":1,"featured_media":0,"comment_status":"open","ping_status":"open","sticky":false,"template":"","format":"standard","meta":{"_uag_custom_page_level_css":"","footnotes":""},"categories":[27],"tags":[2826,3856,6003,6388,7210],"class_list":["post-2332","post","type-post","status-publish","format-standard","hentry","category-acontece","tag-construcao-civil","tag-economia","tag-indicadores-economicos","tag-ipea","tag-maquinas-e-equipamentos"],"blocksy_meta":[],"spectra_blocks_featured_image_url":null,"spectra_blocks_author_info":{"display_name":"Jornal da Constru\u00e7\u00e3o Civil","avatar_url":"https:\/\/secure.gravatar.com\/avatar\/973c9774fd44ddaceb026973c4962faa70fc512bc4c9da68e8ebb40fecee6540?s=96&d=mm&r=g","author_link":"https:\/\/construcaocivil.siriusmarketingedesign.com.br\/?author=1","description":"Desde de 2013, levando muitas informa\u00e7\u00f5es, lan\u00e7amentos e produtos de qualidade para toda cadeia produtiva da constru\u00e7\u00e3o. O Futuro da constru\u00e7\u00e3o passa por aqui,"},"uagb_featured_image_src":{"full":false,"thumbnail":false,"medium":false,"medium_large":false,"large":false,"1536x1536":false,"2048x2048":false},"uagb_author_info":{"display_name":"Jornal da Constru\u00e7\u00e3o Civil","author_link":"https:\/\/construcaocivil.siriusmarketingedesign.com.br\/?author=1"},"uagb_comment_info":0,"uagb_excerpt":"Queda da atividade persiste, mas crise na economia come\u00e7a a perder f\u00f4lego Rio, 27 de Junho &#8211; O desempenho recente de alguns indicadores de atividade econ\u00f4mica sugere que a crise passou a perder f\u00f4lego. Os primeiros sinais deste poss\u00edvel in\u00edcio de recupera\u00e7\u00e3o c\u00edclica t\u00eam se concentrado na ind\u00fastria. O ajuste proveniente do setor externo come\u00e7a&hellip;","_links":{"self":[{"href":"https:\/\/construcaocivil.siriusmarketingedesign.com.br\/index.php?rest_route=\/wp\/v2\/posts\/2332","targetHints":{"allow":["GET"]}}],"collection":[{"href":"https:\/\/construcaocivil.siriusmarketingedesign.com.br\/index.php?rest_route=\/wp\/v2\/posts"}],"about":[{"href":"https:\/\/construcaocivil.siriusmarketingedesign.com.br\/index.php?rest_route=\/wp\/v2\/types\/post"}],"author":[{"embeddable":true,"href":"https:\/\/construcaocivil.siriusmarketingedesign.com.br\/index.php?rest_route=\/wp\/v2\/users\/1"}],"replies":[{"embeddable":true,"href":"https:\/\/construcaocivil.siriusmarketingedesign.com.br\/index.php?rest_route=%2Fwp%2Fv2%2Fcomments&post=2332"}],"version-history":[{"count":0,"href":"https:\/\/construcaocivil.siriusmarketingedesign.com.br\/index.php?rest_route=\/wp\/v2\/posts\/2332\/revisions"}],"wp:attachment":[{"href":"https:\/\/construcaocivil.siriusmarketingedesign.com.br\/index.php?rest_route=%2Fwp%2Fv2%2Fmedia&parent=2332"}],"wp:term":[{"taxonomy":"category","embeddable":true,"href":"https:\/\/construcaocivil.siriusmarketingedesign.com.br\/index.php?rest_route=%2Fwp%2Fv2%2Fcategories&post=2332"},{"taxonomy":"post_tag","embeddable":true,"href":"https:\/\/construcaocivil.siriusmarketingedesign.com.br\/index.php?rest_route=%2Fwp%2Fv2%2Ftags&post=2332"}],"curies":[{"name":"wp","href":"https:\/\/api.w.org\/{rel}","templated":true}]}}