{"id":23352,"date":"2024-02-24T11:51:44","date_gmt":"2024-02-24T14:51:44","guid":{"rendered":"https:\/\/www.jornaldaconstrucaocivil.com.br\/?p=23352"},"modified":"2024-02-24T11:51:44","modified_gmt":"2024-02-24T14:51:44","slug":"concurso-seleciona-arquitetos-para-assinar-dois-ambientes-da-10a-morar-mais","status":"publish","type":"post","link":"https:\/\/construcaocivil.siriusmarketingedesign.com.br\/?p=23352","title":{"rendered":"Concurso seleciona arquitetos para assinar dois ambientes da 10\u00aa Morar Mais"},"content":{"rendered":"<p style=\"text-align: justify;\"><span style=\"color: #993300;\"><i>Para trazer a criatividade e originalidade para a Morar Mais, concurso selecionou os melhores projetos para dois ambientes do evento. Os vencedores n\u00e3o pagar\u00e3o custos de inscri\u00e7\u00e3o nem materiais de obras disponibilizados pelos parceiros<\/i><\/span><\/p>\n<div>\n<p style=\"text-align: justify;\">No cora\u00e7\u00e3o do setor Sul, um casar\u00e3o hist\u00f3rico est\u00e1 recebendo 40 ambientes que trar\u00e3o a criatividade e originalidade da arquitetura e do design goianos para a 10\u00aa Morar Mais Goi\u00e2nia, com data marcada para come\u00e7ar em 12 de abril. Para incentivar talentos da arquitetura, dois ambientes ser\u00e3o assinados por profissionais selecionados atrav\u00e9s de concurso.<\/p>\n<figure id=\"attachment_23356\" aria-describedby=\"caption-attachment-23356\" style=\"width: 200px\" class=\"wp-caption alignleft\"><img loading=\"lazy\" decoding=\"async\" class=\"size-medium wp-image-23356\" src=\"https:\/\/www.jornaldaconstrucaocivil.com.br\/wp-content\/uploads\/2024\/02\/Segunda-colocada-no-concurso-NEXO-Arq-arquiteta-Mariana-Fernandes-200x300.jpg\" alt=\"\" width=\"200\" height=\"300\" srcset=\"https:\/\/construcaocivil.siriusmarketingedesign.com.br\/wp-content\/uploads\/2024\/02\/Segunda-colocada-no-concurso-NEXO-Arq-arquiteta-Mariana-Fernandes-200x300.jpg 200w, https:\/\/construcaocivil.siriusmarketingedesign.com.br\/wp-content\/uploads\/2024\/02\/Segunda-colocada-no-concurso-NEXO-Arq-arquiteta-Mariana-Fernandes-684x1024.jpg 684w, https:\/\/construcaocivil.siriusmarketingedesign.com.br\/wp-content\/uploads\/2024\/02\/Segunda-colocada-no-concurso-NEXO-Arq-arquiteta-Mariana-Fernandes-768x1151.jpg 768w, https:\/\/construcaocivil.siriusmarketingedesign.com.br\/wp-content\/uploads\/2024\/02\/Segunda-colocada-no-concurso-NEXO-Arq-arquiteta-Mariana-Fernandes-1025x1536.jpg 1025w, https:\/\/construcaocivil.siriusmarketingedesign.com.br\/wp-content\/uploads\/2024\/02\/Segunda-colocada-no-concurso-NEXO-Arq-arquiteta-Mariana-Fernandes.jpg 1068w\" sizes=\"auto, (max-width: 200px) 100vw, 200px\" \/><figcaption id=\"caption-attachment-23356\" class=\"wp-caption-text\">Arquiteta Mariana Fernandes, segunda colocada no concurso NEXO Arq. Divulga\u00e7\u00e3o<\/figcaption><\/figure>\n<p style=\"text-align: justify;\">A ideia foi lan\u00e7ada pela parceira do evento Nexo Arq, que desejava buscar as melhores ideias para o ambiente Coworking. Ela lan\u00e7ou o desafio e recebeu dez projetos, que foram inscritos e avaliados por uma comiss\u00e3o t\u00e9cnica.\u201cNosso objetivo foi provocar uma manifesta\u00e7\u00e3o do potencial criativo dos profissionais e vimos o quanto ele \u00e9 grande\u201d, disse a s\u00f3cia-propriet\u00e1ria da Nexo Arq, Carolina Carita Vencio.<\/p>\n<p style=\"text-align: justify;\">Por unanimidade dos votos, a arquiteta Iasmim Jaime venceu o primeiro lugar. Mas, diante da criatividade do segundo e terceiro lugares do concurso, conquistados pelas arquitetas Mariana Fernandes e R\u00fabia Itagiba Fran\u00e7a, respectivamente, a Morar Mais decidiu premi\u00e1-las com o ambiente da varanda.<\/p>\n<p style=\"text-align: justify;\">Rosana Fernandes, diretora da Morar Mais Goi\u00e2nia destacou a import\u00e2ncia em dar oportunidade a novos nomes do mercado atrav\u00e9s da realiza\u00e7\u00e3o do concurso. \u201cOs lojistas e o p\u00fablico passam a conhecer novas propostas, criando uma cadeia de incentivos e estimulando a economia\u201d, ela explica.<\/p>\n<p style=\"text-align: justify;\">Os profissionais premiados ser\u00e3o isentados das taxas de inscri\u00e7\u00e3o no evento e, ainda, poder\u00e3o usar materiais dos parceiros do evento. Elas s\u00f3 custear\u00e3o a m\u00e3o de obra para os ambientes.<\/p>\n<figure id=\"attachment_23357\" aria-describedby=\"caption-attachment-23357\" style=\"width: 216px\" class=\"wp-caption alignright\"><img loading=\"lazy\" decoding=\"async\" class=\"size-medium wp-image-23357\" src=\"https:\/\/www.jornaldaconstrucaocivil.com.br\/wp-content\/uploads\/2024\/02\/Terceira-colocada-do-concurso-NEXO-Arq-arquiteta-Rubia-Itagiba-Franca-216x300.jpg\" alt=\"\" width=\"216\" height=\"300\" srcset=\"https:\/\/construcaocivil.siriusmarketingedesign.com.br\/wp-content\/uploads\/2024\/02\/Terceira-colocada-do-concurso-NEXO-Arq-arquiteta-Rubia-Itagiba-Franca-216x300.jpg 216w, https:\/\/construcaocivil.siriusmarketingedesign.com.br\/wp-content\/uploads\/2024\/02\/Terceira-colocada-do-concurso-NEXO-Arq-arquiteta-Rubia-Itagiba-Franca-737x1024.jpg 737w, https:\/\/construcaocivil.siriusmarketingedesign.com.br\/wp-content\/uploads\/2024\/02\/Terceira-colocada-do-concurso-NEXO-Arq-arquiteta-Rubia-Itagiba-Franca-768x1066.jpg 768w, https:\/\/construcaocivil.siriusmarketingedesign.com.br\/wp-content\/uploads\/2024\/02\/Terceira-colocada-do-concurso-NEXO-Arq-arquiteta-Rubia-Itagiba-Franca-200x278.jpg 200w, https:\/\/construcaocivil.siriusmarketingedesign.com.br\/wp-content\/uploads\/2024\/02\/Terceira-colocada-do-concurso-NEXO-Arq-arquiteta-Rubia-Itagiba-Franca.jpg 852w\" sizes=\"auto, (max-width: 216px) 100vw, 216px\" \/><figcaption id=\"caption-attachment-23357\" class=\"wp-caption-text\">Arquiteta Rubia Itagiba Fran\u00e7a, terceira colocada no concurso NEXO Arq. Divulga\u00e7\u00e3o<\/figcaption><\/figure>\n<p style=\"text-align: justify;\">A arquiteta Iasmim Jaime, primeira colocada, conta que esta ser\u00e1 sua primeira participa\u00e7\u00e3o em uma mostra de arquitetura. \u201cPara mim, esta oportunidade \u00e9 como um sonho\u201d, ela diz. Ela adianta que seu projeto trar\u00e1 elementos de biotecnologia e sustentabilidade.<\/p>\n<p style=\"text-align: justify;\">J\u00e1 para as arquitetas Mariana Fernandes e R\u00fabia Fran\u00e7a adiantam que valorizar\u00e3o a vis\u00e3o panor\u00e2mica e as cores em seu ambiente. \u201cPodemos trazer uma atmosfera de acolhimento e calor, em combina\u00e7\u00e3o com a arquitetura &#8221; sintetiza R\u00fabia.<\/p>\n<p style=\"text-align: justify;\">Tamb\u00e9m s\u00f3cia da NEXO Arq, Priscila Pires, lembra que o Coworking Nexo Arq ser\u00e1 um ambiente funcional durante a 10\u00aa Morar Mais e todos os arquitetos e parceiros do evento poder\u00e3o utiliz\u00e1-lo durante o evento. \u201cA proposta vai al\u00e9m da est\u00e9tica. Ir\u00e1 conectar profissionais das \u00e1reas de arquitetura, engenharia e design em um espa\u00e7o funcional\u201d, explica.<\/p>\n<\/div>\n","protected":false},"excerpt":{"rendered":"<p>Para trazer a criatividade e originalidade para a Morar Mais, concurso selecionou os melhores projetos para dois ambientes do evento. Os vencedores n\u00e3o pagar\u00e3o custos de inscri\u00e7\u00e3o nem materiais de obras disponibilizados pelos parceiros No cora\u00e7\u00e3o do setor Sul, um casar\u00e3o hist\u00f3rico est\u00e1 recebendo 40 ambientes que trar\u00e3o a criatividade e originalidade da arquitetura e [&hellip;]<\/p>\n","protected":false},"author":1,"featured_media":23355,"comment_status":"open","ping_status":"open","sticky":false,"template":"","format":"standard","meta":{"_uag_custom_page_level_css":"","footnotes":""},"categories":[28],"tags":[26289,5511,22249,26290],"class_list":["post-23352","post","type-post","status-publish","format-standard","has-post-thumbnail","hentry","category-arquitetura","tag-concurso-de-arquitetos","tag-goiania","tag-mostra-morar-mais","tag-nexo-arq"],"blocksy_meta":[],"spectra_blocks_featured_image_url":{"thumbnail":{"url":"https:\/\/construcaocivil.siriusmarketingedesign.com.br\/wp-content\/uploads\/2024\/02\/AA-MORAR-MAIS-150x150.jpg","width":150,"height":150},"medium":{"url":"https:\/\/construcaocivil.siriusmarketingedesign.com.br\/wp-content\/uploads\/2024\/02\/AA-MORAR-MAIS-300x236.jpg","width":300,"height":236},"medium_large":{"url":"https:\/\/construcaocivil.siriusmarketingedesign.com.br\/wp-content\/uploads\/2024\/02\/AA-MORAR-MAIS-768x603.jpg","width":768,"height":603},"large":{"url":"https:\/\/construcaocivil.siriusmarketingedesign.com.br\/wp-content\/uploads\/2024\/02\/AA-MORAR-MAIS.jpg","width":1000,"height":785},"full":{"url":"https:\/\/construcaocivil.siriusmarketingedesign.com.br\/wp-content\/uploads\/2024\/02\/AA-MORAR-MAIS.jpg","width":1000,"height":785}},"spectra_blocks_author_info":{"display_name":"Jornal da Constru\u00e7\u00e3o Civil","avatar_url":"https:\/\/secure.gravatar.com\/avatar\/973c9774fd44ddaceb026973c4962faa70fc512bc4c9da68e8ebb40fecee6540?s=96&d=mm&r=g","author_link":"https:\/\/construcaocivil.siriusmarketingedesign.com.br\/?author=1","description":"Desde de 2013, levando muitas informa\u00e7\u00f5es, lan\u00e7amentos e produtos de qualidade para toda cadeia produtiva da constru\u00e7\u00e3o. O Futuro da constru\u00e7\u00e3o passa por aqui,"},"uagb_featured_image_src":{"full":["https:\/\/construcaocivil.siriusmarketingedesign.com.br\/wp-content\/uploads\/2024\/02\/AA-MORAR-MAIS.jpg",1000,785,false],"thumbnail":["https:\/\/construcaocivil.siriusmarketingedesign.com.br\/wp-content\/uploads\/2024\/02\/AA-MORAR-MAIS-150x150.jpg",150,150,true],"medium":["https:\/\/construcaocivil.siriusmarketingedesign.com.br\/wp-content\/uploads\/2024\/02\/AA-MORAR-MAIS-300x236.jpg",300,236,true],"medium_large":["https:\/\/construcaocivil.siriusmarketingedesign.com.br\/wp-content\/uploads\/2024\/02\/AA-MORAR-MAIS-768x603.jpg",768,603,true],"large":["https:\/\/construcaocivil.siriusmarketingedesign.com.br\/wp-content\/uploads\/2024\/02\/AA-MORAR-MAIS.jpg",1000,785,false],"1536x1536":["https:\/\/construcaocivil.siriusmarketingedesign.com.br\/wp-content\/uploads\/2024\/02\/AA-MORAR-MAIS.jpg",1000,785,false],"2048x2048":["https:\/\/construcaocivil.siriusmarketingedesign.com.br\/wp-content\/uploads\/2024\/02\/AA-MORAR-MAIS.jpg",1000,785,false]},"uagb_author_info":{"display_name":"Jornal da Constru\u00e7\u00e3o Civil","author_link":"https:\/\/construcaocivil.siriusmarketingedesign.com.br\/?author=1"},"uagb_comment_info":0,"uagb_excerpt":"Para trazer a criatividade e originalidade para a Morar Mais, concurso selecionou os melhores projetos para dois ambientes do evento. Os vencedores n\u00e3o pagar\u00e3o custos de inscri\u00e7\u00e3o nem materiais de obras disponibilizados pelos parceiros No cora\u00e7\u00e3o do setor Sul, um casar\u00e3o hist\u00f3rico est\u00e1 recebendo 40 ambientes que trar\u00e3o a criatividade e originalidade da arquitetura e&hellip;","_links":{"self":[{"href":"https:\/\/construcaocivil.siriusmarketingedesign.com.br\/index.php?rest_route=\/wp\/v2\/posts\/23352","targetHints":{"allow":["GET"]}}],"collection":[{"href":"https:\/\/construcaocivil.siriusmarketingedesign.com.br\/index.php?rest_route=\/wp\/v2\/posts"}],"about":[{"href":"https:\/\/construcaocivil.siriusmarketingedesign.com.br\/index.php?rest_route=\/wp\/v2\/types\/post"}],"author":[{"embeddable":true,"href":"https:\/\/construcaocivil.siriusmarketingedesign.com.br\/index.php?rest_route=\/wp\/v2\/users\/1"}],"replies":[{"embeddable":true,"href":"https:\/\/construcaocivil.siriusmarketingedesign.com.br\/index.php?rest_route=%2Fwp%2Fv2%2Fcomments&post=23352"}],"version-history":[{"count":0,"href":"https:\/\/construcaocivil.siriusmarketingedesign.com.br\/index.php?rest_route=\/wp\/v2\/posts\/23352\/revisions"}],"wp:featuredmedia":[{"embeddable":true,"href":"https:\/\/construcaocivil.siriusmarketingedesign.com.br\/index.php?rest_route=\/wp\/v2\/media\/23355"}],"wp:attachment":[{"href":"https:\/\/construcaocivil.siriusmarketingedesign.com.br\/index.php?rest_route=%2Fwp%2Fv2%2Fmedia&parent=23352"}],"wp:term":[{"taxonomy":"category","embeddable":true,"href":"https:\/\/construcaocivil.siriusmarketingedesign.com.br\/index.php?rest_route=%2Fwp%2Fv2%2Fcategories&post=23352"},{"taxonomy":"post_tag","embeddable":true,"href":"https:\/\/construcaocivil.siriusmarketingedesign.com.br\/index.php?rest_route=%2Fwp%2Fv2%2Ftags&post=23352"}],"curies":[{"name":"wp","href":"https:\/\/api.w.org\/{rel}","templated":true}]}}