{"id":23371,"date":"2024-02-27T00:56:29","date_gmt":"2024-02-27T03:56:29","guid":{"rendered":"https:\/\/www.jornaldaconstrucaocivil.com.br\/?p=23371"},"modified":"2024-02-27T00:56:29","modified_gmt":"2024-02-27T03:56:29","slug":"alivio-para-construtoras-supremo-fixa-prazo-de-60-dias-para-conciliacao-em-acordos-de-leniencia-na-lava-jatoministro-andre-mendonca-realizou-audiencia-entre-entes-publicos-e-empresas-na-manha-desta-s","status":"publish","type":"post","link":"https:\/\/construcaocivil.siriusmarketingedesign.com.br\/?p=23371","title":{"rendered":"Al\u00edvio para construtoras: Supremo fixa prazo de 60 dias para concilia\u00e7\u00e3o em acordos de leni\u00eancia na Lava JatoMinistro Andr\u00e9 Mendon\u00e7a realizou audi\u00eancia entre entes p\u00fablicos e empresas na manh\u00e3 desta segunda-feira (26)."},"content":{"rendered":"<p class=\"noticia-resumo m-b-24\">Ministro Andr\u00e9 Mendon\u00e7a realizou audi\u00eancia entre entes p\u00fablicos e empresas na manh\u00e3 de ontem, segunda-feira (26).<\/p>\n<p>O ministro do Supremo Tribunal Federal (STF) Andr\u00e9 Mendon\u00e7a realizou na manh\u00e3 desta segunda-feira (26), na Primeira Turma da Corte, audi\u00eancia de concilia\u00e7\u00e3o no \u00e2mbito de a\u00e7\u00e3o que questiona os termos dos acordos de leni\u00eancia celebrados na Opera\u00e7\u00e3o Lava Jato. Ficou determinado que as partes, em especial os entes p\u00fablicos, ter\u00e3o 60 dias para chegar a um consenso sobre os acordos, sempre com o acompanhamento da Procuradoria-Geral da Rep\u00fablica (PGR). Tamb\u00e9m ficou estabelecido que nesse per\u00edodo ficar\u00e1 suspensa a aplicabilidade de qualquer medida em raz\u00e3o de eventual mora, das empresas, no adimplemento das obriga\u00e7\u00f5es financeiras at\u00e9 ent\u00e3o pactuadas.<\/p>\n<p>A quest\u00e3o \u00e9 objeto da Argui\u00e7\u00e3o de Descumprimento de Preceito Fundamental (ADPF) 1051, apresentada ao Supremo em mar\u00e7o de 2023 pelo Partido Socialismo e Liberdade (PSOL), o Partido Comunista do Brasil (PCdoB) e o Solidariedade. As legendas afirmam que os pactos foram celebrados antes do Acordo de Coopera\u00e7\u00e3o T\u00e9cnica (ACT), que sistematiza regras para o procedimento, e que, portanto, haveria ilicitudes na realiza\u00e7\u00e3o dos acordos.<\/p>\n<p>O ministro Andr\u00e9 Mendon\u00e7a ressaltou durante a audi\u00eancia a import\u00e2ncia dos acordos de leni\u00eancia como instrumento de combate \u00e0 corrup\u00e7\u00e3o, frisando que a concilia\u00e7\u00e3o proposta n\u00e3o servir\u00e1 para que seja feito um \u201crevisionismo hist\u00f3rico\u201d. Segundo ele, o objetivo \u00e9 assegurar que as empresas negociem com os entes p\u00fablicos com base nos princ\u00edpios da boa-f\u00e9, da m\u00fatua colabora\u00e7\u00e3o, da confidencialidade, da razoabilidade e da proporcionalidade.<\/p>\n<p>O procurador-geral da Rep\u00fablica, Paulo Gonet, concordou com a import\u00e2ncia de abertura de di\u00e1logo, assim como o presidente do Tribunal de Contas da Uni\u00e3o (TCU), ministro Bruno Dantas, que destacou a relev\u00e2ncia da institui\u00e7\u00e3o para fiscalizar o andamento dos acordos, e\u00a0o ministro Vin\u00edcius de Carvalho, da Controladoria-Geral da Uni\u00e3o (CGU), que ressaltou que o minist\u00e9rio est\u00e1 aberto para ouvir os pedidos de renegocia\u00e7\u00e3o das empresas.<\/p>\n<p>Clique\u00a0<a href=\"https:\/\/drive.google.com\/file\/d\/1eJDRZMRIzqoDUE1t8znzdmrofmRDIIms\/view\" target=\"_blank\" rel=\"noopener\">aqui para ver imagens da audi\u00eancia<\/a>.<\/p>\n<p>Veja abaixo a lista de participantes da audi\u00eancia<\/p>\n<p><b>Procuradoria-Geral da Rep\u00fablica<\/b><br \/>\nAlexandre Camanho de Assis, subprocurador-geral e coordenador da 5\u00aa C\u00e2mara (Combate \u00e0 Corrup\u00e7\u00e3o)<\/p>\n<p><b>Tribunal de Contas da Uni\u00e3o<\/b><br \/>\nBruno Dantas, presidente do Tribunal de Contas da Uni\u00e3o (TCU)<br \/>\nNicola Espinheira Khoury, secret\u00e1rio da Secretaria de Controle Externo de Solu\u00e7\u00e3o Consensual<br \/>\nSilvio Caracas de Moura Neto, secret\u00e1rio-adjunto da Secretaria de Controle Externo de Solu\u00e7\u00e3o Consensual<\/p>\n<p><b>Advocacia-Geral da Uni\u00e3o<\/b><br \/>\nFl\u00e1vio Jos\u00e9 Roman, adjunto do Advogado-Geral da Uni\u00e3o<br \/>\nAndrea de Quadros Dantas, secret\u00e1ria adjunta da Secretaria-Geral de Contencioso<br \/>\nRanieri Rocha Lins, procurador nacional da Uni\u00e3o de Patrim\u00f4nio P\u00fablico e Probidade<\/p>\n<p><b>Controladoria-Geral da Uni\u00e3o<\/b><br \/>\nVinicius Marques de Carvalho, ministro da CGU<br \/>\nMarcelo Pontes Vianna, secret\u00e1rio da Secretaria de Integridade Privada<br \/>\nFernando Barbosa Bastos Costa, consultor jur\u00eddico<\/p>\n<p><b>Funcef<\/b><br \/>\nKaroline Crepaldi, advogada e gerente jur\u00eddica<br \/>\nEleonora Nacif, advogada e coordenadora da Coordena\u00e7\u00e3o de Preven\u00e7\u00e3o e Recupera\u00e7\u00e3o de Ativos<\/p>\n<p><b>Caixa Econ\u00f4mica Federal<\/b><br \/>\nLuciano Caixeta Amancio, advogado &#8211; gerente nacional<br \/>\nEfig\u00eanio Martins Sandes Neto, advogado &#8211; gerente executivo<\/p>\n<p><b>SOG \u00d3leo e G\u00e1s, PEM Engenharia e Setec Tecnologia<\/b><br \/>\nRog\u00e9rio Pires da Silva, advogado<br \/>\nAndrade Gutierrez<br \/>\nSebasti\u00e3o Botto de BArros Tojal, advogado<br \/>\nDaniel Santa B\u00e1rbara Esteves, advogado<br \/>\nMaria Beatriz Lira Gomes Ferraz, advogada<\/p>\n<p><b>Partido Socialismo e Liberdade (PSOL), Solidariedade e do Partido Comunista do Brasil (PCdoB)<\/b><br \/>\nWalfrido Jorge Warde Junior, advogado<br \/>\nAndr\u00e9 Brand\u00e3o Henrique Maimoni, advogado<br \/>\nValdir Moyses Sim\u00e3o, advogado<br \/>\nRafael Ramires Ara\u00fajo Valim, advogado<br \/>\nGustavo Marinho de Carvalho, advogado<br \/>\nPaulo Machado Guimar\u00e3es, advogado<\/p>\n<p><b>Metha S.A.<\/b><br \/>\nClaudio Pereira de Souza Neto, advogado<br \/>\nLeandro Dias Porto Batista, advogado<br \/>\nMariana Milanesio Monteggia, advogada<\/p>\n<p><b>UTC Participa\u00e7\u00f5es S.A.<\/b><br \/>\nLuciano Barbosa Theodoro, advogado<br \/>\nRenato Tai, advogado<br \/>\nTracy Reinaldet, advogado<\/p>\n<p><b>CR Almeida S\/A Engenharia de Obras<\/b><br \/>\nJuliano Breda, advogado<\/p>\n<p><b>J&amp;F Investimentos<\/b><br \/>\nFrancisco de Assis e silva, advogado<br \/>\nIgor Sant\u2019Anna Tamasaskas, advogado<\/p>\n<p><b>Camargo Corr\u00eaa<\/b><br \/>\nVinicius Sciarra dos Santos, diretor jur\u00eddico da empresa<br \/>\nMarco Aur\u00e9lio de Carvalho, advogado<br \/>\nGiuseppe Giamundo Neto, advogado<br \/>\nDiego Caldas Rivas de Simone, advogado<br \/>\nCoesa S.A.<br \/>\nClaudio Pereira de Souza Neto, advogado<br \/>\nLeandro Dias Porto Batista, advogado<br \/>\nMariana Milanesio Monteggia, advogado<br \/>\nVictor Martins Mendes Baptista, advogado<\/p>\n<p><b>Companhia Paranaense de Constru\u00e7\u00e3o, MLR Loca\u00e7\u00f5es de M\u00e1quinas, TV Maring\u00e1<\/b><br \/>\nRodrigo Nicoletti Alves, advogado<\/p>\n<p><b>Novonor<\/b><br \/>\nRodrigo Mudrovitsch, advogado<br \/>\nVictor Rufino, advogado<br \/>\nMauricio Bezerra, advogado<br \/>\nFelipe Carvalho, advogado<br \/>\nBruno Godoy, advogado<br \/>\nJ\u00falio Gerin de Almeida Camargo<br \/>\nRog\u00e9rio Pires a Silva, advogado<\/p>\n<p><b>Nova Engevix Engenharia e Projetos<\/b><br \/>\nJos\u00e9 Antunes Sobrinho, preposto<br \/>\nAnt\u00f4nio Henrique Medeiros Coutinho, advogado<\/p>\n<p><b>Funda\u00e7\u00e3o Petrobras de Seguridade Social (Petros)<\/b><br \/>\nJuliane Fernandes Costa, advogado<br \/>\nDouglas Jos\u00e9 Bueno, advogado<\/p>\n<p><b>Samsung Heavy Industries<\/b><br \/>\nCaio Farah Rodriguez, advogado<\/p>\n<p><b>Braskem S.A.<\/b><br \/>\nLu\u00eds Wielewicki, advogado<\/p>\n<p>&nbsp;<\/p>\n","protected":false},"excerpt":{"rendered":"<p>Ministro Andr\u00e9 Mendon\u00e7a realizou audi\u00eancia entre entes p\u00fablicos e empresas na manh\u00e3 de ontem, segunda-feira (26). O ministro do Supremo Tribunal Federal (STF) Andr\u00e9 Mendon\u00e7a realizou na manh\u00e3 desta segunda-feira (26), na Primeira Turma da Corte, audi\u00eancia de concilia\u00e7\u00e3o no \u00e2mbito de a\u00e7\u00e3o que questiona os termos dos acordos de leni\u00eancia celebrados na Opera\u00e7\u00e3o Lava [&hellip;]<\/p>\n","protected":false},"author":1,"featured_media":23372,"comment_status":"open","ping_status":"open","sticky":false,"template":"","format":"standard","meta":{"_uag_custom_page_level_css":"","footnotes":""},"categories":[33],"tags":[25630,26293,1724,16701,6326,6745,26294,26296,26295,11414],"class_list":["post-23371","post","type-post","status-publish","format-standard","has-post-thumbnail","hentry","category-mercado","tag-novopac","tag-acordo-com-construtoras","tag-camargo-correa","tag-empregos-e-renda","tag-investimentos-em-infraestrutura","tag-lava-jato","tag-nova-engevix-engenharia-e-projetos","tag-novonor","tag-petros","tag-stf"],"blocksy_meta":[],"spectra_blocks_featured_image_url":{"thumbnail":{"url":"https:\/\/construcaocivil.siriusmarketingedesign.com.br\/wp-content\/uploads\/2024\/02\/bancoImagemSco_AP_527925-150x150.jpg","width":150,"height":150},"medium":{"url":"https:\/\/construcaocivil.siriusmarketingedesign.com.br\/wp-content\/uploads\/2024\/02\/bancoImagemSco_AP_527925-300x160.jpg","width":300,"height":160},"medium_large":{"url":"https:\/\/construcaocivil.siriusmarketingedesign.com.br\/wp-content\/uploads\/2024\/02\/bancoImagemSco_AP_527925.jpg","width":420,"height":224},"large":{"url":"https:\/\/construcaocivil.siriusmarketingedesign.com.br\/wp-content\/uploads\/2024\/02\/bancoImagemSco_AP_527925.jpg","width":420,"height":224},"full":{"url":"https:\/\/construcaocivil.siriusmarketingedesign.com.br\/wp-content\/uploads\/2024\/02\/bancoImagemSco_AP_527925.jpg","width":420,"height":224}},"spectra_blocks_author_info":{"display_name":"Jornal da Constru\u00e7\u00e3o Civil","avatar_url":"https:\/\/secure.gravatar.com\/avatar\/973c9774fd44ddaceb026973c4962faa70fc512bc4c9da68e8ebb40fecee6540?s=96&d=mm&r=g","author_link":"https:\/\/construcaocivil.siriusmarketingedesign.com.br\/?author=1","description":"Desde de 2013, levando muitas informa\u00e7\u00f5es, lan\u00e7amentos e produtos de qualidade para toda cadeia produtiva da constru\u00e7\u00e3o. O Futuro da constru\u00e7\u00e3o passa por aqui,"},"uagb_featured_image_src":{"full":["https:\/\/construcaocivil.siriusmarketingedesign.com.br\/wp-content\/uploads\/2024\/02\/bancoImagemSco_AP_527925.jpg",420,224,false],"thumbnail":["https:\/\/construcaocivil.siriusmarketingedesign.com.br\/wp-content\/uploads\/2024\/02\/bancoImagemSco_AP_527925-150x150.jpg",150,150,true],"medium":["https:\/\/construcaocivil.siriusmarketingedesign.com.br\/wp-content\/uploads\/2024\/02\/bancoImagemSco_AP_527925-300x160.jpg",300,160,true],"medium_large":["https:\/\/construcaocivil.siriusmarketingedesign.com.br\/wp-content\/uploads\/2024\/02\/bancoImagemSco_AP_527925.jpg",420,224,false],"large":["https:\/\/construcaocivil.siriusmarketingedesign.com.br\/wp-content\/uploads\/2024\/02\/bancoImagemSco_AP_527925.jpg",420,224,false],"1536x1536":["https:\/\/construcaocivil.siriusmarketingedesign.com.br\/wp-content\/uploads\/2024\/02\/bancoImagemSco_AP_527925.jpg",420,224,false],"2048x2048":["https:\/\/construcaocivil.siriusmarketingedesign.com.br\/wp-content\/uploads\/2024\/02\/bancoImagemSco_AP_527925.jpg",420,224,false]},"uagb_author_info":{"display_name":"Jornal da Constru\u00e7\u00e3o Civil","author_link":"https:\/\/construcaocivil.siriusmarketingedesign.com.br\/?author=1"},"uagb_comment_info":0,"uagb_excerpt":"Ministro Andr\u00e9 Mendon\u00e7a realizou audi\u00eancia entre entes p\u00fablicos e empresas na manh\u00e3 de ontem, segunda-feira (26). O ministro do Supremo Tribunal Federal (STF) Andr\u00e9 Mendon\u00e7a realizou na manh\u00e3 desta segunda-feira (26), na Primeira Turma da Corte, audi\u00eancia de concilia\u00e7\u00e3o no \u00e2mbito de a\u00e7\u00e3o que questiona os termos dos acordos de leni\u00eancia celebrados na Opera\u00e7\u00e3o Lava&hellip;","_links":{"self":[{"href":"https:\/\/construcaocivil.siriusmarketingedesign.com.br\/index.php?rest_route=\/wp\/v2\/posts\/23371","targetHints":{"allow":["GET"]}}],"collection":[{"href":"https:\/\/construcaocivil.siriusmarketingedesign.com.br\/index.php?rest_route=\/wp\/v2\/posts"}],"about":[{"href":"https:\/\/construcaocivil.siriusmarketingedesign.com.br\/index.php?rest_route=\/wp\/v2\/types\/post"}],"author":[{"embeddable":true,"href":"https:\/\/construcaocivil.siriusmarketingedesign.com.br\/index.php?rest_route=\/wp\/v2\/users\/1"}],"replies":[{"embeddable":true,"href":"https:\/\/construcaocivil.siriusmarketingedesign.com.br\/index.php?rest_route=%2Fwp%2Fv2%2Fcomments&post=23371"}],"version-history":[{"count":0,"href":"https:\/\/construcaocivil.siriusmarketingedesign.com.br\/index.php?rest_route=\/wp\/v2\/posts\/23371\/revisions"}],"wp:featuredmedia":[{"embeddable":true,"href":"https:\/\/construcaocivil.siriusmarketingedesign.com.br\/index.php?rest_route=\/wp\/v2\/media\/23372"}],"wp:attachment":[{"href":"https:\/\/construcaocivil.siriusmarketingedesign.com.br\/index.php?rest_route=%2Fwp%2Fv2%2Fmedia&parent=23371"}],"wp:term":[{"taxonomy":"category","embeddable":true,"href":"https:\/\/construcaocivil.siriusmarketingedesign.com.br\/index.php?rest_route=%2Fwp%2Fv2%2Fcategories&post=23371"},{"taxonomy":"post_tag","embeddable":true,"href":"https:\/\/construcaocivil.siriusmarketingedesign.com.br\/index.php?rest_route=%2Fwp%2Fv2%2Ftags&post=23371"}],"curies":[{"name":"wp","href":"https:\/\/api.w.org\/{rel}","templated":true}]}}