{"id":23376,"date":"2024-02-28T00:42:59","date_gmt":"2024-02-28T03:42:59","guid":{"rendered":"https:\/\/www.jornaldaconstrucaocivil.com.br\/?p=23376"},"modified":"2024-02-28T00:42:59","modified_gmt":"2024-02-28T03:42:59","slug":"emccamp-residencial-lanca-programa-de-estagio-com-vagas-para-minas-gerais-sao-paulo-e-rio-de-janeiro","status":"publish","type":"post","link":"https:\/\/construcaocivil.siriusmarketingedesign.com.br\/?p=23376","title":{"rendered":"Emccamp Residencial lan\u00e7a Programa de Est\u00e1gio com vagas para Minas Gerais, S\u00e3o Paulo e Rio de Janeiro"},"content":{"rendered":"<p style=\"text-align: justify;\"><span style=\"color: #993300;\"><strong><i>Com in\u00edcio previsto para abril de 2024, as inscri\u00e7\u00f5es poder\u00e3o ser feitas at\u00e9 o dia 31 de mar\u00e7o<\/i><\/strong><\/span><\/p>\n<p style=\"text-align: justify;\">Est\u00e3o abertas as inscri\u00e7\u00f5es para o Programa de Est\u00e1gio da Emccamp Residencial, empresa que atua h\u00e1 47 anos no mercado de constru\u00e7\u00e3o civil em S\u00e3o Paulo, Minas Gerais e Rio de Janeiro. A empresa ir\u00e1 selecionar universit\u00e1rios dos tr\u00eas estados em que atua para trabalhar nas \u00e1reas operacionais, t\u00e9cnicas e administrativas. As inscri\u00e7\u00f5es poder\u00e3o ser feitas at\u00e9 o dia 31 de mar\u00e7o. O programa \u00e9 destinado a estudantes cursando a partir do quarto ou quinto per\u00edodo e tem dura\u00e7\u00e3o de at\u00e9 dois anos.<\/p>\n<p style=\"text-align: justify;\">\n<p style=\"text-align: justify;\">O projeto envolve a participa\u00e7\u00e3o cont\u00ednua de diretores da empresa e tutores. Os diretores devem acompanhar de perto o desenvolvimento do programa, a aprendizagem e os resultados dos seus jovens profissionais. J\u00e1 os tutores ser\u00e3o fundamentais para o sucesso do projeto, por serem os profissionais chaves da organiza\u00e7\u00e3o que possuem conhecimentos s\u00f3lidos e diferenciados sobre o neg\u00f3cio e a cultura da empresa. &#8220;A tutoria \u00e9 um processo de educa\u00e7\u00e3o em servi\u00e7o e desenvolver\u00e1 os jovens profissionais nos conhecimentos t\u00e9cnicos e comportamentais&#8221;, destaca Christina Santana, gerente de Recursos Humanos da Emccamp.<\/p>\n<p style=\"text-align: justify;\">\n<p style=\"text-align: justify;\">O RH acompanhar\u00e1, sistematicamente, a aplica\u00e7\u00e3o integral do Programa de Est\u00e1gio, os estagi\u00e1rios e os tutores, visando a maior absor\u00e7\u00e3o de conhecimentos e corre\u00e7\u00f5es de rota, caso seja necess\u00e1rio. &#8220;Um dos principais objetivos do nosso programa \u00e9 reter os talentos, preparando o estagi\u00e1rio para esse aproveitamento futuro, com capacita\u00e7\u00e3o t\u00e9cnica e comportamental. O est\u00e1gio vai oferecer oportunidades de aprendizado pr\u00e1tico alinhado \u00e0 sua forma\u00e7\u00e3o acad\u00eamica&#8221;, pontua a gerente de RH da Emccamp. O Programa de Est\u00e1gio faz parte do projeto Trilha de Carreira da empresa. &#8220;Os jovens profissionais selecionados ser\u00e3o preparados para enfrentar os desafios da empresa (atuais e futuros) e os destaques ser\u00e3o efetivados&#8221;, explica Christina.<\/p>\n<p style=\"text-align: justify;\">\n<p style=\"text-align: justify;\"><strong>Requisitos para contrata\u00e7\u00e3o<\/strong><\/p>\n<p style=\"text-align: justify;\">Para se candidatar ao processo seletivo o candidato deve apresentar:<\/p>\n<p style=\"text-align: justify;\">Comprovante de matr\u00edcula e frequ\u00eancia (semestral);<\/p>\n<p style=\"text-align: justify;\">Celebra\u00e7\u00e3o do termo de compromisso: (Estagi\u00e1rio + Emccamp + Institui\u00e7\u00e3o de Ensino);<\/p>\n<p style=\"text-align: justify;\">Compatibilidade entre a atividade realizada e o termo de compromisso.<\/p>\n<p style=\"text-align: justify;\"><strong>Bolsa e Benef\u00edcios<\/strong><\/p>\n<p style=\"text-align: justify;\">Com remunera\u00e7\u00e3o compat\u00edvel com o mercado, as vagas incluem benef\u00edcios como:<\/p>\n<p style=\"text-align: justify;\">\u2022 Seguro de vida;<\/p>\n<p style=\"text-align: justify;\">\u2022 Vale transporte;<\/p>\n<p style=\"text-align: justify;\">\u2022 Vale Refei\u00e7\u00e3o ou Vale Alimenta\u00e7\u00e3o (valor de acordo com o estado de atua\u00e7\u00e3o).<\/p>\n<p style=\"text-align: justify;\">\n<p style=\"text-align: justify;\"><strong>Carga hor\u00e1ria<\/strong><\/p>\n<p style=\"text-align: justify;\">M\u00e1ximo de 6h por dia e 30h por semana, com jornada de atividades de est\u00e1gio de segunda a sexta-feira.<\/p>\n<p style=\"text-align: justify;\">\n<p style=\"text-align: justify;\"><strong>Como se inscrever?<\/strong><\/p>\n<p style=\"text-align: justify;\">Para participar do processo seletivo, os interessados devem se candidatar at\u00e9 31 de mar\u00e7o pela p\u00e1gina do Programa de Est\u00e1gio da Emccamp\u00a0<a href=\"https:\/\/s2402.publisher-releases.com\/link.php?code=bDpodHRwcyUzQSUyRiUyRmVtY2NhcC5zb2xpZGVzLmpvYnMlMkY6Mzk0NzUzODg1NzpzZXZlcmlhbkBqb3JuYWxkYWNvbnN0cnVjYW9jaXZpbC5jb20uYnI6MWY4NzUyOjcw\" target=\"_blank\" rel=\"noopener noreferrer\">clicando aqui<\/a>. A sele\u00e7\u00e3o contar\u00e1 com an\u00e1lise dos perfis, bate-papo com time de RH e lideran\u00e7a das \u00e1reas, al\u00e9m de entrevista t\u00e9cnica para levantamento das habilidades t\u00e9cnicas.<\/p>\n","protected":false},"excerpt":{"rendered":"<p>Com in\u00edcio previsto para abril de 2024, as inscri\u00e7\u00f5es poder\u00e3o ser feitas at\u00e9 o dia 31 de mar\u00e7o Est\u00e3o abertas as inscri\u00e7\u00f5es para o Programa de Est\u00e1gio da Emccamp Residencial, empresa que atua h\u00e1 47 anos no mercado de constru\u00e7\u00e3o civil em S\u00e3o Paulo, Minas Gerais e Rio de Janeiro. A empresa ir\u00e1 selecionar universit\u00e1rios [&hellip;]<\/p>\n","protected":false},"author":1,"featured_media":23377,"comment_status":"open","ping_status":"open","sticky":false,"template":"","format":"standard","meta":{"_uag_custom_page_level_css":"","footnotes":""},"categories":[27],"tags":[24757,15044,15114,26297,7672,10375,10668],"class_list":["post-23376","post","type-post","status-publish","format-standard","has-post-thumbnail","hentry","category-acontece","tag-servicosdeengenharia","tag-emccamp-residencial","tag-empregos-na-construcao","tag-estagio-de-engenharia","tag-minas-gerais","tag-rio-de-janeiro","tag-sao-paulo"],"blocksy_meta":[],"spectra_blocks_featured_image_url":{"thumbnail":{"url":"https:\/\/construcaocivil.siriusmarketingedesign.com.br\/wp-content\/uploads\/2024\/02\/handler-2-1-150x150.jpg","width":150,"height":150},"medium":{"url":"https:\/\/construcaocivil.siriusmarketingedesign.com.br\/wp-content\/uploads\/2024\/02\/handler-2-1-300x181.jpg","width":300,"height":181},"medium_large":{"url":"https:\/\/construcaocivil.siriusmarketingedesign.com.br\/wp-content\/uploads\/2024\/02\/handler-2-1-768x463.jpg","width":768,"height":463},"large":{"url":"https:\/\/construcaocivil.siriusmarketingedesign.com.br\/wp-content\/uploads\/2024\/02\/handler-2-1.jpg","width":800,"height":482},"full":{"url":"https:\/\/construcaocivil.siriusmarketingedesign.com.br\/wp-content\/uploads\/2024\/02\/handler-2-1.jpg","width":800,"height":482}},"spectra_blocks_author_info":{"display_name":"Jornal da Constru\u00e7\u00e3o Civil","avatar_url":"https:\/\/secure.gravatar.com\/avatar\/973c9774fd44ddaceb026973c4962faa70fc512bc4c9da68e8ebb40fecee6540?s=96&d=mm&r=g","author_link":"https:\/\/construcaocivil.siriusmarketingedesign.com.br\/?author=1","description":"Desde de 2013, levando muitas informa\u00e7\u00f5es, lan\u00e7amentos e produtos de qualidade para toda cadeia produtiva da constru\u00e7\u00e3o. O Futuro da constru\u00e7\u00e3o passa por aqui,"},"uagb_featured_image_src":{"full":["https:\/\/construcaocivil.siriusmarketingedesign.com.br\/wp-content\/uploads\/2024\/02\/handler-2-1.jpg",800,482,false],"thumbnail":["https:\/\/construcaocivil.siriusmarketingedesign.com.br\/wp-content\/uploads\/2024\/02\/handler-2-1-150x150.jpg",150,150,true],"medium":["https:\/\/construcaocivil.siriusmarketingedesign.com.br\/wp-content\/uploads\/2024\/02\/handler-2-1-300x181.jpg",300,181,true],"medium_large":["https:\/\/construcaocivil.siriusmarketingedesign.com.br\/wp-content\/uploads\/2024\/02\/handler-2-1-768x463.jpg",768,463,true],"large":["https:\/\/construcaocivil.siriusmarketingedesign.com.br\/wp-content\/uploads\/2024\/02\/handler-2-1.jpg",800,482,false],"1536x1536":["https:\/\/construcaocivil.siriusmarketingedesign.com.br\/wp-content\/uploads\/2024\/02\/handler-2-1.jpg",800,482,false],"2048x2048":["https:\/\/construcaocivil.siriusmarketingedesign.com.br\/wp-content\/uploads\/2024\/02\/handler-2-1.jpg",800,482,false]},"uagb_author_info":{"display_name":"Jornal da Constru\u00e7\u00e3o Civil","author_link":"https:\/\/construcaocivil.siriusmarketingedesign.com.br\/?author=1"},"uagb_comment_info":0,"uagb_excerpt":"Com in\u00edcio previsto para abril de 2024, as inscri\u00e7\u00f5es poder\u00e3o ser feitas at\u00e9 o dia 31 de mar\u00e7o Est\u00e3o abertas as inscri\u00e7\u00f5es para o Programa de Est\u00e1gio da Emccamp Residencial, empresa que atua h\u00e1 47 anos no mercado de constru\u00e7\u00e3o civil em S\u00e3o Paulo, Minas Gerais e Rio de Janeiro. A empresa ir\u00e1 selecionar universit\u00e1rios&hellip;","_links":{"self":[{"href":"https:\/\/construcaocivil.siriusmarketingedesign.com.br\/index.php?rest_route=\/wp\/v2\/posts\/23376","targetHints":{"allow":["GET"]}}],"collection":[{"href":"https:\/\/construcaocivil.siriusmarketingedesign.com.br\/index.php?rest_route=\/wp\/v2\/posts"}],"about":[{"href":"https:\/\/construcaocivil.siriusmarketingedesign.com.br\/index.php?rest_route=\/wp\/v2\/types\/post"}],"author":[{"embeddable":true,"href":"https:\/\/construcaocivil.siriusmarketingedesign.com.br\/index.php?rest_route=\/wp\/v2\/users\/1"}],"replies":[{"embeddable":true,"href":"https:\/\/construcaocivil.siriusmarketingedesign.com.br\/index.php?rest_route=%2Fwp%2Fv2%2Fcomments&post=23376"}],"version-history":[{"count":0,"href":"https:\/\/construcaocivil.siriusmarketingedesign.com.br\/index.php?rest_route=\/wp\/v2\/posts\/23376\/revisions"}],"wp:featuredmedia":[{"embeddable":true,"href":"https:\/\/construcaocivil.siriusmarketingedesign.com.br\/index.php?rest_route=\/wp\/v2\/media\/23377"}],"wp:attachment":[{"href":"https:\/\/construcaocivil.siriusmarketingedesign.com.br\/index.php?rest_route=%2Fwp%2Fv2%2Fmedia&parent=23376"}],"wp:term":[{"taxonomy":"category","embeddable":true,"href":"https:\/\/construcaocivil.siriusmarketingedesign.com.br\/index.php?rest_route=%2Fwp%2Fv2%2Fcategories&post=23376"},{"taxonomy":"post_tag","embeddable":true,"href":"https:\/\/construcaocivil.siriusmarketingedesign.com.br\/index.php?rest_route=%2Fwp%2Fv2%2Ftags&post=23376"}],"curies":[{"name":"wp","href":"https:\/\/api.w.org\/{rel}","templated":true}]}}