{"id":23386,"date":"2024-02-29T18:25:47","date_gmt":"2024-02-29T21:25:47","guid":{"rendered":"https:\/\/www.jornaldaconstrucaocivil.com.br\/?p=23386"},"modified":"2024-02-29T18:25:47","modified_gmt":"2024-02-29T21:25:47","slug":"manifesto-clamor-por-justica","status":"publish","type":"post","link":"https:\/\/construcaocivil.siriusmarketingedesign.com.br\/?p=23386","title":{"rendered":"MANIFESTO  CLAMOR POR JUSTI\u00c7A"},"content":{"rendered":"<p class=\"v1ql-align-justify\" style=\"text-align: justify;\">No pr\u00f3ximo dia 6 de mar\u00e7o, o Tribunal Federal da 6\u00aa Regi\u00e3o, em Minas Gerais, ter\u00e1 pela frente a oportunidade concreta de fazer justi\u00e7a. Ser\u00e1 o in\u00edcio do julgamento do pedido de habeas corpus que tira o ex-presidente da Vale, Fabio Schvartsman, do processo criminal onde 16 executivos da Vale e da T\u00fcv S\u00fcd, s\u00e3o arrolados como autores da trag\u00e9dia anunciada \u2013 e n\u00e3o evitada \u2013 que matou 272 vidas humanas e devastou o meio ambiente, notadamente a bacia do Rio Paraopeba. O julgamento tem prazo final at\u00e9 12 de mar\u00e7o.<\/p>\n<p class=\"v1ql-align-justify\" style=\"text-align: justify;\">A quem derrama sangue do ser humano, sangue inocente, a quem foi negligente, ganancioso e omisso, recai a devida responsabiliza\u00e7\u00e3o por seus atos. Como diz o Minist\u00e9rio P\u00fablico nos autos, os denunciados assumiram deliberadamente o risco de matar.\u00a0 A den\u00fancia, consistente e repleta de provas, foi corroborada por cinco Comiss\u00f5es Parlamentares de Inqu\u00e9rito que ouviram centenas de depoimentos e examinaram milhares de documentos. Foi apoiada, ainda, pelas investiga\u00e7\u00f5es minuciosas da Pol\u00edcia Federal e da Pol\u00edcia Civil, que tiveram acesso a documentos internos, e-mails e mensagens trocadas pelos envolvidos.<\/p>\n<p class=\"v1ql-align-justify\" style=\"text-align: justify;\">Mas, infelizmente, como em outras trag\u00e9dias-crimes recentes \u2013 Mariana,\u00a0 Boate Kiss \u2013 assistimos, perplexos, a tentativa de perpetuar a imunidade e evitar que os autores sejam julgados. Mais de cinco anos depois, os familiares das v\u00edtimas sequer tiveram a oportunidade de ter esperan\u00e7a na realiza\u00e7\u00e3o do julgamento. Isto porque, os ritos processuais abrem brechas, muitas vezes esp\u00farias, para recursos que visam tirar os denunciados dos processos e retardar o tr\u00e2mite eficiente da Justi\u00e7a. O direito \u00e0 vida deve ser maior do que qualquer manobra de defesa \u2013 \u00e9 o nosso clamor ao Poder Judici\u00e1rio.<\/p>\n<p class=\"v1ql-align-justify\" style=\"text-align: justify;\">Os fatos em Brumadinho foram fruto da neglig\u00eancia e demonstram a precariedade das condi\u00e7\u00f5es de trabalho na minera\u00e7\u00e3o. Por isso \u2013 e em mem\u00f3ria deles \u2013 este coletivo de entidades e associa\u00e7\u00f5es da sociedade est\u00e1 unido na luta para que as li\u00e7\u00f5es deste julgamento entrem para a hist\u00f3ria. \u00c9 preciso ensinar, com as penas da lei,\u00a0 que a vida tem valor absoluto.<\/p>\n<p class=\"v1ql-align-justify\" style=\"text-align: justify;\">Est\u00e1 nas m\u00e3os dos desembargadores uma senten\u00e7a hist\u00f3rica que servir\u00e1 como uma li\u00e7\u00e3o para o amanh\u00e3 ao inibir e desencorajar futuros comportamentos de omiss\u00e3o e displic\u00eancia em rela\u00e7\u00e3o ao valor irrepar\u00e1vel da vida.<\/p>\n<p class=\"v1ql-align-justify\" style=\"text-align: justify;\">As entidades que assinam este<strong><span style=\"color: #0000ff;\"> MANIFESTO CLAMOR POR JUSTI\u00c7A<\/span><\/strong> apelam aos desembargadores que sejam sens\u00edveis ao direito dos \u00f3rf\u00e3os, das vi\u00favas, das m\u00e3es, dos pais que perderam filhos, dos irm\u00e3os que perderam irm\u00e3os, esposas, esposos, companheiras e companheiros que nunca mais estiveram juntos. 272 vidas, nunca vamos esquecer.<\/p>\n<p style=\"text-align: justify;\">Continuamos firmes na esperan\u00e7a de que os caminhos da Justi\u00e7a ir\u00e3o prevalecer.<\/p>\n<p style=\"text-align: justify;\">Justi\u00e7a j\u00e1!<\/p>\n<p style=\"text-align: justify;\">Pelo fim da impunidade!<\/p>\n<p style=\"text-align: justify;\"><strong>Apoie a causa!<\/strong><\/p>\n<p style=\"text-align: justify;\">Entre em contato com a AVABRUM e assine o Manifesto.<\/p>\n<p style=\"text-align: justify;\"><strong>Redes sociais da AVABRUM:\u00a0<\/strong><\/p>\n<p style=\"text-align: justify;\">Instagram: @avabrumoficial<\/p>\n<p style=\"text-align: justify;\">Facebook: Avabrum<\/p>\n","protected":false},"excerpt":{"rendered":"<p>No pr\u00f3ximo dia 6 de mar\u00e7o, o Tribunal Federal da 6\u00aa Regi\u00e3o, em Minas Gerais, ter\u00e1 pela frente a oportunidade concreta de fazer justi\u00e7a. Ser\u00e1 o in\u00edcio do julgamento do pedido de habeas corpus que tira o ex-presidente da Vale, Fabio Schvartsman, do processo criminal onde 16 executivos da Vale e da T\u00fcv S\u00fcd, s\u00e3o [&hellip;]<\/p>\n","protected":false},"author":1,"featured_media":23387,"comment_status":"open","ping_status":"open","sticky":false,"template":"","format":"standard","meta":{"_uag_custom_page_level_css":"","footnotes":""},"categories":[27],"tags":[14823,26299,14022],"class_list":["post-23386","post","type-post","status-publish","format-standard","has-post-thumbnail","hentry","category-acontece","tag-brumadinho-mg","tag-manifesto-clamor-por-justica","tag-mpf-mg"],"blocksy_meta":[],"spectra_blocks_featured_image_url":{"thumbnail":{"url":"https:\/\/construcaocivil.siriusmarketingedesign.com.br\/wp-content\/uploads\/2024\/02\/eea49ae2-d02e-4f55-a042-8af990959a85-150x150.png","width":150,"height":150},"medium":{"url":"https:\/\/construcaocivil.siriusmarketingedesign.com.br\/wp-content\/uploads\/2024\/02\/eea49ae2-d02e-4f55-a042-8af990959a85-300x121.png","width":300,"height":121},"medium_large":{"url":"https:\/\/construcaocivil.siriusmarketingedesign.com.br\/wp-content\/uploads\/2024\/02\/eea49ae2-d02e-4f55-a042-8af990959a85.png","width":512,"height":206},"large":{"url":"https:\/\/construcaocivil.siriusmarketingedesign.com.br\/wp-content\/uploads\/2024\/02\/eea49ae2-d02e-4f55-a042-8af990959a85.png","width":512,"height":206},"full":{"url":"https:\/\/construcaocivil.siriusmarketingedesign.com.br\/wp-content\/uploads\/2024\/02\/eea49ae2-d02e-4f55-a042-8af990959a85.png","width":512,"height":206}},"spectra_blocks_author_info":{"display_name":"Jornal da Constru\u00e7\u00e3o Civil","avatar_url":"https:\/\/secure.gravatar.com\/avatar\/973c9774fd44ddaceb026973c4962faa70fc512bc4c9da68e8ebb40fecee6540?s=96&d=mm&r=g","author_link":"https:\/\/construcaocivil.siriusmarketingedesign.com.br\/?author=1","description":"Desde de 2013, levando muitas informa\u00e7\u00f5es, lan\u00e7amentos e produtos de qualidade para toda cadeia produtiva da constru\u00e7\u00e3o. O Futuro da constru\u00e7\u00e3o passa por aqui,"},"uagb_featured_image_src":{"full":["https:\/\/construcaocivil.siriusmarketingedesign.com.br\/wp-content\/uploads\/2024\/02\/eea49ae2-d02e-4f55-a042-8af990959a85.png",512,206,false],"thumbnail":["https:\/\/construcaocivil.siriusmarketingedesign.com.br\/wp-content\/uploads\/2024\/02\/eea49ae2-d02e-4f55-a042-8af990959a85-150x150.png",150,150,true],"medium":["https:\/\/construcaocivil.siriusmarketingedesign.com.br\/wp-content\/uploads\/2024\/02\/eea49ae2-d02e-4f55-a042-8af990959a85-300x121.png",300,121,true],"medium_large":["https:\/\/construcaocivil.siriusmarketingedesign.com.br\/wp-content\/uploads\/2024\/02\/eea49ae2-d02e-4f55-a042-8af990959a85.png",512,206,false],"large":["https:\/\/construcaocivil.siriusmarketingedesign.com.br\/wp-content\/uploads\/2024\/02\/eea49ae2-d02e-4f55-a042-8af990959a85.png",512,206,false],"1536x1536":["https:\/\/construcaocivil.siriusmarketingedesign.com.br\/wp-content\/uploads\/2024\/02\/eea49ae2-d02e-4f55-a042-8af990959a85.png",512,206,false],"2048x2048":["https:\/\/construcaocivil.siriusmarketingedesign.com.br\/wp-content\/uploads\/2024\/02\/eea49ae2-d02e-4f55-a042-8af990959a85.png",512,206,false]},"uagb_author_info":{"display_name":"Jornal da Constru\u00e7\u00e3o Civil","author_link":"https:\/\/construcaocivil.siriusmarketingedesign.com.br\/?author=1"},"uagb_comment_info":0,"uagb_excerpt":"No pr\u00f3ximo dia 6 de mar\u00e7o, o Tribunal Federal da 6\u00aa Regi\u00e3o, em Minas Gerais, ter\u00e1 pela frente a oportunidade concreta de fazer justi\u00e7a. Ser\u00e1 o in\u00edcio do julgamento do pedido de habeas corpus que tira o ex-presidente da Vale, Fabio Schvartsman, do processo criminal onde 16 executivos da Vale e da T\u00fcv S\u00fcd, s\u00e3o&hellip;","_links":{"self":[{"href":"https:\/\/construcaocivil.siriusmarketingedesign.com.br\/index.php?rest_route=\/wp\/v2\/posts\/23386","targetHints":{"allow":["GET"]}}],"collection":[{"href":"https:\/\/construcaocivil.siriusmarketingedesign.com.br\/index.php?rest_route=\/wp\/v2\/posts"}],"about":[{"href":"https:\/\/construcaocivil.siriusmarketingedesign.com.br\/index.php?rest_route=\/wp\/v2\/types\/post"}],"author":[{"embeddable":true,"href":"https:\/\/construcaocivil.siriusmarketingedesign.com.br\/index.php?rest_route=\/wp\/v2\/users\/1"}],"replies":[{"embeddable":true,"href":"https:\/\/construcaocivil.siriusmarketingedesign.com.br\/index.php?rest_route=%2Fwp%2Fv2%2Fcomments&post=23386"}],"version-history":[{"count":0,"href":"https:\/\/construcaocivil.siriusmarketingedesign.com.br\/index.php?rest_route=\/wp\/v2\/posts\/23386\/revisions"}],"wp:featuredmedia":[{"embeddable":true,"href":"https:\/\/construcaocivil.siriusmarketingedesign.com.br\/index.php?rest_route=\/wp\/v2\/media\/23387"}],"wp:attachment":[{"href":"https:\/\/construcaocivil.siriusmarketingedesign.com.br\/index.php?rest_route=%2Fwp%2Fv2%2Fmedia&parent=23386"}],"wp:term":[{"taxonomy":"category","embeddable":true,"href":"https:\/\/construcaocivil.siriusmarketingedesign.com.br\/index.php?rest_route=%2Fwp%2Fv2%2Fcategories&post=23386"},{"taxonomy":"post_tag","embeddable":true,"href":"https:\/\/construcaocivil.siriusmarketingedesign.com.br\/index.php?rest_route=%2Fwp%2Fv2%2Ftags&post=23386"}],"curies":[{"name":"wp","href":"https:\/\/api.w.org\/{rel}","templated":true}]}}