{"id":2339,"date":"2016-06-28T20:52:21","date_gmt":"2016-06-28T20:52:21","guid":{"rendered":"http:\/\/www.jornaldaconstrucaocivil.com.br\/?p=2339"},"modified":"2016-06-28T20:52:21","modified_gmt":"2016-06-28T20:52:21","slug":"instituto-senai-de-tecnologia-inaugura-laboratorio-de-tintas-residenciais","status":"publish","type":"post","link":"https:\/\/construcaocivil.siriusmarketingedesign.com.br\/?p=2339","title":{"rendered":"Instituto Senai de Tecnologia inaugura laborat\u00f3rio de tintas residenciais"},"content":{"rendered":"<p><span style=\"color: #800080;\"><strong>Acontece\u00a0<\/strong><\/span><\/p>\n<figure id=\"attachment_2340\" aria-describedby=\"caption-attachment-2340\" style=\"width: 300px\" class=\"wp-caption alignleft\"><a href=\"http:\/\/www.jornaldaconstrucaocivil.com.br\/wp-content\/uploads\/2016\/06\/OK-LAB-FIRJAN-050101-16_7892.jpg\"><img loading=\"lazy\" decoding=\"async\" class=\"size-medium wp-image-2340\" src=\"http:\/\/www.jornaldaconstrucaocivil.com.br\/wp-content\/uploads\/2016\/06\/OK-LAB-FIRJAN-050101-16_7892-300x200.jpg\" alt=\"Laborat\u00f3rio de tintas  do  IST Ambiental  Avalia\u00e7\u00e3o do padr\u00e3o de qualidade da tinta, medi\u00e7\u00e3o de abrasividade\" width=\"300\" height=\"200\" \/><\/a><figcaption id=\"caption-attachment-2340\" class=\"wp-caption-text\"><span style=\"color: #ff0000;\">Laborat\u00f3rio de tintas do IST Ambiental<\/span><br \/><span style=\"color: #ff0000;\">Avalia\u00e7\u00e3o do padr\u00e3o de qualidade da tinta, medi\u00e7\u00e3o de abrasividade<\/span><\/figcaption><\/figure>\n<p><span style=\"color: #000000;\">A partir de agora, as empresas de tintas do Rio de Janeiro j\u00e1 contam com um laborat\u00f3rio de an\u00e1lises qu\u00edmicas no pr\u00f3prio estado. Ser\u00e1 inaugurado nesta ter\u00e7a-feira (5\/7) no Instituto Senai de Tecnologia Ambiental, na Tijuca, o laborat\u00f3rio de classifica\u00e7\u00e3o de qualidade e conformidade de tintas residenciais.\u00a0 <\/span><span style=\"color: #000000;\">As empresas ter\u00e3o acesso diferenciado a um portf\u00f3lio de diversos ensaios de tintas, nas seguintes classifica\u00e7\u00f5es: tintas l\u00e1tex, verniz brilhante, esmalte brilhante e massa niveladora.<\/span><\/p>\n<p><span style=\"color: #000000;\">De acordo com o gerente do Centro de Tecnologia do IST Ambiental, Paulo Roberto Furio, o laborat\u00f3rio teve seus equipamentos calibrados e as metodologias validadas conforme escopo de acredita\u00e7\u00e3o do Inmetro.\u00a0 Ele explicou que a implanta\u00e7\u00e3o do laborat\u00f3rio era condi\u00e7\u00e3o essencial para que as empresas do setor de tintas residenciais atendessem aos par\u00e2metros de qualidade e conformidade definidos pelo instituto.<\/span><\/p>\n<figure id=\"attachment_2341\" aria-describedby=\"caption-attachment-2341\" style=\"width: 300px\" class=\"wp-caption alignright\"><a href=\"http:\/\/www.jornaldaconstrucaocivil.com.br\/wp-content\/uploads\/2016\/06\/V-LAB-II-050101-16_7928.jpg\"><img loading=\"lazy\" decoding=\"async\" class=\"size-medium wp-image-2341\" src=\"http:\/\/www.jornaldaconstrucaocivil.com.br\/wp-content\/uploads\/2016\/06\/V-LAB-II-050101-16_7928-300x200.jpg\" alt=\"Laborat\u00f3rio de tintas  do  IST Ambiental  Espectro densit\u00f4metro\" width=\"300\" height=\"200\" \/><\/a><figcaption id=\"caption-attachment-2341\" class=\"wp-caption-text\"><span style=\"color: #ff0000;\">Laborat\u00f3rio de tintas do IST Ambiental<\/span><br \/><span style=\"color: #ff0000;\">Espectro densit\u00f4metro<\/span><\/figcaption><\/figure>\n<p><span style=\"color: #000000;\">O novo laborat\u00f3rio, que no futuro tamb\u00e9m atender\u00e1 a outros segmentos de tintas, \u00e9 fruto de uma parceria de, aproximadamente 24 meses, entre o Sistema FIRJAN e o Sindicato das Ind\u00fastrias de Tintas e Vernizes do Munic\u00edpio do Rio de Janeiro (Sintirj). Al\u00e9m de reduzir os prazos de entrega das an\u00e1lises para at\u00e9 15 dias para as empresas fluminenses, o laborat\u00f3rio espera atender tamb\u00e9m empresas dos estados vizinhos de Minas Gerais e Esp\u00edrito Santo.\u00a0 \u201cAt\u00e9 agora, s\u00f3 havia um laborat\u00f3rio acreditado em S\u00e3o Paulo, para onde eram enviadas as tintas para serem analisadas. Isso exigia tempo e custo. Agora, teremos o mesmo servi\u00e7o aqui no Rio e que poder\u00e1 ser oferecido \u00e0s ind\u00fastrias de outros estados\u201d, destacou Furio.<\/span><\/p>\n<p><span style=\"color: #000080;\"><strong>Servi\u00e7o:<\/strong><\/span><\/p>\n<p><span style=\"color: #000080;\">Evento: Inaugura\u00e7\u00e3o do Laborat\u00f3rio de Tintas no IST Ambiental<\/span><\/p>\n<p><span style=\"color: #000080;\">Data: 5 de julho de 2016<\/span><\/p>\n<p><span style=\"color: #000080;\">Hora: 11 horas<\/span><\/p>\n<p><span style=\"color: #000080;\">Local: Rua Morais e Silva 53 \u2013 Maracan\u00e3<\/span><\/p>\n","protected":false},"excerpt":{"rendered":"<p>Acontece\u00a0 A partir de agora, as empresas de tintas do Rio de Janeiro j\u00e1 contam com um laborat\u00f3rio de an\u00e1lises qu\u00edmicas no pr\u00f3prio estado. Ser\u00e1 inaugurado nesta ter\u00e7a-feira (5\/7) no Instituto Senai de Tecnologia Ambiental, na Tijuca, o laborat\u00f3rio de classifica\u00e7\u00e3o de qualidade e conformidade de tintas residenciais.\u00a0 As empresas ter\u00e3o acesso diferenciado a um [&hellip;]<\/p>\n","protected":false},"author":1,"featured_media":2340,"comment_status":"open","ping_status":"open","sticky":false,"template":"","format":"standard","meta":{"_uag_custom_page_level_css":"","footnotes":""},"categories":[27],"tags":[5096,5968,6656,7236,10873,11173],"class_list":["post-2339","post","type-post","status-publish","format-standard","has-post-thumbnail","hentry","category-acontece","tag-firjan","tag-inauguracao","tag-laboratorio-de-tintas-no-ist-ambiental","tag-maracanarj","tag-senai","tag-sintirj"],"blocksy_meta":[],"spectra_blocks_featured_image_url":[],"spectra_blocks_author_info":{"display_name":"Jornal da Constru\u00e7\u00e3o Civil","avatar_url":"https:\/\/secure.gravatar.com\/avatar\/973c9774fd44ddaceb026973c4962faa70fc512bc4c9da68e8ebb40fecee6540?s=96&d=mm&r=g","author_link":"https:\/\/construcaocivil.siriusmarketingedesign.com.br\/?author=1","description":"Desde de 2013, levando muitas informa\u00e7\u00f5es, lan\u00e7amentos e produtos de qualidade para toda cadeia produtiva da constru\u00e7\u00e3o. O Futuro da constru\u00e7\u00e3o passa por aqui,"},"uagb_featured_image_src":{"full":false,"thumbnail":false,"medium":false,"medium_large":false,"large":false,"1536x1536":false,"2048x2048":false},"uagb_author_info":{"display_name":"Jornal da Constru\u00e7\u00e3o Civil","author_link":"https:\/\/construcaocivil.siriusmarketingedesign.com.br\/?author=1"},"uagb_comment_info":0,"uagb_excerpt":"Acontece\u00a0 A partir de agora, as empresas de tintas do Rio de Janeiro j\u00e1 contam com um laborat\u00f3rio de an\u00e1lises qu\u00edmicas no pr\u00f3prio estado. Ser\u00e1 inaugurado nesta ter\u00e7a-feira (5\/7) no Instituto Senai de Tecnologia Ambiental, na Tijuca, o laborat\u00f3rio de classifica\u00e7\u00e3o de qualidade e conformidade de tintas residenciais.\u00a0 As empresas ter\u00e3o acesso diferenciado a um&hellip;","_links":{"self":[{"href":"https:\/\/construcaocivil.siriusmarketingedesign.com.br\/index.php?rest_route=\/wp\/v2\/posts\/2339","targetHints":{"allow":["GET"]}}],"collection":[{"href":"https:\/\/construcaocivil.siriusmarketingedesign.com.br\/index.php?rest_route=\/wp\/v2\/posts"}],"about":[{"href":"https:\/\/construcaocivil.siriusmarketingedesign.com.br\/index.php?rest_route=\/wp\/v2\/types\/post"}],"author":[{"embeddable":true,"href":"https:\/\/construcaocivil.siriusmarketingedesign.com.br\/index.php?rest_route=\/wp\/v2\/users\/1"}],"replies":[{"embeddable":true,"href":"https:\/\/construcaocivil.siriusmarketingedesign.com.br\/index.php?rest_route=%2Fwp%2Fv2%2Fcomments&post=2339"}],"version-history":[{"count":0,"href":"https:\/\/construcaocivil.siriusmarketingedesign.com.br\/index.php?rest_route=\/wp\/v2\/posts\/2339\/revisions"}],"wp:attachment":[{"href":"https:\/\/construcaocivil.siriusmarketingedesign.com.br\/index.php?rest_route=%2Fwp%2Fv2%2Fmedia&parent=2339"}],"wp:term":[{"taxonomy":"category","embeddable":true,"href":"https:\/\/construcaocivil.siriusmarketingedesign.com.br\/index.php?rest_route=%2Fwp%2Fv2%2Fcategories&post=2339"},{"taxonomy":"post_tag","embeddable":true,"href":"https:\/\/construcaocivil.siriusmarketingedesign.com.br\/index.php?rest_route=%2Fwp%2Fv2%2Ftags&post=2339"}],"curies":[{"name":"wp","href":"https:\/\/api.w.org\/{rel}","templated":true}]}}