{"id":23428,"date":"2024-03-08T09:02:59","date_gmt":"2024-03-08T12:02:59","guid":{"rendered":"https:\/\/www.jornaldaconstrucaocivil.com.br\/?p=23428"},"modified":"2024-03-08T09:02:59","modified_gmt":"2024-03-08T12:02:59","slug":"oit-crescimento-do-desemprego-e-das-desigualdades-sao-desafios-para-o-g20-em-2024","status":"publish","type":"post","link":"https:\/\/construcaocivil.siriusmarketingedesign.com.br\/?p=23428","title":{"rendered":"OIT: Crescimento do desemprego e das desigualdades s\u00e3o desafios para o G20 em 2024"},"content":{"rendered":"<p class=\"documentDescription\" style=\"text-align: justify;\">Em proje\u00e7\u00e3o para 2024, relat\u00f3rio da Organiza\u00e7\u00e3o Internacional do Trabalho (OIT) revela que a taxa de desemprego global dever\u00e1 aumentar, junto com as desigualdades. GT sobre Emprego elaborou diretrizes alinhadas com o cen\u00e1rio global e prop\u00f5e sa\u00eddas para o panorama preocupante.<\/p>\n<div class=\"DateShareBody-module__[local]___mfycG\">\n<div class=\"six wide computer twelve wide mobile six wide tablet column column-blocks-wrapper\" style=\"text-align: justify;\">\n<div>\n<p>Aproximadamente 435 milh\u00f5es de trabalhadores estar\u00e3o em busca de emprego em 2024, estima o\u00a0<a class=\"external\" href=\"https:\/\/www.ilo.org\/brasilia\/noticias\/WCMS_908214\/lang--pt\/index.htm\" rel=\"noopener noreferrer\">Relat\u00f3rio Emprego Mundial e Perspectivas Sociais: Tend\u00eancias para 2024<\/a>\u00a0da\u00a0<a class=\"external\" href=\"https:\/\/www.ilo.org\/brasilia\/lang--es\/index.htm\" rel=\"noopener noreferrer\">OIT &#8211; Organiza\u00e7\u00e3o Internacional do Trabalho<\/a>. O estudo tamb\u00e9m mostra que mesmo com a redu\u00e7\u00e3o do desemprego no p\u00f3s-pandemia da Covid-19, os sal\u00e1rios diminu\u00edram na maioria dos\u00a0<a href=\"https:\/\/www.g20.org\/pt-br\/sobre-o-g20\/faq?activeAccordion=587b4b8c-cb00-4563-94cd-45362ec07a16\">pa\u00edses do G20<\/a>, j\u00e1 que os resultados positivos n\u00e3o conseguiram acompanhar o ritmo da infla\u00e7\u00e3o. Para a ag\u00eancia das Na\u00e7\u00f5es Unidas, o cen\u00e1rio \u00e9 preocupante e pouco poss\u00edvel que melhore no curto prazo.<\/p>\n<p>Entre os pa\u00edses do G20, apenas a China, a R\u00fassia e o M\u00e9xico registraram crescimento salarial real em 2023. Ano passado, os chineses e russos ainda alcan\u00e7aram crescimento da produtividade entre os mais elevados entre os pa\u00edses-membros. Nos demais, os trabalhadores viram o valor da remunera\u00e7\u00e3o real cair. A redu\u00e7\u00e3o foi ainda mais acentuada no Brasil (6,9%), na It\u00e1lia (5%) e na Indon\u00e9sia (3,5%).<\/p>\n<p>Ma\u00edra Lacerda e Silva, coordenadora do\u00a0<a href=\"https:\/\/www.g20.org\/pt-br\/trilhas\/trilha-de-sherpas\/emprego\">GT de Emprego do G20<\/a>\u00a0e respons\u00e1vel pela coopera\u00e7\u00e3o t\u00e9cnica internacional do\u00a0<a class=\"external\" href=\"https:\/\/www.gov.br\/trabalho-e-emprego\/pt-br\" rel=\"noopener noreferrer\">Minist\u00e9rio do Trabalho e Emprego<\/a>\u00a0do Brasil (MTE), avalia que o cen\u00e1rio descrito pelo relat\u00f3rio \u00e9 reflexo tanto da crise global como dos desequil\u00edbrios estruturais no mercado de trabalho, que se agravaram em contextos problem\u00e1ticos. \u201cNunca houve equidade de g\u00eanero no mercado de trabalho, por exemplo. A popula\u00e7\u00e3o mais vulner\u00e1vel tende a sofrer mais o impacto da crise clim\u00e1tica e econ\u00f4mica. O relat\u00f3rio nomeia esses temas estruturantes, advertindo de que n\u00e3o \u00e9 poss\u00edvel san\u00e1-los no curto prazo e sugerindo aos governos esfor\u00e7os suplementares para lidar com esses desafios\u201d, considerou Lacerda.<\/p>\n<\/div>\n<\/div>\n<div class=\"middle aligned six wide computer twelve wide mobile six wide tablet column column-blocks-wrapper\">\n<div>\n<div class=\"DividerBody-module__[local]___1eD0J DividerBody-module__[local]___-CTLk\" style=\"text-align: justify;\">\n<blockquote>\n<h2 id=\"nunca-houve-equidade-de-genero-no-mercado-de-trabalho-por-exemplo-a-populacao-mais-vulneravel-tende-a-sofrer-mais-o-impacto-da-crise-climatica-e-economica-o-relatorio-nomeia-esses-temas-estruturantes-advertindo-de-que-nao-e-possivel-sana-los-no-curto-prazo-e-sugerindo-aos-governos-esforcos-suplementares-para-lidar-com-esses-desafios-considerou-lacerda\" tabindex=\"0\"><span style=\"color: #993300;\"><em>\u201cNunca houve equidade de g\u00eanero no mercado de trabalho, por exemplo. A popula\u00e7\u00e3o mais vulner\u00e1vel tende a sofrer mais o impacto da crise clim\u00e1tica e econ\u00f4mica. O relat\u00f3rio nomeia esses temas estruturantes, advertindo de que n\u00e3o \u00e9 poss\u00edvel san\u00e1-los no curto prazo e sugerindo aos governos esfor\u00e7os suplementares para lidar com esses desafios\u201d, considerou Lacerda<\/em><\/span><\/h2>\n<\/blockquote>\n<\/div>\n<div>\n<div class=\"CardsBody-module__[local]___uS-Tv CardsBody-module__[local]___w6evV\">\n<div class=\"CardsBody-module__[local]___-5Mk9 CardsBody-module__[local]___iZ-2O\">\n<div class=\"CardsBody-module__[local]___IkT6N\">\n<div id=\"page-document\" class=\"ui container view-wrapper newsitem-view\">\n<p style=\"text-align: justify;\">De acordo com\u00a0<a class=\"external\" href=\"https:\/\/www.ilo.org\/global\/about-the-ilo\/how-the-ilo-works\/ilo-director-general\/WCMS_908195\/lang--en\/index.htm\" rel=\"noopener noreferrer\">Gilbert F. Houngbo, Diretor-Geral da OIT<\/a>, as tend\u00eancias de emprego global preocupam pois ainda h\u00e1 escassez significativa de trabalho digno; o n\u00famero de trabalhadores no mercado informal ultrapassou a marca dos 2 bilh\u00f5es, registrando 2.19 bilh\u00f5es em 2023. Atualmente, mais de 241 milh\u00f5es de trabalhadores vivem em fam\u00edlias com renda per capita inferior a 2,15 d\u00f3lares por dia.<\/p>\n<p style=\"text-align: justify;\">\u201cO crescimento da produtividade e os padr\u00f5es de vida tamb\u00e9m n\u00e3o melhoraram. \u00c9 particularmente preocupante que isto aconte\u00e7a apesar do progresso tecnol\u00f3gico. Estamos assistindo a desequil\u00edbrios crescentes nos nossos sistemas econ\u00f4micos e sociais, que representam um s\u00e9rio desafio ao objetivo de uma transi\u00e7\u00e3o equitativa e justa para um futuro sustent\u00e1vel\u201d, salientou\u00a0 Houngbo.<\/p>\n<p style=\"text-align: justify;\">O relat\u00f3rio recomenda que, para a mudan\u00e7a deste cen\u00e1rio, \u00e9 preciso que os governos se esforcem por uma coordena\u00e7\u00e3o internacional \u201ceficaz para enfrentar os principais desafios econ\u00f3micos, ecol\u00f3gicos e sociais\u201d, com foco no aumento da produtividade e da qualidade de vida. O texto encoraja as a\u00e7\u00f5es em debate no G20 sobre aprimorar o uso dos fundos multilaterais de desenvolvimento para apoiar economias mais fr\u00e1geis.<\/p>\n<h3 id=\"consenso-para-solucoes\" style=\"text-align: justify;\" tabindex=\"0\">Consenso para solu\u00e7\u00f5es<\/h3>\n<p style=\"text-align: justify;\">Frente aos desafios, o GT de Emprego, que comp\u00f5e a\u00a0<a href=\"https:\/\/www.g20.org\/pt-br\/trilhas\/trilha-de-sherpas\">Trilha de Sherpas do G20<\/a>, busca desenvolver a\u00e7\u00f5es para a cria\u00e7\u00e3o de empregos de qualidade e promo\u00e7\u00e3o do trabalho decente, garantindo a inclus\u00e3o social para eliminar a pobreza. Coordenado pelo\u00a0<a class=\"external\" href=\"https:\/\/www.gov.br\/trabalho-e-emprego\/pt-br\" rel=\"noopener noreferrer\">Minist\u00e9rio do Trabalho e Emprego<\/a>\u00a0durante a presid\u00eancia brasileira do f\u00f3rum, o grupo discute as influ\u00eancias das tecnologias e seus impactos para o emprego e renda, melhoria da qualidade de vida na sociedade, o est\u00edmulo \u00e0 diversidade e a equidade de entre homens e mulheres no mundo do trabalho.<\/p>\n<p style=\"text-align: justify;\">A coordenadora explica que o grupo est\u00e1 alinhado \u00e0 realidade apresentada no relat\u00f3rio da ONU e busca solu\u00e7\u00f5es concretas para superar os desafios dos pa\u00edses-membros do f\u00f3rum e tem como prioridade a\u00e7\u00f5es promover o trabalho decente como meio de inclus\u00e3o social e combate \u00e0 pobreza. \u201cO objetivo aqui \u00e9 que pensemos em pol\u00edticas que n\u00e3o busquem pura e simplesmente o aumento da taxa de ocupa\u00e7\u00e3o, mas que busque e incentive a cria\u00e7\u00e3o de empregos de qualidade, essencial \u00e0 inclus\u00e3o e ao combate \u00e0 pobreza\u201d, explicou Ma\u00edra.<\/p>\n<p style=\"text-align: justify;\">Al\u00e9m disso, o GT quer propor debates sobre medidas para o fortalecimento do sistema de seguridade social por meio da promo\u00e7\u00e3o de empregos de qualidade e pela igualdade entre homens e mulheres no mercado de trabalho.<\/p>\n<p>Fonte: Boletim G20<\/p>\n<\/div>\n<\/div>\n<\/div>\n<\/div>\n<\/div>\n<\/div>\n<\/div>\n<\/div>\n","protected":false},"excerpt":{"rendered":"<p>Em proje\u00e7\u00e3o para 2024, relat\u00f3rio da Organiza\u00e7\u00e3o Internacional do Trabalho (OIT) revela que a taxa de desemprego global dever\u00e1 aumentar, junto com as desigualdades. GT sobre Emprego elaborou diretrizes alinhadas com o cen\u00e1rio global e prop\u00f5e sa\u00eddas para o panorama preocupante. Aproximadamente 435 milh\u00f5es de trabalhadores estar\u00e3o em busca de emprego em 2024, estima o\u00a0Relat\u00f3rio [&hellip;]<\/p>\n","protected":false},"author":1,"featured_media":23429,"comment_status":"open","ping_status":"open","sticky":false,"template":"","format":"standard","meta":{"_uag_custom_page_level_css":"","footnotes":""},"categories":[27],"tags":[26322,5325,8421,26323,10375],"class_list":["post-23428","post","type-post","status-publish","format-standard","has-post-thumbnail","hentry","category-acontece","tag-desempregos-no-brasil","tag-g20","tag-oit","tag-precarizacao-ou-empreendedorismo","tag-rio-de-janeiro"],"blocksy_meta":[],"spectra_blocks_featured_image_url":{"thumbnail":{"url":"https:\/\/construcaocivil.siriusmarketingedesign.com.br\/wp-content\/uploads\/2024\/03\/image-1600-6c19726047788eb5c417c50b6f831965-150x150.jpeg","width":150,"height":150},"medium":{"url":"https:\/\/construcaocivil.siriusmarketingedesign.com.br\/wp-content\/uploads\/2024\/03\/image-1600-6c19726047788eb5c417c50b6f831965-300x200.jpeg","width":300,"height":200},"medium_large":{"url":"https:\/\/construcaocivil.siriusmarketingedesign.com.br\/wp-content\/uploads\/2024\/03\/image-1600-6c19726047788eb5c417c50b6f831965-768x512.jpeg","width":768,"height":512},"large":{"url":"https:\/\/construcaocivil.siriusmarketingedesign.com.br\/wp-content\/uploads\/2024\/03\/image-1600-6c19726047788eb5c417c50b6f831965-1024x683.jpeg","width":1024,"height":683},"full":{"url":"https:\/\/construcaocivil.siriusmarketingedesign.com.br\/wp-content\/uploads\/2024\/03\/image-1600-6c19726047788eb5c417c50b6f831965.jpeg","width":1600,"height":1067}},"spectra_blocks_author_info":{"display_name":"Jornal da Constru\u00e7\u00e3o Civil","avatar_url":"https:\/\/secure.gravatar.com\/avatar\/973c9774fd44ddaceb026973c4962faa70fc512bc4c9da68e8ebb40fecee6540?s=96&d=mm&r=g","author_link":"https:\/\/construcaocivil.siriusmarketingedesign.com.br\/?author=1","description":"Desde de 2013, levando muitas informa\u00e7\u00f5es, lan\u00e7amentos e produtos de qualidade para toda cadeia produtiva da constru\u00e7\u00e3o. O Futuro da constru\u00e7\u00e3o passa por aqui,"},"uagb_featured_image_src":{"full":["https:\/\/construcaocivil.siriusmarketingedesign.com.br\/wp-content\/uploads\/2024\/03\/image-1600-6c19726047788eb5c417c50b6f831965.jpeg",1600,1067,false],"thumbnail":["https:\/\/construcaocivil.siriusmarketingedesign.com.br\/wp-content\/uploads\/2024\/03\/image-1600-6c19726047788eb5c417c50b6f831965-150x150.jpeg",150,150,true],"medium":["https:\/\/construcaocivil.siriusmarketingedesign.com.br\/wp-content\/uploads\/2024\/03\/image-1600-6c19726047788eb5c417c50b6f831965-300x200.jpeg",300,200,true],"medium_large":["https:\/\/construcaocivil.siriusmarketingedesign.com.br\/wp-content\/uploads\/2024\/03\/image-1600-6c19726047788eb5c417c50b6f831965-768x512.jpeg",768,512,true],"large":["https:\/\/construcaocivil.siriusmarketingedesign.com.br\/wp-content\/uploads\/2024\/03\/image-1600-6c19726047788eb5c417c50b6f831965-1024x683.jpeg",1024,683,true],"1536x1536":["https:\/\/construcaocivil.siriusmarketingedesign.com.br\/wp-content\/uploads\/2024\/03\/image-1600-6c19726047788eb5c417c50b6f831965-1536x1024.jpeg",1536,1024,true],"2048x2048":["https:\/\/construcaocivil.siriusmarketingedesign.com.br\/wp-content\/uploads\/2024\/03\/image-1600-6c19726047788eb5c417c50b6f831965.jpeg",1600,1067,false]},"uagb_author_info":{"display_name":"Jornal da Constru\u00e7\u00e3o Civil","author_link":"https:\/\/construcaocivil.siriusmarketingedesign.com.br\/?author=1"},"uagb_comment_info":0,"uagb_excerpt":"Em proje\u00e7\u00e3o para 2024, relat\u00f3rio da Organiza\u00e7\u00e3o Internacional do Trabalho (OIT) revela que a taxa de desemprego global dever\u00e1 aumentar, junto com as desigualdades. GT sobre Emprego elaborou diretrizes alinhadas com o cen\u00e1rio global e prop\u00f5e sa\u00eddas para o panorama preocupante. Aproximadamente 435 milh\u00f5es de trabalhadores estar\u00e3o em busca de emprego em 2024, estima o\u00a0Relat\u00f3rio&hellip;","_links":{"self":[{"href":"https:\/\/construcaocivil.siriusmarketingedesign.com.br\/index.php?rest_route=\/wp\/v2\/posts\/23428","targetHints":{"allow":["GET"]}}],"collection":[{"href":"https:\/\/construcaocivil.siriusmarketingedesign.com.br\/index.php?rest_route=\/wp\/v2\/posts"}],"about":[{"href":"https:\/\/construcaocivil.siriusmarketingedesign.com.br\/index.php?rest_route=\/wp\/v2\/types\/post"}],"author":[{"embeddable":true,"href":"https:\/\/construcaocivil.siriusmarketingedesign.com.br\/index.php?rest_route=\/wp\/v2\/users\/1"}],"replies":[{"embeddable":true,"href":"https:\/\/construcaocivil.siriusmarketingedesign.com.br\/index.php?rest_route=%2Fwp%2Fv2%2Fcomments&post=23428"}],"version-history":[{"count":0,"href":"https:\/\/construcaocivil.siriusmarketingedesign.com.br\/index.php?rest_route=\/wp\/v2\/posts\/23428\/revisions"}],"wp:featuredmedia":[{"embeddable":true,"href":"https:\/\/construcaocivil.siriusmarketingedesign.com.br\/index.php?rest_route=\/wp\/v2\/media\/23429"}],"wp:attachment":[{"href":"https:\/\/construcaocivil.siriusmarketingedesign.com.br\/index.php?rest_route=%2Fwp%2Fv2%2Fmedia&parent=23428"}],"wp:term":[{"taxonomy":"category","embeddable":true,"href":"https:\/\/construcaocivil.siriusmarketingedesign.com.br\/index.php?rest_route=%2Fwp%2Fv2%2Fcategories&post=23428"},{"taxonomy":"post_tag","embeddable":true,"href":"https:\/\/construcaocivil.siriusmarketingedesign.com.br\/index.php?rest_route=%2Fwp%2Fv2%2Ftags&post=23428"}],"curies":[{"name":"wp","href":"https:\/\/api.w.org\/{rel}","templated":true}]}}