{"id":23458,"date":"2024-03-12T00:37:21","date_gmt":"2024-03-12T03:37:21","guid":{"rendered":"https:\/\/www.jornaldaconstrucaocivil.com.br\/?p=23458"},"modified":"2024-03-12T00:37:21","modified_gmt":"2024-03-12T03:37:21","slug":"choque-eletrico-crea-rj-apura-responsaveis-tecnicos-por-evento-que-resultou-em-morte-de-jovem-no-riocentro","status":"publish","type":"post","link":"https:\/\/construcaocivil.siriusmarketingedesign.com.br\/?p=23458","title":{"rendered":"Choque El\u00e9trico: CREA-RJ apura respons\u00e1veis t\u00e9cnicos por evento que resultou em morte de jovem no Riocentro"},"content":{"rendered":"<p style=\"text-align: justify;\">O Conselho Regional de Engenharia e Agronomia do Rio (Crea-RJ) lamenta profundamente que o evento no Riocentro tenha resultado na morte de Jo\u00e3o Vin\u00edcius Ferreira Sim\u00f5es, na noite de s\u00e1bado(09\/03).<\/p>\n<p style=\"text-align: justify;\">\n<p style=\"text-align: justify;\">O CREA-RJ informa que est\u00e1 levantando toda a documenta\u00e7\u00e3o relativa ao evento, vai avaliar a situa\u00e7\u00e3o e apurar as responsabilidades t\u00e9cnicas dos servi\u00e7os realizados no referido evento. O Conselho observa que todo &#8220;food truck&#8221; precisa ter um engenheiro respons\u00e1vel e registrado no CREA-RJ para a verifica\u00e7\u00e3o das instala\u00e7\u00f5es.<\/p>\n<p style=\"text-align: justify;\">\n","protected":false},"excerpt":{"rendered":"<p>O Conselho Regional de Engenharia e Agronomia do Rio (Crea-RJ) lamenta profundamente que o evento no Riocentro tenha resultado na morte de Jo\u00e3o Vin\u00edcius Ferreira Sim\u00f5es, na noite de s\u00e1bado(09\/03). O CREA-RJ informa que est\u00e1 levantando toda a documenta\u00e7\u00e3o relativa ao evento, vai avaliar a situa\u00e7\u00e3o e apurar as responsabilidades t\u00e9cnicas dos servi\u00e7os realizados no [&hellip;]<\/p>\n","protected":false},"author":1,"featured_media":23459,"comment_status":"open","ping_status":"open","sticky":false,"template":"","format":"standard","meta":{"_uag_custom_page_level_css":"","footnotes":""},"categories":[27],"tags":[26341,3143,26342,26340],"class_list":["post-23458","post","type-post","status-publish","format-standard","has-post-thumbnail","hentry","category-acontece","tag-choque-eletrico","tag-crea-rj","tag-evento-sem-manutencao","tag-riocentro-barra-rj"],"blocksy_meta":[],"spectra_blocks_featured_image_url":{"thumbnail":{"url":"https:\/\/construcaocivil.siriusmarketingedesign.com.br\/wp-content\/uploads\/2024\/03\/171010109165ee1263c6961_1710101091_3x2_md-150x150.jpg","width":150,"height":150},"medium":{"url":"https:\/\/construcaocivil.siriusmarketingedesign.com.br\/wp-content\/uploads\/2024\/03\/171010109165ee1263c6961_1710101091_3x2_md-300x200.jpg","width":300,"height":200},"medium_large":{"url":"https:\/\/construcaocivil.siriusmarketingedesign.com.br\/wp-content\/uploads\/2024\/03\/171010109165ee1263c6961_1710101091_3x2_md.jpg","width":768,"height":512},"large":{"url":"https:\/\/construcaocivil.siriusmarketingedesign.com.br\/wp-content\/uploads\/2024\/03\/171010109165ee1263c6961_1710101091_3x2_md.jpg","width":768,"height":512},"full":{"url":"https:\/\/construcaocivil.siriusmarketingedesign.com.br\/wp-content\/uploads\/2024\/03\/171010109165ee1263c6961_1710101091_3x2_md.jpg","width":768,"height":512}},"spectra_blocks_author_info":{"display_name":"Jornal da Constru\u00e7\u00e3o Civil","avatar_url":"https:\/\/secure.gravatar.com\/avatar\/973c9774fd44ddaceb026973c4962faa70fc512bc4c9da68e8ebb40fecee6540?s=96&d=mm&r=g","author_link":"https:\/\/construcaocivil.siriusmarketingedesign.com.br\/?author=1","description":"Desde de 2013, levando muitas informa\u00e7\u00f5es, lan\u00e7amentos e produtos de qualidade para toda cadeia produtiva da constru\u00e7\u00e3o. O Futuro da constru\u00e7\u00e3o passa por aqui,"},"uagb_featured_image_src":{"full":["https:\/\/construcaocivil.siriusmarketingedesign.com.br\/wp-content\/uploads\/2024\/03\/171010109165ee1263c6961_1710101091_3x2_md.jpg",768,512,false],"thumbnail":["https:\/\/construcaocivil.siriusmarketingedesign.com.br\/wp-content\/uploads\/2024\/03\/171010109165ee1263c6961_1710101091_3x2_md-150x150.jpg",150,150,true],"medium":["https:\/\/construcaocivil.siriusmarketingedesign.com.br\/wp-content\/uploads\/2024\/03\/171010109165ee1263c6961_1710101091_3x2_md-300x200.jpg",300,200,true],"medium_large":["https:\/\/construcaocivil.siriusmarketingedesign.com.br\/wp-content\/uploads\/2024\/03\/171010109165ee1263c6961_1710101091_3x2_md.jpg",768,512,false],"large":["https:\/\/construcaocivil.siriusmarketingedesign.com.br\/wp-content\/uploads\/2024\/03\/171010109165ee1263c6961_1710101091_3x2_md.jpg",768,512,false],"1536x1536":["https:\/\/construcaocivil.siriusmarketingedesign.com.br\/wp-content\/uploads\/2024\/03\/171010109165ee1263c6961_1710101091_3x2_md.jpg",768,512,false],"2048x2048":["https:\/\/construcaocivil.siriusmarketingedesign.com.br\/wp-content\/uploads\/2024\/03\/171010109165ee1263c6961_1710101091_3x2_md.jpg",768,512,false]},"uagb_author_info":{"display_name":"Jornal da Constru\u00e7\u00e3o Civil","author_link":"https:\/\/construcaocivil.siriusmarketingedesign.com.br\/?author=1"},"uagb_comment_info":0,"uagb_excerpt":"O Conselho Regional de Engenharia e Agronomia do Rio (Crea-RJ) lamenta profundamente que o evento no Riocentro tenha resultado na morte de Jo\u00e3o Vin\u00edcius Ferreira Sim\u00f5es, na noite de s\u00e1bado(09\/03). O CREA-RJ informa que est\u00e1 levantando toda a documenta\u00e7\u00e3o relativa ao evento, vai avaliar a situa\u00e7\u00e3o e apurar as responsabilidades t\u00e9cnicas dos servi\u00e7os realizados no&hellip;","_links":{"self":[{"href":"https:\/\/construcaocivil.siriusmarketingedesign.com.br\/index.php?rest_route=\/wp\/v2\/posts\/23458","targetHints":{"allow":["GET"]}}],"collection":[{"href":"https:\/\/construcaocivil.siriusmarketingedesign.com.br\/index.php?rest_route=\/wp\/v2\/posts"}],"about":[{"href":"https:\/\/construcaocivil.siriusmarketingedesign.com.br\/index.php?rest_route=\/wp\/v2\/types\/post"}],"author":[{"embeddable":true,"href":"https:\/\/construcaocivil.siriusmarketingedesign.com.br\/index.php?rest_route=\/wp\/v2\/users\/1"}],"replies":[{"embeddable":true,"href":"https:\/\/construcaocivil.siriusmarketingedesign.com.br\/index.php?rest_route=%2Fwp%2Fv2%2Fcomments&post=23458"}],"version-history":[{"count":0,"href":"https:\/\/construcaocivil.siriusmarketingedesign.com.br\/index.php?rest_route=\/wp\/v2\/posts\/23458\/revisions"}],"wp:featuredmedia":[{"embeddable":true,"href":"https:\/\/construcaocivil.siriusmarketingedesign.com.br\/index.php?rest_route=\/wp\/v2\/media\/23459"}],"wp:attachment":[{"href":"https:\/\/construcaocivil.siriusmarketingedesign.com.br\/index.php?rest_route=%2Fwp%2Fv2%2Fmedia&parent=23458"}],"wp:term":[{"taxonomy":"category","embeddable":true,"href":"https:\/\/construcaocivil.siriusmarketingedesign.com.br\/index.php?rest_route=%2Fwp%2Fv2%2Fcategories&post=23458"},{"taxonomy":"post_tag","embeddable":true,"href":"https:\/\/construcaocivil.siriusmarketingedesign.com.br\/index.php?rest_route=%2Fwp%2Fv2%2Ftags&post=23458"}],"curies":[{"name":"wp","href":"https:\/\/api.w.org\/{rel}","templated":true}]}}