{"id":23467,"date":"2024-03-14T15:31:07","date_gmt":"2024-03-14T18:31:07","guid":{"rendered":"https:\/\/www.jornaldaconstrucaocivil.com.br\/?p=23467"},"modified":"2024-03-14T15:31:07","modified_gmt":"2024-03-14T18:31:07","slug":"arauco-lanca-colecao-tons-do-brasil","status":"publish","type":"post","link":"https:\/\/construcaocivil.siriusmarketingedesign.com.br\/?p=23467","title":{"rendered":"Arauco lan\u00e7a cole\u00e7\u00e3o Tons do Brasil"},"content":{"rendered":"<p style=\"text-align: justify;\">A Arauco, refer\u00eancia global na fabrica\u00e7\u00e3o de produtos de madeira, lan\u00e7a para o mercado moveleiro a nova cole\u00e7\u00e3o de pain\u00e9is &#8220;Tons do Brasil&#8221;. Composta por sete padr\u00f5es &#8211; Cristalina, Jalap\u00e3o, Petar, Maragogi, Atl\u00e2ntica, Cerrado e Mara\u00fa \u2013, esta cole\u00e7\u00e3o \u00e9 uma ode \u00e0 diversidade do pa\u00eds, com seus sotaques, etnias, m\u00fasicas, climas, culturas e paisagens.<\/p>\n<p style=\"text-align: justify;\">&#8220;O Brasil \u00e9 um pa\u00eds diverso. Escolhemos alguns dos principais biomas e paisagens para dar nome aos sete padr\u00f5es da cole\u00e7\u00e3o. Nossos lan\u00e7amentos focam na realidade, cultura e mercado brasileiros&#8221;, explica Solon Cassal, gerente de desenvolvimento de produto e tend\u00eancias da Arauco Brasil.<\/p>\n<p style=\"text-align: justify;\">Cassal afirma que &#8220;Tons do Brasil&#8221; atende a uma ampla gama de estilos e ambientes, desde projetos residenciais at\u00e9 corporativos, hoteleiros e hospitalares. Os padr\u00f5es foram cuidadosamente selecionados para serem combinados entre si e com os demais produtos do portf\u00f3lio da Arauco, oferecendo aos clientes uma variedade de op\u00e7\u00f5es para suas cria\u00e7\u00f5es.<\/p>\n<p style=\"text-align: justify;\">De acordo com o diretor comercial e de marketing da Arauco, Fl\u00e1vio Verardi, a cole\u00e7\u00e3o se alinha \u00e0s tend\u00eancias mundiais, mantendo o foco no mercado brasileiro. &#8220;Nas \u00faltimas semanas, nos reunimos com importantes parceiros da Arauco no varejo para apresentar o Preview 2024, evento que realizamos pelo terceiro ano consecutivo para mostrar em primeira m\u00e3o nossos lan\u00e7amentos em pain\u00e9is de MDF. Tivemos uma \u00f3tima recep\u00e7\u00e3o e fechamos este primeiro ciclo do ano muito satisfeitos com o feedback que recebemos.&#8221;<\/p>\n<p style=\"text-align: justify;\">Quanto ao papel da sustentabilidade no desenvolvimento e produ\u00e7\u00e3o da cole\u00e7\u00e3o, Fl\u00e1vio Verardi destaca o compromisso da Arauco com pr\u00e1ticas ambientalmente respons\u00e1veis em todo o processo produtivo, com foco em recursos naturais 100% renov\u00e1veis e pr\u00e1ticas de manejo florestal respons\u00e1vel. &#8220;Somos reconhecidos como a primeira companhia florestal do mundo certificada como Carbono Neutro, e nossos pain\u00e9is s\u00e3o produzidos em conformidade com as especifica\u00e7\u00f5es da Certifica\u00e7\u00e3o Carb no n\u00edvel 2, o mais seguro da norma.&#8221; Segundo ele, esses esfor\u00e7os refletem o compromisso da Arauco com a sustentabilidade e influenciam positivamente a decis\u00e3o de compra de seus clientes, que valorizam empresas s\u00e9rias preocupadas com o meio ambiente e a sa\u00fade das pessoas.<\/p>\n<p style=\"text-align: justify;\"><strong>Conhe\u00e7a os padr\u00f5es que comp\u00f5em a cole\u00e7\u00e3o &#8220;Tons do Brasil&#8221;<\/strong><\/p>\n<p style=\"text-align: justify;\">Os padr\u00f5es da nova cole\u00e7\u00e3o da Arauco s\u00e3o inspirados nos tons do nosso pa\u00eds, que est\u00e3o presentes nos quatro cantos do Brasil, embaixo e sobre o solo, em cavernas, praias, mar, florestas e biomas. Eles proporcionam uma experi\u00eancia \u00fanica, a de vivenciar a beleza e o acolhimento oferecidos pelas cores, desenhos e ritmos da brasilidade.<\/p>\n<p style=\"text-align: justify;\"><strong>Cristalina (tons do nosso solo)<\/strong><\/p>\n<p style=\"text-align: justify;\">Neutro, acetinado, enriquece combina\u00e7\u00f5es<\/p>\n<p style=\"text-align: justify;\">A cidade goiana que guarda uma das maiores jazidas de cristal de quartzo do planeta inspirou um padr\u00e3o muito claro, quase branco, elegante e precioso. Sua neutralidade e tom acetinado s\u00e3o perfeitos para enriquecer qualquer combina\u00e7\u00e3o, oferecendo muita liberdade criativa.<\/p>\n<p style=\"text-align: justify;\"><strong>Jalap\u00e3o (tons da nossa terra)<\/strong><\/p>\n<p style=\"text-align: justify;\">Vibrante, terroso, comp\u00f5e com cores suaves e madeiras<\/p>\n<p style=\"text-align: justify;\">Repleta de paisagens encantadoras, essa regi\u00e3o do Tocantins tem como marca sua natureza avermelhada, ponto de partida para a cria\u00e7\u00e3o de um padr\u00e3o vibrante, intenso e terroso, perfeito em composi\u00e7\u00f5es com cores suaves ou madeiras de diversas tonalidades.<\/p>\n<p style=\"text-align: justify;\"><strong>Petar (tons da nossa caverna)<\/strong><\/p>\n<p style=\"text-align: justify;\">Madeira ebanizada, visual cl\u00e1ssico, ideal para mobili\u00e1rio contempor\u00e2neo<\/p>\n<p style=\"text-align: justify;\">Patrim\u00f4nio da Humanidade, essa reserva natural re\u00fane centenas de cavernas, pared\u00f5es, grutas e forma\u00e7\u00f5es rochosas surpreendentes. Seus desenhos, cores e reflexos est\u00e3o no nosso padr\u00e3o de madeira ebanizada, uma escolha cl\u00e1ssica para o mobili\u00e1rio contempor\u00e2neo.<\/p>\n<p style=\"text-align: justify;\"><strong>Maragogi (tons do nosso mar)<\/strong><\/p>\n<p style=\"text-align: justify;\">Leve e delicado, efeito calmante, para usos individuais ou combina\u00e7\u00f5es<\/p>\n<p style=\"text-align: justify;\">Na Costa dos Corais encontramos praias e piscinas naturais com \u00e1guas em tons clar\u00edssimos. Um desses tons foi escolhido para a cria\u00e7\u00e3o de um novo padr\u00e3o em um verde muito leve, delicado e calmante, que oferece um frescor natural e encanta tanto em usos individuais quanto em combina\u00e7\u00f5es com outras cores e padr\u00f5es.<\/p>\n<p style=\"text-align: justify;\"><strong>Atl\u00e2ntica (tons da nossa floresta)<\/strong><\/p>\n<p style=\"text-align: justify;\">Quente e marcante, belos veios e catedrais, estilo retr\u00f4 que traz aconchego<\/p>\n<p style=\"text-align: justify;\">A exuberante mata litor\u00e2nea, ber\u00e7o do pau-brasil, nomeia nosso padr\u00e3o de madeira avermelhada, quente e marcante pelo belo desenho de suas catedrais e veios. Com visual alinhado ao estilo retr\u00f4, traz mem\u00f3rias e aconchego aos ambientes.<\/p>\n<p style=\"text-align: justify;\"><strong>Cerrado (tons do nosso bioma)<\/strong><\/p>\n<p style=\"text-align: justify;\">Estrutura linear, leve movimento nos veios, visual cl\u00e1ssico<\/p>\n<p style=\"text-align: justify;\">Presente na regi\u00e3o central do pa\u00eds, com uma das maiores biodiversidades do mundo, o cerrado e suas cores est\u00e3o em nosso novo padr\u00e3o, uma madeira de estrutura linear, sem catedrais e com um leve movimento em seus veios, que lembram os desenhos das chapadas no horizonte. Um verdadeiro cl\u00e1ssico para os mais variados projetos.<\/p>\n<p style=\"text-align: justify;\"><strong>Mara\u00fa (tons de nossa praia)<\/strong><\/p>\n<p style=\"text-align: justify;\">Madeira clara, poucas catedrais alongadas, vers\u00e1til e atemporal<\/p>\n<p style=\"text-align: justify;\">Das longas extens\u00f5es de areia dessa pen\u00ednsula baiana, preservada e repleta de vida selvagem, nasce nosso padr\u00e3o de madeira clara, cheio de estilo. Sua estrutura linear, com poucas catedrais, alongadas, resulta em um desenho delicado e um padr\u00e3o vers\u00e1til e atemporal.<\/p>\n<p style=\"text-align: justify;\">\n","protected":false},"excerpt":{"rendered":"<p>A Arauco, refer\u00eancia global na fabrica\u00e7\u00e3o de produtos de madeira, lan\u00e7a para o mercado moveleiro a nova cole\u00e7\u00e3o de pain\u00e9is &#8220;Tons do Brasil&#8221;. Composta por sete padr\u00f5es &#8211; Cristalina, Jalap\u00e3o, Petar, Maragogi, Atl\u00e2ntica, Cerrado e Mara\u00fa \u2013, esta cole\u00e7\u00e3o \u00e9 uma ode \u00e0 diversidade do pa\u00eds, com seus sotaques, etnias, m\u00fasicas, climas, culturas e paisagens. [&hellip;]<\/p>\n","protected":false},"author":1,"featured_media":23473,"comment_status":"open","ping_status":"open","sticky":false,"template":"","format":"standard","meta":{"_uag_custom_page_level_css":"","footnotes":""},"categories":[28],"tags":[26018,26347,1933,21077],"class_list":["post-23467","post","type-post","status-publish","format-standard","has-post-thumbnail","hentry","category-arquitetura","tag-exporevestir2024","tag-arauco-tons-do-brasil","tag-casa-e-decoracao","tag-cozinha-e-sala"],"blocksy_meta":[],"spectra_blocks_featured_image_url":{"thumbnail":{"url":"https:\/\/construcaocivil.siriusmarketingedesign.com.br\/wp-content\/uploads\/2024\/03\/ARAUCO-Cozinha-Final-4-Petar-Jalapao-e-Cerrado-150x150.jpg","width":150,"height":150},"medium":{"url":"https:\/\/construcaocivil.siriusmarketingedesign.com.br\/wp-content\/uploads\/2024\/03\/ARAUCO-Cozinha-Final-4-Petar-Jalapao-e-Cerrado-300x300.jpg","width":300,"height":300},"medium_large":{"url":"https:\/\/construcaocivil.siriusmarketingedesign.com.br\/wp-content\/uploads\/2024\/03\/ARAUCO-Cozinha-Final-4-Petar-Jalapao-e-Cerrado.jpg","width":709,"height":709},"large":{"url":"https:\/\/construcaocivil.siriusmarketingedesign.com.br\/wp-content\/uploads\/2024\/03\/ARAUCO-Cozinha-Final-4-Petar-Jalapao-e-Cerrado.jpg","width":709,"height":709},"full":{"url":"https:\/\/construcaocivil.siriusmarketingedesign.com.br\/wp-content\/uploads\/2024\/03\/ARAUCO-Cozinha-Final-4-Petar-Jalapao-e-Cerrado.jpg","width":709,"height":709}},"spectra_blocks_author_info":{"display_name":"Jornal da Constru\u00e7\u00e3o Civil","avatar_url":"https:\/\/secure.gravatar.com\/avatar\/973c9774fd44ddaceb026973c4962faa70fc512bc4c9da68e8ebb40fecee6540?s=96&d=mm&r=g","author_link":"https:\/\/construcaocivil.siriusmarketingedesign.com.br\/?author=1","description":"Desde de 2013, levando muitas informa\u00e7\u00f5es, lan\u00e7amentos e produtos de qualidade para toda cadeia produtiva da constru\u00e7\u00e3o. O Futuro da constru\u00e7\u00e3o passa por aqui,"},"uagb_featured_image_src":{"full":["https:\/\/construcaocivil.siriusmarketingedesign.com.br\/wp-content\/uploads\/2024\/03\/ARAUCO-Cozinha-Final-4-Petar-Jalapao-e-Cerrado.jpg",709,709,false],"thumbnail":["https:\/\/construcaocivil.siriusmarketingedesign.com.br\/wp-content\/uploads\/2024\/03\/ARAUCO-Cozinha-Final-4-Petar-Jalapao-e-Cerrado-150x150.jpg",150,150,true],"medium":["https:\/\/construcaocivil.siriusmarketingedesign.com.br\/wp-content\/uploads\/2024\/03\/ARAUCO-Cozinha-Final-4-Petar-Jalapao-e-Cerrado-300x300.jpg",300,300,true],"medium_large":["https:\/\/construcaocivil.siriusmarketingedesign.com.br\/wp-content\/uploads\/2024\/03\/ARAUCO-Cozinha-Final-4-Petar-Jalapao-e-Cerrado.jpg",709,709,false],"large":["https:\/\/construcaocivil.siriusmarketingedesign.com.br\/wp-content\/uploads\/2024\/03\/ARAUCO-Cozinha-Final-4-Petar-Jalapao-e-Cerrado.jpg",709,709,false],"1536x1536":["https:\/\/construcaocivil.siriusmarketingedesign.com.br\/wp-content\/uploads\/2024\/03\/ARAUCO-Cozinha-Final-4-Petar-Jalapao-e-Cerrado.jpg",709,709,false],"2048x2048":["https:\/\/construcaocivil.siriusmarketingedesign.com.br\/wp-content\/uploads\/2024\/03\/ARAUCO-Cozinha-Final-4-Petar-Jalapao-e-Cerrado.jpg",709,709,false]},"uagb_author_info":{"display_name":"Jornal da Constru\u00e7\u00e3o Civil","author_link":"https:\/\/construcaocivil.siriusmarketingedesign.com.br\/?author=1"},"uagb_comment_info":0,"uagb_excerpt":"A Arauco, refer\u00eancia global na fabrica\u00e7\u00e3o de produtos de madeira, lan\u00e7a para o mercado moveleiro a nova cole\u00e7\u00e3o de pain\u00e9is &#8220;Tons do Brasil&#8221;. Composta por sete padr\u00f5es &#8211; Cristalina, Jalap\u00e3o, Petar, Maragogi, Atl\u00e2ntica, Cerrado e Mara\u00fa \u2013, esta cole\u00e7\u00e3o \u00e9 uma ode \u00e0 diversidade do pa\u00eds, com seus sotaques, etnias, m\u00fasicas, climas, culturas e paisagens.&hellip;","_links":{"self":[{"href":"https:\/\/construcaocivil.siriusmarketingedesign.com.br\/index.php?rest_route=\/wp\/v2\/posts\/23467","targetHints":{"allow":["GET"]}}],"collection":[{"href":"https:\/\/construcaocivil.siriusmarketingedesign.com.br\/index.php?rest_route=\/wp\/v2\/posts"}],"about":[{"href":"https:\/\/construcaocivil.siriusmarketingedesign.com.br\/index.php?rest_route=\/wp\/v2\/types\/post"}],"author":[{"embeddable":true,"href":"https:\/\/construcaocivil.siriusmarketingedesign.com.br\/index.php?rest_route=\/wp\/v2\/users\/1"}],"replies":[{"embeddable":true,"href":"https:\/\/construcaocivil.siriusmarketingedesign.com.br\/index.php?rest_route=%2Fwp%2Fv2%2Fcomments&post=23467"}],"version-history":[{"count":0,"href":"https:\/\/construcaocivil.siriusmarketingedesign.com.br\/index.php?rest_route=\/wp\/v2\/posts\/23467\/revisions"}],"wp:featuredmedia":[{"embeddable":true,"href":"https:\/\/construcaocivil.siriusmarketingedesign.com.br\/index.php?rest_route=\/wp\/v2\/media\/23473"}],"wp:attachment":[{"href":"https:\/\/construcaocivil.siriusmarketingedesign.com.br\/index.php?rest_route=%2Fwp%2Fv2%2Fmedia&parent=23467"}],"wp:term":[{"taxonomy":"category","embeddable":true,"href":"https:\/\/construcaocivil.siriusmarketingedesign.com.br\/index.php?rest_route=%2Fwp%2Fv2%2Fcategories&post=23467"},{"taxonomy":"post_tag","embeddable":true,"href":"https:\/\/construcaocivil.siriusmarketingedesign.com.br\/index.php?rest_route=%2Fwp%2Fv2%2Ftags&post=23467"}],"curies":[{"name":"wp","href":"https:\/\/api.w.org\/{rel}","templated":true}]}}