{"id":23468,"date":"2024-03-14T11:50:34","date_gmt":"2024-03-14T14:50:34","guid":{"rendered":"https:\/\/www.jornaldaconstrucaocivil.com.br\/?p=23468"},"modified":"2024-03-14T11:50:34","modified_gmt":"2024-03-14T14:50:34","slug":"cidade-maravilhosa-sera-capital-da-locacao-de-maquinas-em-2024","status":"publish","type":"post","link":"https:\/\/construcaocivil.siriusmarketingedesign.com.br\/?p=23468","title":{"rendered":"Cidade maravilhosa ser\u00e1 capital da loca\u00e7\u00e3o de m\u00e1quinas em 2024"},"content":{"rendered":"<p style=\"text-align: justify;\" align=\"center\"><span style=\"color: #993300;\"><strong><i>Rio de Janeiro sediar\u00e1 a 2\u00aa Analoc Rental Show, principal feira de equipamentos, produtos e servi\u00e7os voltados para empresas locadoras<\/i><\/strong><\/span><\/p>\n<p style=\"text-align: justify;\">\n<p style=\"text-align: justify;\">Ap\u00f3s ter encerrado o ano de 2023 com bom desempenho, a loca\u00e7\u00e3o de equipamentos segue aquecida e com perspectivas positivas. Diante desse cen\u00e1rio, ser\u00e1 realizada de\u00a0<b>02 a 04 de julho<\/b>\u00a0a\u00a0<b>2\u00aa Analoc Rental Show<\/b>, principal feira de m\u00e1quinas, produtos e servi\u00e7os voltados para empresas locadoras de m\u00e1quinas para constru\u00e7\u00e3o civil e manuten\u00e7\u00e3o industrial.<\/p>\n<p style=\"text-align: justify;\">\n<p style=\"text-align: justify;\">A cidade escolhida para este ano \u00e9 o Rio de Janeiro, capital reconhecida pelo seu grande potencial econ\u00f4mico, tur\u00edstico e de realiza\u00e7\u00e3o de eventos. A feira ser\u00e1 realizada no Riocentro, local arborizado e bem estruturado para sediar a\u00a0<b>Analoc Rental Show<\/b>. De acordo com os organizadores, a ideia \u00e9 continuar com o projeto de uma feira itinerante.<\/p>\n<figure id=\"attachment_23470\" aria-describedby=\"caption-attachment-23470\" style=\"width: 300px\" class=\"wp-caption alignleft\"><img loading=\"lazy\" decoding=\"async\" class=\"size-medium wp-image-23470\" src=\"https:\/\/www.jornaldaconstrucaocivil.com.br\/wp-content\/uploads\/2024\/03\/analoc_rental_show_RJ_1-300x200.jpg\" alt=\"\" width=\"300\" height=\"200\" srcset=\"https:\/\/construcaocivil.siriusmarketingedesign.com.br\/wp-content\/uploads\/2024\/03\/analoc_rental_show_RJ_1-300x200.jpg 300w, https:\/\/construcaocivil.siriusmarketingedesign.com.br\/wp-content\/uploads\/2024\/03\/analoc_rental_show_RJ_1-1024x683.jpg 1024w, https:\/\/construcaocivil.siriusmarketingedesign.com.br\/wp-content\/uploads\/2024\/03\/analoc_rental_show_RJ_1-768x512.jpg 768w, https:\/\/construcaocivil.siriusmarketingedesign.com.br\/wp-content\/uploads\/2024\/03\/analoc_rental_show_RJ_1-1536x1024.jpg 1536w, https:\/\/construcaocivil.siriusmarketingedesign.com.br\/wp-content\/uploads\/2024\/03\/analoc_rental_show_RJ_1-2048x1365.jpg 2048w, https:\/\/construcaocivil.siriusmarketingedesign.com.br\/wp-content\/uploads\/2024\/03\/analoc_rental_show_RJ_1-200x133.jpg 200w\" sizes=\"auto, (max-width: 300px) 100vw, 300px\" \/><figcaption id=\"caption-attachment-23470\" class=\"wp-caption-text\">Analoc Rental Show Rio 2024. Divulga\u00e7\u00e3o<\/figcaption><\/figure>\n<p style=\"text-align: justify;\">Em paralelo \u00e0 exposi\u00e7\u00e3o, ser\u00e1 realizada a Semana do Rental, com palestras e mentorias gratuitas exclusivamente focadas na realidade dessas empresas e que movimentar\u00e1 todo o ecossistema do locador, num ambiente onde ser\u00e1 poss\u00edvel estreitar rela\u00e7\u00f5es, gerar neg\u00f3cios, conhecer tecnologias e obter condi\u00e7\u00f5es especiais de compra.<\/p>\n<p style=\"text-align: justify;\">\n<p style=\"text-align: justify;\">&#8220;Atender locador \u00e9 sempre um grande desafio, e isso distingue bem as ind\u00fastrias mais preparadas daquelas que ainda est\u00e3o num caminho convencional. O empres\u00e1rio dessa \u00e1rea n\u00e3o vai comprar o produto mais barato, de giro, de maior custo-benef\u00edcio, mas sim um equipamento de boa qualidade para ser utilizado por terceiros&#8221;, explica Reynaldo Fraiha, coordenador do evento e representante da Analoc \u2013 Associa\u00e7\u00e3o Brasileira dos Sindicatos e Associa\u00e7\u00f5es Representantes dos Locadores de Equipamentos, M\u00e1quinas e Ferramentas, que em parceria com o Grupo LocadoresBR realiza a feira.<\/p>\n<p style=\"text-align: justify;\">\n<p style=\"text-align: justify;\">Dessa forma, a prefer\u00eancia \u00e9 investir em algo com seguran\u00e7a e durabilidade, com menor probabilidade de apresentar problemas mec\u00e2nicos e de desempenho na obra. Os conte\u00fados debatidos na feira, assim como as solu\u00e7\u00f5es l\u00e1 apresentadas pelos expositores, deixam clara que essa \u00e9 a forte tend\u00eancia no aluguel de m\u00e1quinas.<\/p>\n<p style=\"text-align: justify;\">\n<p style=\"text-align: justify;\">O locador gosta quando o fabricante permanece pr\u00f3ximo, presente no seu dia-a-dia, com a mesma aten\u00e7\u00e3o que dedica para acompanhar o laborat\u00f3rio de testes dos seus produtos. &#8220;N\u00e3o basta vender, o fornecedor precisa se fazer presente, deixar-se tocar pelas dores e experi\u00eancias desafiadoras de suporte ao cliente, para juntos promoverem solu\u00e7\u00f5es para seguran\u00e7a e alta performance&#8221;, complementa Le\u00f4nidas Ferreira, conhecido como Leo Sisloc, diretor executivo da Sisloc Softwares de Gest\u00e3o, presidente do Grupo LocadoresBR e coordenador da\u00a0<b>Analoc Rental Show<\/b>.<\/p>\n<p style=\"text-align: justify;\">\n<p style=\"text-align: justify;\">De acordo com Leo, os fornecedores que acertam nessa tarefa se destacam muito bem nos demais mercados, por atender a um p\u00fablico exigente, bem pr\u00f3ximo do consumidor final, e que ajuda a ind\u00fastria a evoluir o produto e o servi\u00e7o. &#8220;Hoje o locador busca adquirir produtos que &#8216;dialoguem&#8217; com o mercado, ou seja, forne\u00e7am a solu\u00e7\u00e3o exata para as necessidades de uso em obras e manuten\u00e7\u00f5es industriais, em prazo e custo-benef\u00edcio condizente com a realidade. Por isso a\u00a0<b>Analoc Rental Show<\/b>\u00a0\u00e9 ideal para atender \u00e0s diferentes expectativas do p\u00fablico.<\/p>\n<p style=\"text-align: justify;\">\n<p style=\"text-align: justify;\">Na edi\u00e7\u00e3o do ano passado, a feira atraiu cerca de 4.850 visitantes para o Centro de Eventos Positivo, em Curitiba, atingindo a marca de 58 milh\u00f5es de reais, em volume de neg\u00f3cios. &#8220;O p\u00fablico formado majoritariamente por locadores foi muito receptivo e os expositores ficaram muito satisfeitos com os resultados de vendas e o\u00a0<i>networking<\/i>\u00a0realizado&#8221;, detalha Reynaldo Fraiha.<\/p>\n<p style=\"text-align: justify;\">\n<p style=\"text-align: justify;\"><b><u>O aluguel de m\u00e1quinas em n\u00fameros<\/u><\/b><\/p>\n<p style=\"text-align: justify;\">\n<p style=\"text-align: justify;\">De acordo com dados da Receita Federal e estimativas feitas pela Analoc, o setor de loca\u00e7\u00e3o de equipamentos conta com aproximadamente 40.100 empresas no Brasil, que movimentam R$ 30 bilh\u00f5es em neg\u00f3cios. A quantidade cresce de maneira cont\u00ednua, o que muda \u00e9 a intensidade.<\/p>\n<p style=\"text-align: justify;\">\n<p style=\"text-align: justify;\">Em mais de 80%, esse mercado \u00e9 formado por pequenas e microempresas, e microempreendedores individuais (MEI). Atualmente a gera\u00e7\u00e3o mais nova tem chegado \u00e0 dire\u00e7\u00e3o das empresas e isso tem revitalizado o mercado. A preocupa\u00e7\u00e3o est\u00e1 mais voltada para a atualiza\u00e7\u00e3o tecnol\u00f3gica das frotas, controle e gest\u00e3o, principalmente nas pequenas e m\u00e9dias empresas, que veem na profissionaliza\u00e7\u00e3o e qualifica\u00e7\u00e3o de suas equipes o seu maior diferencial de mercado.<\/p>\n<p style=\"text-align: justify;\">\n<p style=\"text-align: justify;\">N\u00e3o h\u00e1 muito espa\u00e7o hoje para as empresas que alugam equipamentos velhos ou mal cuidados. O pr\u00f3prio cliente exclui esse fornecedor de suas contrata\u00e7\u00f5es, principalmente nos grandes centros ou de importantes obras.<\/p>\n","protected":false},"excerpt":{"rendered":"<p>Rio de Janeiro sediar\u00e1 a 2\u00aa Analoc Rental Show, principal feira de equipamentos, produtos e servi\u00e7os voltados para empresas locadoras Ap\u00f3s ter encerrado o ano de 2023 com bom desempenho, a loca\u00e7\u00e3o de equipamentos segue aquecida e com perspectivas positivas. Diante desse cen\u00e1rio, ser\u00e1 realizada de\u00a002 a 04 de julho\u00a0a\u00a02\u00aa Analoc Rental Show, principal feira [&hellip;]<\/p>\n","protected":false},"author":1,"featured_media":23469,"comment_status":"open","ping_status":"open","sticky":false,"template":"","format":"standard","meta":{"_uag_custom_page_level_css":"","footnotes":""},"categories":[32],"tags":[25725,26346,14083,26345],"class_list":["post-23468","post","type-post","status-publish","format-standard","has-post-thumbnail","hentry","category-maquinas-e-equipamentos","tag-volvoce","tag-aluguel-de-maquinas-pesadas","tag-analoc","tag-analoc-rental-show"],"blocksy_meta":[],"spectra_blocks_featured_image_url":{"thumbnail":{"url":"https:\/\/construcaocivil.siriusmarketingedesign.com.br\/wp-content\/uploads\/2024\/03\/AA-VOLVO-CE-150x150.jpg","width":150,"height":150},"medium":{"url":"https:\/\/construcaocivil.siriusmarketingedesign.com.br\/wp-content\/uploads\/2024\/03\/AA-VOLVO-CE-300x192.jpg","width":300,"height":192},"medium_large":{"url":"https:\/\/construcaocivil.siriusmarketingedesign.com.br\/wp-content\/uploads\/2024\/03\/AA-VOLVO-CE.jpg","width":523,"height":335},"large":{"url":"https:\/\/construcaocivil.siriusmarketingedesign.com.br\/wp-content\/uploads\/2024\/03\/AA-VOLVO-CE.jpg","width":523,"height":335},"full":{"url":"https:\/\/construcaocivil.siriusmarketingedesign.com.br\/wp-content\/uploads\/2024\/03\/AA-VOLVO-CE.jpg","width":523,"height":335}},"spectra_blocks_author_info":{"display_name":"Jornal da Constru\u00e7\u00e3o Civil","avatar_url":"https:\/\/secure.gravatar.com\/avatar\/973c9774fd44ddaceb026973c4962faa70fc512bc4c9da68e8ebb40fecee6540?s=96&d=mm&r=g","author_link":"https:\/\/construcaocivil.siriusmarketingedesign.com.br\/?author=1","description":"Desde de 2013, levando muitas informa\u00e7\u00f5es, lan\u00e7amentos e produtos de qualidade para toda cadeia produtiva da constru\u00e7\u00e3o. O Futuro da constru\u00e7\u00e3o passa por aqui,"},"uagb_featured_image_src":{"full":["https:\/\/construcaocivil.siriusmarketingedesign.com.br\/wp-content\/uploads\/2024\/03\/AA-VOLVO-CE.jpg",523,335,false],"thumbnail":["https:\/\/construcaocivil.siriusmarketingedesign.com.br\/wp-content\/uploads\/2024\/03\/AA-VOLVO-CE-150x150.jpg",150,150,true],"medium":["https:\/\/construcaocivil.siriusmarketingedesign.com.br\/wp-content\/uploads\/2024\/03\/AA-VOLVO-CE-300x192.jpg",300,192,true],"medium_large":["https:\/\/construcaocivil.siriusmarketingedesign.com.br\/wp-content\/uploads\/2024\/03\/AA-VOLVO-CE.jpg",523,335,false],"large":["https:\/\/construcaocivil.siriusmarketingedesign.com.br\/wp-content\/uploads\/2024\/03\/AA-VOLVO-CE.jpg",523,335,false],"1536x1536":["https:\/\/construcaocivil.siriusmarketingedesign.com.br\/wp-content\/uploads\/2024\/03\/AA-VOLVO-CE.jpg",523,335,false],"2048x2048":["https:\/\/construcaocivil.siriusmarketingedesign.com.br\/wp-content\/uploads\/2024\/03\/AA-VOLVO-CE.jpg",523,335,false]},"uagb_author_info":{"display_name":"Jornal da Constru\u00e7\u00e3o Civil","author_link":"https:\/\/construcaocivil.siriusmarketingedesign.com.br\/?author=1"},"uagb_comment_info":0,"uagb_excerpt":"Rio de Janeiro sediar\u00e1 a 2\u00aa Analoc Rental Show, principal feira de equipamentos, produtos e servi\u00e7os voltados para empresas locadoras Ap\u00f3s ter encerrado o ano de 2023 com bom desempenho, a loca\u00e7\u00e3o de equipamentos segue aquecida e com perspectivas positivas. Diante desse cen\u00e1rio, ser\u00e1 realizada de\u00a002 a 04 de julho\u00a0a\u00a02\u00aa Analoc Rental Show, principal feira&hellip;","_links":{"self":[{"href":"https:\/\/construcaocivil.siriusmarketingedesign.com.br\/index.php?rest_route=\/wp\/v2\/posts\/23468","targetHints":{"allow":["GET"]}}],"collection":[{"href":"https:\/\/construcaocivil.siriusmarketingedesign.com.br\/index.php?rest_route=\/wp\/v2\/posts"}],"about":[{"href":"https:\/\/construcaocivil.siriusmarketingedesign.com.br\/index.php?rest_route=\/wp\/v2\/types\/post"}],"author":[{"embeddable":true,"href":"https:\/\/construcaocivil.siriusmarketingedesign.com.br\/index.php?rest_route=\/wp\/v2\/users\/1"}],"replies":[{"embeddable":true,"href":"https:\/\/construcaocivil.siriusmarketingedesign.com.br\/index.php?rest_route=%2Fwp%2Fv2%2Fcomments&post=23468"}],"version-history":[{"count":0,"href":"https:\/\/construcaocivil.siriusmarketingedesign.com.br\/index.php?rest_route=\/wp\/v2\/posts\/23468\/revisions"}],"wp:featuredmedia":[{"embeddable":true,"href":"https:\/\/construcaocivil.siriusmarketingedesign.com.br\/index.php?rest_route=\/wp\/v2\/media\/23469"}],"wp:attachment":[{"href":"https:\/\/construcaocivil.siriusmarketingedesign.com.br\/index.php?rest_route=%2Fwp%2Fv2%2Fmedia&parent=23468"}],"wp:term":[{"taxonomy":"category","embeddable":true,"href":"https:\/\/construcaocivil.siriusmarketingedesign.com.br\/index.php?rest_route=%2Fwp%2Fv2%2Fcategories&post=23468"},{"taxonomy":"post_tag","embeddable":true,"href":"https:\/\/construcaocivil.siriusmarketingedesign.com.br\/index.php?rest_route=%2Fwp%2Fv2%2Ftags&post=23468"}],"curies":[{"name":"wp","href":"https:\/\/api.w.org\/{rel}","templated":true}]}}