{"id":2347,"date":"2016-06-28T21:12:01","date_gmt":"2016-06-28T21:12:01","guid":{"rendered":"http:\/\/www.jornaldaconstrucaocivil.com.br\/?p=2347"},"modified":"2016-06-28T21:12:01","modified_gmt":"2016-06-28T21:12:01","slug":"ipea-faz-radiografia-do-complexo-do-alemao","status":"publish","type":"post","link":"https:\/\/construcaocivil.siriusmarketingedesign.com.br\/?p=2347","title":{"rendered":"Ipea faz radiografia do Complexo do Alem\u00e3o"},"content":{"rendered":"<p><strong><span style=\"color: #000000;\">Embasada em pesquisa de campo, obra trata de pol\u00edticas p\u00fablicas, assentamentos prec\u00e1rios, PAC, UPPs e outras interven\u00e7\u00f5es governamentais<\/span><\/strong><\/p>\n<p><span style=\"color: #000000;\">O Ipea lan\u00e7a a publica\u00e7\u00e3o Vida Social e Pol\u00edtica nas Favelas na pr\u00f3xima quinta-feira (30), em uma roda de conversa com autores e convidados sobre n\u00facleos de pesquisa, documenta\u00e7\u00e3o e mem\u00f3ria em espa\u00e7os populares, \u00e0s 16h, na Avenida Presidente Antonio Carlos, 51, audit\u00f3rio do d\u00e9cimo andar, no Centro do Rio. O evento ser\u00e1 gratuito, aberto ao p\u00fablico, mas \u00e9 necess\u00e1ria a confirma\u00e7\u00e3o de presen\u00e7a por meio do e-mail: eventos@ipea.gov.br.<\/span><\/p>\n<p><span style=\"color: #000000;\">O livro amplia a produ\u00e7\u00e3o do Ipea j\u00e1 consolidada em diagn\u00f3sticos e acompanhamento das pol\u00edticas p\u00fablicas voltadas para os assentamentos prec\u00e1rios e favelas, em uma perspectiva institucional e hist\u00f3rica. A obra originou-se no projeto Pol\u00edticas P\u00fablicas para as Favelas: Passado e Presente e contribui para a compreens\u00e3o dos arranjos institucionais que viabilizam as a\u00e7\u00f5es p\u00fablicas nas favelas, e dos mecanismos de participa\u00e7\u00e3o pol\u00edtica dos moradores. Este tipo de informa\u00e7\u00e3o sobre as favelas \u00e9 produzido, essencialmente, por meio de pesquisas de campo, pois as estat\u00edsticas censit\u00e1rias sobre as favelas sofrem muitas limita\u00e7\u00f5es para informar sobre os arranjos institucionais que viabilizam o acesso da popula\u00e7\u00e3o aos bens e aos servi\u00e7os p\u00fablicos, bem como sobre como tais arranjos interferem nos resultados das a\u00e7\u00f5es estatais.<\/span><\/p>\n<p><span style=\"color: #000000;\">Coordenado pela t\u00e9cnica de planejamento e pesquisa do Ipea Rute Imanishi, o trabalho \u00e9 resultado de uma parceria com o Instituto Ra\u00edzes em Movimento, que tem sede e atua\u00e7\u00e3o no Complexo do Alem\u00e3o, no Rio de Janeiro. O livro tem como mat\u00e9ria-prima um conjunto de pesquisas de campo realizadas por pesquisadores e professores universit\u00e1rios de diversas institui\u00e7\u00f5es \u2013 al\u00e9m do Ipea, a Universidade Federal do Rio de Janeiro (UFRJ), a Funda\u00e7\u00e3o Oswaldo Cruz (Fiocruz), a Universidade Federal Fluminense (UFF), o Instituto de Estudos Sociais e Pol\u00edticos da Universidade do Estado do Rio de Janeiro (Iesp\/Uerj), a Universidade de S\u00e3o Paulo (USP) e a Universidade Federal Rural do Rio de Janeiro (UFRRJ).<\/span><\/p>\n<p><span style=\"color: #000000;\">Pesquisadores destas institui\u00e7\u00f5es participaram dos encontros organizados pelo Instituto Ra\u00edzes em Movimento de 2011 a 2015. J\u00e1 a equipe de pesquisa do Ipea chegou em 2010, antes da ocupa\u00e7\u00e3o policial no Alem\u00e3o. \u201cUtilizo os resultados das pesquisas que coordenei no \u00e2mbito do Ipea sobre o hist\u00f3rico fundi\u00e1rio e a mem\u00f3ria dos moradores da \u00e1rea. Ao longo do texto, procuro identificar os arranjos institucionais que viabilizaram as interven\u00e7\u00f5es do Estado para a urbaniza\u00e7\u00e3o das favelas da regi\u00e3o, at\u00e9 a sua defini\u00e7\u00e3o como um bairro, destacando o papel das associa\u00e7\u00f5es de moradores\u201d, descreve Imanishi. Segundo ela, o trabalho tem foco no papel das interven\u00e7\u00f5es governamentais no processo hist\u00f3rico de constru\u00e7\u00e3o das favelas que hoje fazem parte do Complexo do Alem\u00e3o.<\/span><\/p>\n<p><span style=\"color: #003366;\">Fonte: Assessoria de Imprensa IPEA\u00a0<\/span><\/p>\n<p>&nbsp;<\/p>\n","protected":false},"excerpt":{"rendered":"<p>Embasada em pesquisa de campo, obra trata de pol\u00edticas p\u00fablicas, assentamentos prec\u00e1rios, PAC, UPPs e outras interven\u00e7\u00f5es governamentais O Ipea lan\u00e7a a publica\u00e7\u00e3o Vida Social e Pol\u00edtica nas Favelas na pr\u00f3xima quinta-feira (30), em uma roda de conversa com autores e convidados sobre n\u00facleos de pesquisa, documenta\u00e7\u00e3o e mem\u00f3ria em espa\u00e7os populares, \u00e0s 16h, na [&hellip;]<\/p>\n","protected":false},"author":1,"featured_media":0,"comment_status":"open","ping_status":"open","sticky":false,"template":"","format":"standard","meta":{"_uag_custom_page_level_css":"","footnotes":""},"categories":[27],"tags":[2537,3597,5092,6388,8561,10375,10534,12030,12037,12038,12114,12123,12166],"class_list":["post-2347","post","type-post","status-publish","format-standard","hentry","category-acontece","tag-complexo-do-alemao","tag-dia-30","tag-fiocruz","tag-ipea","tag-pac","tag-rio-de-janeiro","tag-rute-imanishi-tecnica-de-planejamento-e-pesquisa-do-ipea","tag-uff","tag-ufrj","tag-ufrrj","tag-upps","tag-urbanizacao-das-favelas","tag-usp"],"blocksy_meta":[],"spectra_blocks_featured_image_url":null,"spectra_blocks_author_info":{"display_name":"Jornal da Constru\u00e7\u00e3o Civil","avatar_url":"https:\/\/secure.gravatar.com\/avatar\/973c9774fd44ddaceb026973c4962faa70fc512bc4c9da68e8ebb40fecee6540?s=96&d=mm&r=g","author_link":"https:\/\/construcaocivil.siriusmarketingedesign.com.br\/?author=1","description":"Desde de 2013, levando muitas informa\u00e7\u00f5es, lan\u00e7amentos e produtos de qualidade para toda cadeia produtiva da constru\u00e7\u00e3o. O Futuro da constru\u00e7\u00e3o passa por aqui,"},"uagb_featured_image_src":{"full":false,"thumbnail":false,"medium":false,"medium_large":false,"large":false,"1536x1536":false,"2048x2048":false},"uagb_author_info":{"display_name":"Jornal da Constru\u00e7\u00e3o Civil","author_link":"https:\/\/construcaocivil.siriusmarketingedesign.com.br\/?author=1"},"uagb_comment_info":0,"uagb_excerpt":"Embasada em pesquisa de campo, obra trata de pol\u00edticas p\u00fablicas, assentamentos prec\u00e1rios, PAC, UPPs e outras interven\u00e7\u00f5es governamentais O Ipea lan\u00e7a a publica\u00e7\u00e3o Vida Social e Pol\u00edtica nas Favelas na pr\u00f3xima quinta-feira (30), em uma roda de conversa com autores e convidados sobre n\u00facleos de pesquisa, documenta\u00e7\u00e3o e mem\u00f3ria em espa\u00e7os populares, \u00e0s 16h, na&hellip;","_links":{"self":[{"href":"https:\/\/construcaocivil.siriusmarketingedesign.com.br\/index.php?rest_route=\/wp\/v2\/posts\/2347","targetHints":{"allow":["GET"]}}],"collection":[{"href":"https:\/\/construcaocivil.siriusmarketingedesign.com.br\/index.php?rest_route=\/wp\/v2\/posts"}],"about":[{"href":"https:\/\/construcaocivil.siriusmarketingedesign.com.br\/index.php?rest_route=\/wp\/v2\/types\/post"}],"author":[{"embeddable":true,"href":"https:\/\/construcaocivil.siriusmarketingedesign.com.br\/index.php?rest_route=\/wp\/v2\/users\/1"}],"replies":[{"embeddable":true,"href":"https:\/\/construcaocivil.siriusmarketingedesign.com.br\/index.php?rest_route=%2Fwp%2Fv2%2Fcomments&post=2347"}],"version-history":[{"count":0,"href":"https:\/\/construcaocivil.siriusmarketingedesign.com.br\/index.php?rest_route=\/wp\/v2\/posts\/2347\/revisions"}],"wp:attachment":[{"href":"https:\/\/construcaocivil.siriusmarketingedesign.com.br\/index.php?rest_route=%2Fwp%2Fv2%2Fmedia&parent=2347"}],"wp:term":[{"taxonomy":"category","embeddable":true,"href":"https:\/\/construcaocivil.siriusmarketingedesign.com.br\/index.php?rest_route=%2Fwp%2Fv2%2Fcategories&post=2347"},{"taxonomy":"post_tag","embeddable":true,"href":"https:\/\/construcaocivil.siriusmarketingedesign.com.br\/index.php?rest_route=%2Fwp%2Fv2%2Ftags&post=2347"}],"curies":[{"name":"wp","href":"https:\/\/api.w.org\/{rel}","templated":true}]}}